{"id":13507,"date":"2016-09-09T16:25:12","date_gmt":"2016-09-09T14:25:12","guid":{"rendered":"http:\/\/www.infosadowne.boo.pl\/?p=13507"},"modified":"2020-04-24T16:07:33","modified_gmt":"2020-04-24T14:07:33","slug":"dziewczyna-szarym-mundurze","status":"publish","type":"post","link":"https:\/\/info.sadowne.pl\/?p=13507","title":{"rendered":"Dziewczyna w szarym mundurze&#8230;"},"content":{"rendered":"<p style=\"text-align: justify;\"><strong><img loading=\"lazy\" decoding=\"async\" class=\"alignleft size-thumbnail wp-image-13508\" src=\"http:\/\/www.info.sadowne.pl\/wp-content\/uploads\/2016\/09\/2016.09.09.1-180x130.jpg\" alt=\"2016-09-09-1\" width=\"180\" height=\"130\" \/>9 wrze\u015bnia 1939 roku\u2026.<\/strong><!--more--><\/p>\n<p style=\"text-align: right;\">Mia\u0142 na piersi szary krzy\u017c<br \/>\nI zaledwie 10 lat<br \/>\nBy\u0142 harcerzem tak jak my<br \/>\nI tak samo kocha\u0142 \u015bwiat<\/p>\n<p style=\"text-align: right;\">Dzi\u015b szybuje po\u015br\u00f3d chmur\u00a0 [\u2026]<\/p>\n<p style=\"text-align: right;\">Bo po\u015bwi\u0119ci\u0142 m\u0142ode \u017cycie<br \/>\nWalcz\u0105c w szarych szeregach<br \/>\nWielu takich jest harcerzy<br \/>\nSzybuj\u0105cych u wr\u00f3t nieba [\u2026]<\/p>\n<p style=\"text-align: right;\">Nie zobacz\u0105 swoich dzieci<br \/>\nLecz pami\u0119ta\u0107 o nich b\u0119d\u0105<br \/>\nO swych m\u0142odych bohaterach<br \/>\nOwianych smutna legend\u0105<\/p>\n<p style=\"text-align: right;\"><em>tekst: Piotr \u0141upina<\/em><\/p>\n<p style=\"text-align: justify;\">\u201eM\u0142oda dziewczyna prawdopodobnie przyjecha\u0142a na wakacje do znajomych lub rodziny do Sadownego. I tutaj zastaje j\u0105 wojna. 9 wrze\u015bnia 1939 roku, w Sadownem pojawiaj\u0105 si\u0119 niemieckie wojska, kt\u00f3re napotykaj\u0105 zaci\u0119ty op\u00f3r polskich \u017co\u0142nierzy. W polskich okopach pomi\u0119dzy \u017co\u0142nierzami m\u0142oda dziewczyna w szarym mundurze\u2026\u201d opowiada zgromadzonym przy grobie harcerzom Janusz Bru\u015bk, sadowianin, pasjonat historii.<\/p>\n<p style=\"text-align: justify;\">W s\u0142u\u017cbie Ojczyzny polegli w\u00f3wczas nie tylko \u017co\u0142nierze. Swoj\u0105 najwi\u0119ksz\u0105 ofiar\u0119 \u2013 \u017cycie, z\u0142o\u017cy\u0142a r\u00f3wnie\u017c Maryla Krajewska, harcerka, kt\u00f3ra zgin\u0119\u0142a 9 wrze\u015bnia pami\u0119tnego roku, pomagaj\u0105c \u017co\u0142nierzom broni\u0105cym Sadownego.<\/p>\n<p style=\"text-align: justify;\">W rocznic\u0119 \u015bmierci 123 DH W\u0142\u00f3czykije z\u0142o\u017cy\u0142a ho\u0142d poleg\u0142ym w walce o wolno\u015b\u0107 Sadownego, sk\u0142adaj\u0105c kwiaty i zapalaj\u0105c symboliczny znicz na grobie Maryli Krajewskiej oraz grobie \u017co\u0142nierzy, z\u0142o\u017conych na sadowie\u0144skim cmentarzu.<\/p>\n<p style=\"text-align: justify;\">By\u0142 z nami pan Janusz, kt\u00f3ry opowiada\u0142 o wydarzeniach, kt\u00f3re mia\u0142y miejsce w Sadownem w pierwszych dniach II Wojny \u015awiatowej. Dzi\u0119kujemy za t\u0119 wyj\u0105tkow\u0105 lekcj\u0119 historii.<\/p>\n<p style=\"text-align: justify;\"><a href=\"https:\/\/photos.app.goo.gl\/GYoJGRD3FJT91KjeA\" target=\"_blank\" rel=\"noopener noreferrer\"><span style=\"color: #0000ff;\"><strong>Zdj\u0119cia w galerii Google&gt;&gt;&gt;<\/strong><\/span><\/a><\/p>\n<p style=\"text-align: justify;\"><strong>Sylwia Ilczuk<\/strong><\/p>\n","protected":false},"excerpt":{"rendered":"<p>9 wrze\u015bnia 1939 roku\u2026.<\/p>\n","protected":false},"author":1,"featured_media":0,"comment_status":"open","ping_status":"closed","sticky":false,"template":"","format":"standard","meta":{"footnotes":""},"categories":[5,1670,1752],"tags":[1937,1515,2163,361],"class_list":["post-13507","post","type-post","status-publish","format-standard","hentry","category-newsy","category-druzyna-harcerska-wloczykije","category-edukacja","tag-123-druzyna-harcerska-wloczykije-w-sadownem","tag-bitwa-o-sadowne","tag-maryla-krajewska","tag-sylwia-ilczuk"],"views":3570,"_links":{"self":[{"href":"https:\/\/info.sadowne.pl\/index.php?rest_route=\/wp\/v2\/posts\/13507","targetHints":{"allow":["GET"]}}],"collection":[{"href":"https:\/\/info.sadowne.pl\/index.php?rest_route=\/wp\/v2\/posts"}],"about":[{"href":"https:\/\/info.sadowne.pl\/index.php?rest_route=\/wp\/v2\/types\/post"}],"author":[{"embeddable":true,"href":"https:\/\/info.sadowne.pl\/index.php?rest_route=\/wp\/v2\/users\/1"}],"replies":[{"embeddable":true,"href":"https:\/\/info.sadowne.pl\/index.php?rest_route=%2Fwp%2Fv2%2Fcomments&post=13507"}],"version-history":[{"count":2,"href":"https:\/\/info.sadowne.pl\/index.php?rest_route=\/wp\/v2\/posts\/13507\/revisions"}],"predecessor-version":[{"id":23190,"href":"https:\/\/info.sadowne.pl\/index.php?rest_route=\/wp\/v2\/posts\/13507\/revisions\/23190"}],"wp:attachment":[{"href":"https:\/\/info.sadowne.pl\/index.php?rest_route=%2Fwp%2Fv2%2Fmedia&parent=13507"}],"wp:term":[{"taxonomy":"category","embeddable":true,"href":"https:\/\/info.sadowne.pl\/index.php?rest_route=%2Fwp%2Fv2%2Fcategories&post=13507"},{"taxonomy":"post_tag","embeddable":true,"href":"https:\/\/info.sadowne.pl\/index.php?rest_route=%2Fwp%2Fv2%2Ftags&post=13507"}],"curies":[{"name":"wp","href":"https:\/\/api.w.org\/{rel}","templated":true}]}}