{"id":13560,"date":"2016-09-18T16:00:05","date_gmt":"2016-09-18T14:00:05","guid":{"rendered":"http:\/\/www.infosadowne.boo.pl\/?p=13560"},"modified":"2017-07-21T19:27:12","modified_gmt":"2017-07-21T17:27:12","slug":"w-krainie-swierkow","status":"publish","type":"post","link":"https:\/\/info.sadowne.pl\/?p=13560","title":{"rendered":"&#8222;W krainie \u015bwierk\u00f3w&#8221;"},"content":{"rendered":"<p style=\"text-align: justify;\"><strong><img loading=\"lazy\" decoding=\"async\" class=\"alignleft size-thumbnail wp-image-13561\" src=\"http:\/\/www.info.sadowne.pl\/wp-content\/uploads\/2016\/09\/2016.09.18.1-180x130.jpg\" alt=\"???????????????????????????????\" width=\"180\" height=\"130\" \/>Ciekaw\u0105 tras\u0119 ca\u0142odniowej, pieszej wycieczki proponuje podr\u00f3\u017cnik \u201egajowy771\u201d. Jej pocz\u0105tek to Stacja PKP Sadowne i has\u0142o przewodnie: \u201eW krainie \u015bwierk\u00f3w\u201d.<\/strong><!--more--><\/p>\n<p style=\"text-align: justify;\"><strong>\u201eW KRAINIE \u015aWIERK\u00d3W\u201d<\/strong><\/p>\n<p style=\"text-align: justify;\"><strong>PKP Sadowne W\u0119gr. \u2013 Kules- Sadowne \u2013 Mokry Jegiel\u00a0\u00a0&#8211; Drak \u2013 Bogackie G\u00f3ry \u2013 PKP Sadowne W\u0119gr., bez znak\u00f3w, 16,7 km.<\/strong><\/p>\n<p style=\"text-align: justify;\">R\u00f3wnie fascynuj\u0105cego szlaku w tym zak\u0105tku Mazowsza chyba nie ma. Wiedzie on przez otwarte piaszczyska, pot\u0119\u017cne wydmy i bajkowej urody bory \u015bwierkowe oraz ostoj\u0119 zagro\u017conych wygini\u0119ciem ptak\u00f3w, przywodz\u0105c na my\u015bl klimat przepastnej tajgi (szczeg\u00f3lnie przy o\u015bnie\u017ceniu). Teren wymarzony dla narciarstwa biegowego i rower\u00f3w g\u00f3rskich. Niewielki dystans i okr\u0119\u017cny charakter obliguj\u0105 do przebycia tej trasy chocia\u017c raz. Atrakcyjny szlak na ca\u0142y rok; doskona\u0142y dojazd kolej\u0105.<\/p>\n<p style=\"text-align: justify;\"><strong>0.0.<\/strong> Pocz\u0105tek trasy na stacji <strong>PKP Sadowne W\u0119growskie<\/strong> (skomunikowane autobusy PKS z W\u0119growa). Zaczyna si\u0119 tu tak\u017ce szlak 10 do Rezerwatu Czaplowizna i 15 &#8211; do Starejwsi (w lasy Miedzy\u0144skie).<\/p>\n<p style=\"text-align: justify;\">\u00a0<em>Zaraz za stacj\u0105<\/em>\u00a0<em>przy szosie do Lipek i Sok\u00f3\u0142ki ro\u015bnie zabytkowa\u00a0<span style=\"text-decoration: underline;\">sosna o ods\u0142oni\u0119tych korzeniach <\/span>&#8211; \u201eSzczudlak\u201d.\u00a0<\/em><\/p>\n<div id=\"attachment_13562\" style=\"width: 190px\" class=\"wp-caption alignright\"><a href=\"http:\/\/www.info.sadowne.pl\/wp-content\/uploads\/2016\/09\/2016.09.18.2.jpg\" target=\"_blank\" rel=\"noopener noreferrer\"><img loading=\"lazy\" decoding=\"async\" aria-describedby=\"caption-attachment-13562\" class=\"wp-image-13562 size-thumbnail\" src=\"http:\/\/www.info.sadowne.pl\/wp-content\/uploads\/2016\/09\/2016.09.18.2-180x130.jpg\" alt=\"2016-09-18-2\" width=\"180\" height=\"130\" \/><\/a><p id=\"caption-attachment-13562\" class=\"wp-caption-text\">To nie \u0141eba, nie Sahara, tylko Kules!<\/p><\/div>\n<p style=\"text-align: justify;\">Wyruszamy wzd\u0142u\u017c tor\u00f3w na p\u0142d-zach. (za zn. czerwonymi) do przejazdu kolejowego. Za budynkiem nastawni odga\u0142\u0119zia si\u0119 600-metrowa <span style=\"text-decoration: underline;\">\u015bcie\u017cka dydaktyczna<\/span>\u00a0do\u00a0uroczyska <strong>Kules\u00a0(u\u017cytek ekologiczny)<\/strong> &#8211;\u00a0w lewo.<em>\u00a0<\/em><\/p>\n<p style=\"text-align: justify;\"><em>S\u0105 to dawne bagna i olsy wci\u015bni\u0119te mi\u0119dzy wa\u0142 wydmowy; silnie zakwaszone i zarastaj\u0105ce jeziorko dystroficzne s\u0105siaduje z mini pustyni\u0105 dawnego wyrobiska cegielni. W u\u017cytku przewa\u017caj\u0105 bory bagienne i mszary z \u017curawin\u0105 i \u0142ochyni\u0105. Ostoja \u0142osi, dzik\u00f3w, kobuza, \u017curawia, bekas\u00f3w, cyraneczki, wodnika, rzadkich gatunk\u00f3w motyli.<\/em><\/p>\n<div id=\"attachment_13563\" style=\"width: 190px\" class=\"wp-caption alignleft\"><a href=\"http:\/\/www.info.sadowne.pl\/wp-content\/uploads\/2016\/09\/2016.09.18.3.jpg\" target=\"_blank\" rel=\"noopener noreferrer\"><img loading=\"lazy\" decoding=\"async\" aria-describedby=\"caption-attachment-13563\" class=\"wp-image-13563 size-thumbnail\" src=\"http:\/\/www.info.sadowne.pl\/wp-content\/uploads\/2016\/09\/2016.09.18.3-180x130.jpg\" alt=\"2016-09-18-3\" width=\"180\" height=\"130\" \/><\/a><p id=\"caption-attachment-13563\" class=\"wp-caption-text\">A to le\u015bne morze<\/p><\/div>\n<p style=\"text-align: justify;\">Idziemy widnym borem (szpaler brz\u00f3z) wzd\u0142u\u017c\u00a0torfowiska (w prawo miejsce widokowe przy tablicy). Przy zr\u0119bie w prawo, nast\u0119pnie mo\u017cna wyj\u015b\u0107 na fascynuj\u0105ce otwarte piaszczyska, zarastaj\u0105ce sosenkami z przywianych nasion. W dali kominy cegielni, eksploatuj\u0105cej surowiec z wydmy. Za zr\u0119bem w lesie po lewej nale\u017cy skr\u0119ci\u0107 w m\u0142odniki (mylnie) i kierowa\u0107 si\u0119 do kraw\u0119dzi urwiska. Z jego szczytu widok na \u201ezielone morze\u201d m\u0142odnik\u00f3w porastaj\u0105cych kotlin\u0119 starego wyrobiska. Tutaj kraniec pod\u0142u\u017cnego zr\u0119bu i przecinka wiod\u0105ca w d\u00f3\u0142 (ku pn.).<\/p>\n<div id=\"attachment_13564\" style=\"width: 190px\" class=\"wp-caption alignright\"><a href=\"http:\/\/www.info.sadowne.pl\/wp-content\/uploads\/2016\/09\/2016.09.18.6.jpg\" target=\"_blank\" rel=\"noopener noreferrer\"><img loading=\"lazy\" decoding=\"async\" aria-describedby=\"caption-attachment-13564\" class=\"wp-image-13564 size-thumbnail\" src=\"http:\/\/www.info.sadowne.pl\/wp-content\/uploads\/2016\/09\/2016.09.18.6-180x130.jpg\" alt=\"2016-09-18-6\" width=\"180\" height=\"130\" \/><\/a><p id=\"caption-attachment-13564\" class=\"wp-caption-text\">\u0141adnie zaczyna si\u0119 Sadowne<\/p><\/div>\n<p style=\"text-align: justify;\"><strong>1.9.<\/strong> <strong>Uroczysko Krogulec<\/strong>,\u00a0ponownie pod g\u00f3r\u0119, przecinaj\u0105c zn. czerwone (do tego miejsca mo\u017cna doj\u015b\u0107 z pomini\u0119ciem urocz. Kules &#8211; szl.10). Schodzimy wzd\u0142u\u017c nowin, mijaj\u0105c w pi\u0119knym borze poprzeczne przecinki. Dukt odchyla si\u0119 w lewo przed zagajnikami. Dochodzimy do szosy, wzd\u0142u\u017c kt\u00f3rej na p\u00f3\u0142noc do skrzy\u017cowania szos, tablicy informacyjnej parku krajobrazowego i przyst. PKS. Kierujemy si\u0119 w prawo (na p\u0142n-wsch.) do pierwszych zabudowa\u0144 Sadownego \u2013 Ku\u017anicy. Zaraz za rozdro\u017cem mijamy drewniany dom z gankiem (\u201eHarenda\u201d). Po 400 m od przystanku w praw\u0105, gruntow\u0105 drog\u0119, obok lasu do przychodni i telefonu (lub prosto i przy szkole w prawo).<\/p>\n<p style=\"text-align: justify;\"><strong>4.3.<\/strong>\u00a0<strong>Sadowne\u00a0\u2013 Ku\u017anica<\/strong>. Sadowne jest \u201estolic\u0105\u201d \u201emikroregionu\u201d sadowie\u0144skiego.<\/p>\n<p style=\"text-align: justify;\"><em>Wie\u015b Sadowne wchodzi\u0142a w sk\u0142ad d\u00f3br ra\u017anie\u0144skich, stanowi\u0105cych od 1404 roku uposa\u017cenie Kapitu\u0142y Kolegiaty Warszawskiej \u015bw. Jana Chrzciciela (od 1434 do 1795). Lasy na miejscu dzisiejszej wsi zacz\u0119to karczowa\u0107 w 1514 roku, parafi\u0119 erygowano 10 lat p\u00f3\u017aniej. Zak\u0142adanie osady na tzw. \u201esurowym korzeniu\u201d sz\u0142o mozolnie z powodu g\u0119stych, bagnistych puszcz, stawiaj\u0105cych op\u00f3r trzebie\u017cy. Pionier osadnictwa mianowany zostawa\u0142 przez ksi\u0119cia w\u00f3jtem i dobiera\u0142 ch\u0119tnych do przygotowywania p\u00f3l. Okres osiedlania zwa\u0142 si\u0119 \u201ewol\u0105\u201d, bowiem gospodarze byli w\u00f3wczas na 20 lat zwolnieni z daniny i pos\u0142ug. Rodzina by\u0142a w stanie rocznie wykarczowa\u0107 p\u00f3\u0142 morgi. W Ku\u017anicy (dawniej: Kowalewskie) istnia\u0142 niegdy\u015b piec do wytopu \u017celaza z rud darniowych, nap\u0119dzany w\u0119glem drzewnym i wod\u0105. Wraz z dymarkami i piecami zw\u0119glaj\u0105cymi tworzy\u0142 ku\u017ani\u0119, w kt\u00f3rej wykuwano lemiesze, brony, osie i gwo\u017adzie.<\/em><\/p>\n<p style=\"text-align: justify;\"><em>Najstarsze wsie okolicy Ra\u017cny i Morzyczyn istnia\u0142y ju\u017c najpewniej w XII w. Z pasa nadbrze\u017cnego osadnicy mazowieccy przenikali w g\u0142\u0105b puszczy tworz\u0105c szereg wsi. Tu te\u017c spotkali ruski pr\u0105d osadniczy, pr\u0105cy w d\u00f3\u0142 Bugu. Puszcza by\u0142a w\u0142asno\u015bci\u0105 ksi\u0119cia, potem kapitu\u0142y warszawskiej. Ch\u0142opi mieli tu lepsze warunki, ksi\u0119\u017ca woleli zamiast pa\u0144szczyzny czynsz i op\u0142aty w produktach rolnych (st\u0105d niewielka ilo\u015b\u0107 folwark\u00f3w).W 1527 roku Sadowne liczy\u0142o 115 mieszka\u0144c\u00f3w, w 1564 r. by\u0142o ju\u017c 225 mieszka\u0144c\u00f3w, by po wybuchu epidemii morowego powietrza w 1583 roku, liczba os\u00f3b zamieszka\u0142ych w Sadownem spad\u0142a do 80 os\u00f3b. Kolejne mia\u0142y miejsce w latach 1657-1663, 1681-1685 oraz 1706-1709. Dopiero pod koniec XVIII w. zaludnienie regionu sadowie\u0144skiego zacz\u0119\u0142o wyra\u017anie wzrasta\u0107. Proboszcz parafii Sadowne ks. S. Ob\u0142oza zapisa\u0142 w swojej kronice parafialnej w oparciu o nieistniej\u0105ce ju\u017c dzi\u015b akta ko\u015bcielne, \u017ce oko\u0142o 1680 roku kapitu\u0142a sprowadza\u0142a na teren swoich d\u00f3br nowych osadnik\u00f3w do karczowania zaro\u015bli i las\u00f3w. Od 1758 r. pojawi\u0142a si\u0119 w ksi\u0119dze chrzt\u00f3w Ku\u017anica, nazwana najpierw Kowalewskiem.\u00a0<\/em><\/p>\n<p style=\"text-align: justify;\"><em>W 1797 r. po III rozbiorze Polski region sadowie\u0144ski dosta\u0142 si\u0119 pod panowanie Austrii, za\u015b tereny za Bugiem by\u0142y pod panowaniem Prus, od 1809 do 1812 r. Ksi\u0119stwa Warszawskiego, od 1815 r. Kr\u00f3lestwa Polskiego. Od roku 1821 region sadowie\u0144ski nale\u017ca\u0142 do posiad\u0142o\u015bci Stanis\u0142awa Zamojskiego, kt\u00f3ry w 1824 r. odst\u0105pi\u0142 swe dobra synowi Andrzejowi Zamojskiemu. Nowy w\u0142a\u015bciciel chcia\u0142 zas\u0142yn\u0105\u0107 z post\u0119powych sposob\u00f3w gospodarowania, dlatego w tym celu \u015bci\u0105ga\u0142 Niemc\u00f3w kolonist\u00f3w, kt\u00f3rzy karczowali i osuszali niezagospodarowane jeszcze lasy i mokrad\u0142a w p\u00f3\u0142nocnej cz\u0119\u015bci regionu sadowie\u0144skiego. Zasiedli\u0142 te\u017c nimi podupad\u0142e wsie Oci\u0119te, Sadole\u015b. Koloni\u015bci zbudowali w P\u0142atkownicy w\u0142asny ko\u015bci\u00f3\u0142 (by\u0142a to Kircha Ewangelicka). Utrzymywali oni te\u017c domy modlitwy po\u0142\u0105czone z izbami szkolnymi. W czasie powstania<\/em> <em>styczniowego koloni\u015bci zm\u00f3wili si\u0119 z Rosjanami i ostrzeliwali z ich broni polskich powsta\u0144c\u00f3w. Ludno\u015b\u0107 niemiecka opu\u015bci\u0142a region sadowie\u0144ski w czasie ostatniej wojny \u015bwiatowej, przesiedlona przez w\u0142adze hitlerowskie w grudniu 1939 r., a \u017bydzi zostali ca\u0142kowicie zg\u0142adzeni w pobliskiej Treblince.<\/em><\/p>\n<p style=\"text-align: justify;\"><em>Zamojski oszukiwa\u0142 ch\u0142op\u00f3w zawy\u017caj\u0105c im czynsz, mimo \u017ce warunki gospodarowania by\u0142y gorsze ni\u017c w innych cz\u0119\u015bciach kraju. Nic dziwnego, \u017ce w 1864r. w\u0142o\u015bcianie w P\u0142atkownicy i w Sadownem wystawili pomnik wdzi\u0119czno\u015bci za uw\u0142aszczenie z tablicami metalowymi: \u201cNa pami\u0105tk\u0119 uw\u0142aszczenia w\u0142o\u015bcian dnia 14 lutego\/2 marca 1864 r. w\u0142o\u015bcianie gminy P\u0142atkownica Bogu na chwa\u0142\u0119 Monarsze Aleksandrowi II na szczer\u0105 pami\u0105tk\u0119 ten pomnik wynie\u015bli dnia 19 lutego\/2 marca 1867 r.\u201d P\u00f3\u017aniej pod koniec I wojny \u015bwiatowej tablice pousuwano i pomnik przerobiono: w Sadownem na pomnik Ko\u015bciuszki z napisem: \u201cTadeuszowi Ko\u015bciuszce w setn\u0105 rocznic\u0119 1817 \u2013 1917 Rodacy\u201d.\u00a0\u00a01891 r. mia\u0142a miejsce budowa linii kolejowej Warszawa-Petersburg oraz szosy Ostr\u00f3w Maz. \u2013 Mi\u0144sk Maz. co przyczyni\u0142o si\u0119 do rozwoju gospodarczego i kulturalnego regionu. Wojny spowodowa\u0142y w rejonie sadowie\u0144skim wiele zniszcze\u0144 i wyzysk gospodarczy oraz masakry ludno\u015bci za pomoc \u017co\u0142nierzom radzieckim, zbieg\u0142ym z obozu je\u0144c\u00f3w wojennych w Ostr\u00f3wku, za udzia\u0142 w oporze i konspiracji, za pomoc ukrywaj\u0105cym si\u0119 \u017bydom, za udzia\u0142 w partyzantce, itp. (Grabiny, 9 IX 1939, III 1943, Wilczog\u0119by VI 1943 masakra akowc\u00f3w za podj\u0119cie zrzutu broni). Ofiar\u0105 niemieckich i radzieckich podpalaczy pad\u0142y: Ko\u0142odzi\u0105\u017c, Zieleniec, Sadowne, Ra\u017cny i Wilczog\u0119by.<\/em><\/p>\n<p style=\"text-align: justify;\"><em>Wsp\u00f3\u0142cze\u015bnie Sadowne jest siedzib\u0105 gminy, lokalnym centrum us\u0142ugowym. Przy ul. Ko\u015bciuszki 74 (szko\u0142a) w miar\u0119 mo\u017cliwo\u015bci warto zwiedzi\u0107\u00a0<span style=\"text-decoration: underline;\">Muzeum Ziemi Sadowie\u0144skiej<\/span>, prezentuj\u0105ce wyposa\u017ceniu domu ch\u0142opskiego, meble, sprz\u0119t rolniczy dawny, kolekcj\u0119 ligawek (pasterskie, podlaskie instrumenty muzyczne w formie d\u0142ugich tr\u0105b &#8211; rur) oraz zbiory dotycz\u0105ce ostatniej wojny. Na\u00a0<span style=\"text-decoration: underline;\">cmentarzu<\/span>\u00a0groby i pomnik 51 \u017co\u0142nierzy 33 DP poleg\u0142ych 9.IX.1939; gr\u00f3b siostry Marii Konopnickiej oraz aleja d\u0119b\u00f3w o wymiarach od 185 cm do 385 cm i wysoko\u015bci 15-26 metr\u00f3w (1km od szko\u0142y). Drewniana plebania z 1825 roku.<\/em><\/p>\n<p style=\"text-align: justify;\"><em>Sadowne to tak\u017ce gmina \u201ebociania\u201d. Mnogo\u015b\u0107 \u017cerowisk w postaci podmok\u0142ych \u0142\u0105k sprawi\u0142o, \u017ce gniazduje tu a\u017c 120 par swojskich \u201ewojtk\u00f3w\u201d, jak zwie bociany lud. Pami\u0119tajmy, \u017ce zobaczenie pierwszego bociana wiosn\u0105 w locie gwarantuje pomy\u015blno\u015b\u0107! W Polsce bocian cieszy si\u0119 jeszcze powszechnym szacunkiem, s\u0142u\u017cymy mu ochron\u0105 i pomoc\u0105 (w zak\u0142adaniu gniazd uczestniczy nawet stra\u017c po\u017carna), ale z drugiej strony bezmy\u015blnie niszczy si\u0119 jego \u017cerowiska osuszaniem, wypalaniem i chemizacj\u0105.\u00a0<\/em><\/p>\n<div id=\"attachment_13565\" style=\"width: 190px\" class=\"wp-caption alignleft\"><a href=\"http:\/\/www.info.sadowne.pl\/wp-content\/uploads\/2016\/09\/2016.09.18.4.jpg\" target=\"_blank\" rel=\"noopener noreferrer\"><img loading=\"lazy\" decoding=\"async\" aria-describedby=\"caption-attachment-13565\" class=\"wp-image-13565 size-thumbnail\" src=\"http:\/\/www.info.sadowne.pl\/wp-content\/uploads\/2016\/09\/2016.09.18.4-180x130.jpg\" alt=\"2016-09-18-4\" width=\"180\" height=\"130\" \/><\/a><p id=\"caption-attachment-13565\" class=\"wp-caption-text\">Bujne \u017cycie porost\u00f3w<\/p><\/div>\n<p style=\"text-align: justify;\">Przy przychodni w prawo, szos\u0105 obok basenu, zaraz za kt\u00f3rym w lewo gruntow\u0105 drog\u0105 do lasu obok\u00a0le\u015bnicz\u00f3wki.\u00a0Na rozwidleniu lewym duktem do fenomenalnego starodrzewia sosnowego ze znacznym udzia\u0142em \u015bwierka. 400 m od rozwidlenia skrzy\u017cowanie.<\/p>\n<p style=\"text-align: justify;\"><strong>5.4.<\/strong> <strong>Syberia<\/strong>. W prawo, wygodn\u0105 przecink\u0105 przez pi\u0119kny rzadki b\u00f3r sosen masztowych. Zim\u0105 cieszy oczy trwa\u0142a ziele\u0144. Po 600 m, za zr\u0119bem i przecznic\u0105, na\u00a0\u00a0drugim zr\u0119bie w lewo ku p\u0142n-wsch, mijaj\u0105c \u015awierkow\u0105 Bram\u0119 i zr\u0105b z widokiem na pot\u0119\u017cne rami\u0119 wydmy \u0142ukowej (parabolicznej). Mijamy sko\u015bny dukt i skr\u0119camy w lewo, w po\u0142udnikow\u0105 przecink\u0119, id\u0105c teraz ku p\u00f3\u0142nocy. Woko\u0142o zwieraj\u0105 si\u0119 \u015bciany autentycznej tajgi. \u015acie\u017cka zanika, podmok\u0142y odcinek przekracza m\u0142odniki li\u015bciaste.<\/p>\n<div id=\"attachment_13566\" style=\"width: 190px\" class=\"wp-caption alignright\"><a href=\"http:\/\/www.info.sadowne.pl\/wp-content\/uploads\/2016\/09\/2016.09.18.5.jpg\" target=\"_blank\" rel=\"noopener noreferrer\"><img loading=\"lazy\" decoding=\"async\" aria-describedby=\"caption-attachment-13566\" class=\"wp-image-13566 size-thumbnail\" src=\"http:\/\/www.info.sadowne.pl\/wp-content\/uploads\/2016\/09\/2016.09.18.5-180x130.jpg\" alt=\"2016-09-18-5\" width=\"180\" height=\"130\" \/><\/a><p id=\"caption-attachment-13566\" class=\"wp-caption-text\">Chrobotki i porosty jak w tundrze<\/p><\/div>\n<p style=\"text-align: justify;\"><strong>7.1.<\/strong> <strong>Mokry Jegiel<\/strong>, pod\u0142u\u017cna wydma z uroczym m\u0142odnikiem, odgradzaj\u0105ca podmok\u0142e olsy. Mo\u017cna przej\u015b\u0107 si\u0119 dalej ku p\u00f3\u0142nocy przez bagna do Kana\u0142u Kacapskiego (0,5 km). Jest to teren o wybitnych warto\u015bciach przyrodniczych, chroniony w\u00a0<span style=\"text-decoration: underline;\">rezerwacie Mokry Jegiel\u00a0<\/span>(115 ha).<\/p>\n<p style=\"text-align: justify;\">Po\u0142udniowym zboczem wydmy m\u0142odnik\u00f3w (w prawo) wiedzie piaszczysty dukt, kt\u00f3rym maszerujemy do miejsca, gdzie przekracza on jej grzbiet. Teraz posuwamy si\u0119 grzbietem w\u015br\u00f3d starodrzewia i ja\u0142owc\u00f3w do g\u0142\u0119bokiego przekopu (prze\u0142\u0119cz Jamajska, krzywy \u015bwierk). Na po\u0142udnie od niego skrzy\u017cowanie: tu w lewo, chwil\u0119 mi\u0119dzy wydmami ku wsch., za\u015b przed rozdro\u017cem i zr\u0119bem stoku w prawo &#8211; wdrapujemy si\u0119 \u015bcie\u017cynk\u0105 po stoku na grzbiet wydmy. Bezdro\u017cem, w pobli\u017cu kraw\u0119dzi wydmy zataczamy \u0142uk ponad \u015bwierkowym lasem, id\u0105c do szczytu i poprzecznej drogi.<\/p>\n<div id=\"attachment_13567\" style=\"width: 190px\" class=\"wp-caption alignleft\"><a href=\"http:\/\/www.info.sadowne.pl\/wp-content\/uploads\/2016\/09\/2016.09.18.7.jpg\" target=\"_blank\" rel=\"noopener noreferrer\"><img loading=\"lazy\" decoding=\"async\" aria-describedby=\"caption-attachment-13567\" class=\"wp-image-13567 size-thumbnail\" src=\"http:\/\/www.info.sadowne.pl\/wp-content\/uploads\/2016\/09\/2016.09.18.7-180x130.jpg\" alt=\"2016-09-18-7\" width=\"180\" height=\"130\" \/><\/a><p id=\"caption-attachment-13567\" class=\"wp-caption-text\">A to tarasy uprawne na Jawie\u2026<\/p><\/div>\n<p style=\"text-align: justify;\"><strong>8.5.<\/strong> <strong>Wynios\u0142a\u00a0Kurza Grz\u0119da<\/strong>, pi\u0119knie uformowana parabola wydmowa. Grz\u0119dami zwano g\u00f3ruj\u0105ce nad bagnami wa\u0142y wydmowe, kurami za\u015b g\u0142uszce, kt\u00f3re kiedy\u015b odbywa\u0142y tu toki. Przed rozleg\u0142ym zr\u0119bem (z tarasowatymi grz\u0105dkami pod nowe sadzonki na zboczach wydm) w lewo przecink\u0105, opuszczaj\u0105c wydm\u0119 i znowu wznosz\u0105c si\u0119 lekko do polanki (dol. Ma\u0142ej \u0141\u0105ki). St\u0105d na ukos w lewo zaro\u015bni\u0119tym w po\u0142owie duktem szerszej poprzecznej drogi i prosto w g\u0142\u0105b g\u0119stego m\u0142odnika. Napotkan\u0105 szersz\u0105 przecink\u0105 w prawo konsekwentnie na pd.wsch. Kolejne pi\u0119kne zak\u0105tki ze \u015bwierkami.<\/p>\n<p style=\"text-align: justify;\"><em><span style=\"text-decoration: underline;\">\u015awierk pospolity<\/span><\/em><em>\u00a0dorasta 30-60 m, do\u017cywaj\u0105c wieku 150-350 lat. Potrafi osi\u0105gn\u0105\u0107 6 m obwodu pnia. Dojrzewa w wieku 30-40 lat (50-60 w zwarciu). Kwitnie w kwietniu i maju, nasiona wyfruwaj\u0105 ze zdrewnia\u0142ych szyszek od jesieni do wiosny, schodz\u0105c w optymalnych warunkach ju\u017c po 3 tygodniach. Do 15 roku \u015bwierk wolno ro\u015bnie. Daje mi\u0119kkie i \u017cywiczne drewno. Atakuje go kornik drukarz, niszcz\u0105 ocieraniem poro\u017ca m\u0142ode jelenie. Jest uczulony na zanieczyszczenia; potrzebuje cienia i wilgoci do wykie\u0142kowania, potem zaciemnia inne gatunki, rozpycha si\u0119 ga\u0142\u0119ziami, zabiera p\u0142ytkimi korzeniami sk\u0142adniki pokarmowe. Dla naszych przodk\u00f3w z racji swego majestatu by\u0142 \u015bwi\u0119tym drzewem. W mitologii wi\u0105za\u0142 si\u0119 z siedzibami driad, nimf s\u0142u\u017c\u0105cych Hermesowi. Przypisywano \u015bwierkowi w\u0142a\u015bciwo\u015bci wieszcze, m.in. wieszano wst\u0105\u017cki, ich odchylenie wskazywa\u0142o kierunek przybycia nieszcz\u0119\u015bcia. Trudno uwierzy\u0107, ale jeszcze w po\u0142owie XVIII wieku r\u00f3s\u0142 gdzie\u015b w Zakopanem lub w Tatrach \u201e\u015awi\u0119ty Smrek\u201d, obchodzony przez zabobonnych g\u00f3rali na kolanach i karmiony wyszukanymi darami. Na Podhalu sadzono \u015bwierk obok domu, bowiem odp\u0119dza\u0142 demony. Przed gontynami \u015awiatowida obnoszono wie\u0144ce \u015bwierkowe, za\u015b przy redyku baca zatyka\u0142 sobie u pasa ga\u0142\u0105zk\u0119. Wysoka wydajno\u015b\u0107 drewna \u015bwierkowego z hektara doprowadzi\u0142a do monokulturowych zalesie\u0144 w XIX w. Zagraniczne odmiany (przewa\u017cy\u0142y) \u017ale ros\u0142y, ulega\u0142y atakom opie\u0144ki. \u015awierczyny mocno zakwaszaj\u0105 gleb\u0119 butwin\u0105 i z trudem mo\u017cna wprowadzi\u0107 na ich miejsce gatunki li\u015bciaste.<\/em><\/p>\n<div id=\"attachment_13568\" style=\"width: 190px\" class=\"wp-caption alignright\"><a href=\"http:\/\/www.info.sadowne.pl\/wp-content\/uploads\/2016\/09\/2016.09.18.8.jpg\" target=\"_blank\" rel=\"noopener noreferrer\"><img loading=\"lazy\" decoding=\"async\" aria-describedby=\"caption-attachment-13568\" class=\"wp-image-13568 size-thumbnail\" src=\"http:\/\/www.info.sadowne.pl\/wp-content\/uploads\/2016\/09\/2016.09.18.8-180x130.jpg\" alt=\"2016-09-18-8\" width=\"180\" height=\"130\" \/><\/a><p id=\"caption-attachment-13568\" class=\"wp-caption-text\">W g\u0142\u0105b tajgi<\/p><\/div>\n<p style=\"text-align: justify;\">Przez zielony b\u00f3r sosnowo \u2013 \u015bwierkowy do po\u0142\u0105czenia z wyra\u017anym traktem; droga zwraca si\u0119 w lewo zataczaj\u0105c \u0142uki pod wydm\u0105. Po 800 m\u00a0trakt ko\u0144czy si\u0119 na szerszej drodze. Jest to jeden z promienistych trakt\u00f3w, wytyczonych z folwarku Zamojskich w Ko\u0142odzi\u0105\u017cu do ich rozleg\u0142ych d\u00f3br. W prawo chwil\u0119 do rozstaju przed torami.<\/p>\n<p style=\"text-align: justify;\"><strong>10.9.<\/strong>\u00a0<strong>Klin,\u00a0miejsce po rozebranej gaj\u00f3wce<\/strong>. Za torami po Prosty\u0144 ci\u0105gn\u0105 si\u0119 podmok\u0142e lasy, ostoje \u0142osi. W prawo, piaszczyst\u0105 Alej\u0105 Z\u00f3rz, odchodz\u0105c\u0105 wzd\u0142u\u017c tor\u00f3w przez m\u0142odniki, uroczo urozmaicone wrzosami.<\/p>\n<p style=\"text-align: justify;\"><strong>11.4.<\/strong> <strong>Hala Runek<\/strong>. Mozolnie podchodzimy na teren wydmowy, poro\u015bni\u0119ty kar\u0142owatym lasem, wyra\u017anie g\u00f3ruj\u0105cy nad okolic\u0105.<\/p>\n<div id=\"attachment_13569\" style=\"width: 190px\" class=\"wp-caption alignleft\"><a href=\"http:\/\/www.info.sadowne.pl\/wp-content\/uploads\/2016\/09\/2016.09.18.9.jpg\" target=\"_blank\" rel=\"noopener noreferrer\"><img loading=\"lazy\" decoding=\"async\" aria-describedby=\"caption-attachment-13569\" class=\"wp-image-13569 size-thumbnail\" src=\"http:\/\/www.info.sadowne.pl\/wp-content\/uploads\/2016\/09\/2016.09.18.9-180x130.jpg\" alt=\"2016-09-18-9\" width=\"180\" height=\"130\" \/><\/a><p id=\"caption-attachment-13569\" class=\"wp-caption-text\">Bogackie G\u00f3ry\u2026 a w portfelach bez zmian<\/p><\/div>\n<p style=\"text-align: justify;\"><strong>12.1.<\/strong> <strong>Wy\u017cyna. Szeroka<\/strong>, miejscami uci\u0105\u017cliwa Aleja Z\u00f3rz wiedzie widnymi borami suchymi, po prawej na wydmach; pobocza urozmaicone ciekawymi mchami i chrobotkiem.<\/p>\n<p style=\"text-align: justify;\"><strong>13.9.<\/strong> <strong>Sarnia G\u00f3ra<\/strong>, zbocze z m\u0142odnikami. Przed g\u0119stym zagajnikiem odbiega w lewo dukt, doprowadzaj\u0105cy nas do go\u015bci\u0144ca. Tu w prawo, obok zagr\u00f3d wsi Sadowne \u2013 Drak.<\/p>\n<p style=\"text-align: justify;\"><strong>14.5.<\/strong> Skr\u0119camy do mostu na <strong>Bojewce (Zbo\u017cowej Strudze)<\/strong>. Szos\u0105 100 m do skraju lasu, sk\u0105d ku p\u0142d. odchodzi przecinka. Wprowadza ona w widne suche bory sosnowe, urozmaicone po\u0142aciami wrzos\u00f3w.<\/p>\n<div id=\"attachment_13570\" style=\"width: 190px\" class=\"wp-caption alignright\"><a href=\"http:\/\/www.info.sadowne.pl\/wp-content\/uploads\/2016\/09\/2016.09.18.10.jpg\" target=\"_blank\" rel=\"noopener noreferrer\"><img loading=\"lazy\" decoding=\"async\" aria-describedby=\"caption-attachment-13570\" class=\"wp-image-13570 size-thumbnail\" src=\"http:\/\/www.info.sadowne.pl\/wp-content\/uploads\/2016\/09\/2016.09.18.10-180x130.jpg\" alt=\"2016-09-18-10\" width=\"180\" height=\"130\" \/><\/a><p id=\"caption-attachment-13570\" class=\"wp-caption-text\">Namiastka Beskidu<\/p><\/div>\n<p style=\"text-align: justify;\">Mozolnie przekraczamy kilka pot\u0119\u017cnych ramion wydm parabolicznych. S\u0105 to tzw. <strong>Bogackie G\u00f3ry<\/strong>,\u00a0najwy\u017csze w puszczy. Pod koniec dukt przekracza zarastaj\u0105ce brzezin\u0105 turzycowisko. Nast\u0119pnie w prawo, wzd\u0142u\u017c tor\u00f3w do sk\u0142adnicy drewna i stacji PKP Sadowne W\u0119growskie (16.7).<\/p>\n<p style=\"text-align: justify;\"><strong>Tekst:<\/strong> gajowy771 [sch]<\/p>\n<p style=\"text-align: justify;\"><strong>\u0179r\u00f3d\u0142o:<\/strong> <a href=\"http:\/\/puszczakamieniecka.blox.pl\/html\/1310721,262146,169.html?3\" target=\"_blank\" rel=\"noopener noreferrer\">http:\/\/puszczakamieniecka.blox.pl\/html\/1310721,262146,169.html?3<\/a><\/p>\n","protected":false},"excerpt":{"rendered":"<p>Ciekaw\u0105 tras\u0119 ca\u0142odniowej, pieszej wycieczki proponuje podr\u00f3\u017cnik \u201egajowy771\u201d. Jej pocz\u0105tek to Stacja PKP Sadowne i has\u0142o przewodnie: \u201eW krainie \u015bwierk\u00f3w\u201d.<\/p>\n","protected":false},"author":1,"featured_media":0,"comment_status":"open","ping_status":"closed","sticky":false,"template":"","format":"standard","meta":{"footnotes":""},"categories":[5,906,7],"tags":[907,25,2170,2169],"class_list":["post-13560","post","type-post","status-publish","format-standard","hentry","category-newsy","category-rekreacja","category-sport","tag-rekreacja-2","tag-sadowne","tag-w-krainie-swierkow","tag-wycieczka-piesza"],"views":4270,"_links":{"self":[{"href":"https:\/\/info.sadowne.pl\/index.php?rest_route=\/wp\/v2\/posts\/13560","targetHints":{"allow":["GET"]}}],"collection":[{"href":"https:\/\/info.sadowne.pl\/index.php?rest_route=\/wp\/v2\/posts"}],"about":[{"href":"https:\/\/info.sadowne.pl\/index.php?rest_route=\/wp\/v2\/types\/post"}],"author":[{"embeddable":true,"href":"https:\/\/info.sadowne.pl\/index.php?rest_route=\/wp\/v2\/users\/1"}],"replies":[{"embeddable":true,"href":"https:\/\/info.sadowne.pl\/index.php?rest_route=%2Fwp%2Fv2%2Fcomments&post=13560"}],"version-history":[{"count":2,"href":"https:\/\/info.sadowne.pl\/index.php?rest_route=\/wp\/v2\/posts\/13560\/revisions"}],"predecessor-version":[{"id":16315,"href":"https:\/\/info.sadowne.pl\/index.php?rest_route=\/wp\/v2\/posts\/13560\/revisions\/16315"}],"wp:attachment":[{"href":"https:\/\/info.sadowne.pl\/index.php?rest_route=%2Fwp%2Fv2%2Fmedia&parent=13560"}],"wp:term":[{"taxonomy":"category","embeddable":true,"href":"https:\/\/info.sadowne.pl\/index.php?rest_route=%2Fwp%2Fv2%2Fcategories&post=13560"},{"taxonomy":"post_tag","embeddable":true,"href":"https:\/\/info.sadowne.pl\/index.php?rest_route=%2Fwp%2Fv2%2Ftags&post=13560"}],"curies":[{"name":"wp","href":"https:\/\/api.w.org\/{rel}","templated":true}]}}