{"id":13634,"date":"2016-09-22T17:16:49","date_gmt":"2016-09-22T15:16:49","guid":{"rendered":"http:\/\/www.infosadowne.boo.pl\/?p=13634"},"modified":"2016-09-22T17:16:49","modified_gmt":"2016-09-22T15:16:49","slug":"jesienia-sadzimy-roze","status":"publish","type":"post","link":"https:\/\/info.sadowne.pl\/?p=13634","title":{"rendered":"Jesieni\u0105 sadzimy r\u00f3\u017ce"},"content":{"rendered":"<p style=\"text-align: justify;\"><strong><a href=\"http:\/\/www.info.sadowne.pl\/wp-content\/uploads\/2016\/09\/2016.09.22.1.jpg\" target=\"_blank\"><img loading=\"lazy\" decoding=\"async\" class=\"alignleft wp-image-13635 size-thumbnail\" src=\"http:\/\/www.info.sadowne.pl\/wp-content\/uploads\/2016\/09\/2016.09.22.1-180x130.jpg\" alt=\"2016-09-22-1\" width=\"180\" height=\"130\" \/><\/a>Jesie\u0144 to dobry okres na uzupe\u0142nienie stanowisk r\u00f3\u017canych.<\/strong><!--more--><\/p>\n<p style=\"text-align: justify;\">Po suchym lecie warto uzupe\u0142ni\u0107 nasz braki w krzewach r\u00f3\u017canych. R\u00f3\u017ce, kt\u00f3re teraz mo\u017cemy naby\u0107, przewa\u017cnie posiadaj\u0105 odkryte korzenie i przyjmuj\u0105 si\u0119 lepiej ni\u017c wiosn\u0105 \u2013 do nastania mroz\u00f3w zd\u0105\u017c\u0105 uzupe\u0142ni\u0107 sw\u00f3j system korzeniowy, a wiosn\u0105 wcze\u015bniej rozpoczn\u0105 w\u0142a\u015bciw\u0105 wegetacj\u0119.<\/p>\n<p style=\"text-align: justify;\"><a href=\"http:\/\/www.info.sadowne.pl\/wp-content\/uploads\/2016\/09\/2016.09.22.2.jpg\" target=\"_blank\"><img loading=\"lazy\" decoding=\"async\" class=\"alignright wp-image-13636 size-thumbnail\" src=\"http:\/\/www.info.sadowne.pl\/wp-content\/uploads\/2016\/09\/2016.09.22.2-180x130.jpg\" alt=\"2016-09-22-2\" width=\"180\" height=\"130\" \/><\/a>Przy zakupie r\u00f3\u017c warto jednak zwr\u00f3ci\u0107 uwag\u0119 na \u201ezdrowy\u201d system korzeniowy sadzonki, w kt\u00f3rym powinny dominowa\u0107 2 lub 3 silne p\u0119dy &#8211; nie powinien by\u0107 przesuszony. Przed sadzeniem warto jednak jeszcze przez 2-3 godziny namoczy\u0107 korzenie.<\/p>\n<p style=\"text-align: justify;\"><a href=\"http:\/\/www.info.sadowne.pl\/wp-content\/uploads\/2016\/09\/2016.09.22.3.jpg\" target=\"_blank\"><img loading=\"lazy\" decoding=\"async\" class=\"alignleft wp-image-13637 size-thumbnail\" src=\"http:\/\/www.info.sadowne.pl\/wp-content\/uploads\/2016\/09\/2016.09.22.3-180x130.jpg\" alt=\"2016-09-22-3\" width=\"180\" height=\"130\" srcset=\"https:\/\/info.sadowne.pl\/wp-content\/uploads\/2016\/09\/2016.09.22.3-180x130.jpg 180w, https:\/\/info.sadowne.pl\/wp-content\/uploads\/2016\/09\/2016.09.22.3-300x218.jpg 300w, https:\/\/info.sadowne.pl\/wp-content\/uploads\/2016\/09\/2016.09.22.3.jpg 788w\" sizes=\"auto, (max-width: 180px) 100vw, 180px\" \/><\/a>R\u00f3\u017ce przewa\u017cnie rosn\u0105 dobrze na glebach o pH 6,5-7, ciep\u0142ych, przepuszczalnych, piaszczysto-gliniastych, pr\u00f3chniczych i umiarkowanie wilgotnych. Gleb\u0119 wi\u0119c wskazane jest odpowiednio przygotowa\u0107 wcze\u015bniej, by m\u00f3c w przysz\u0142o\u015bci cieszy\u0107 si\u0119 z pi\u0119knych barw r\u00f3\u017canych kwiat\u00f3w. S\u0142abe gleby b\u0119d\u0105 wymaga\u0142y dodania np. kompostu.<\/p>\n<p style=\"text-align: justify;\">Wybierajmy te\u017c dla nich stanowiska zaciszne, s\u0142oneczne i koniecznie takie, gdzie wcze\u015bniej ros\u0142y inne ro\u015bliny z rodziny r\u00f3\u017cowatych (truskawki, maliny, je\u017cyny i oczywi\u015bcie \u2013 r\u00f3\u017ce).<\/p>\n<p style=\"text-align: justify;\"><a href=\"http:\/\/www.info.sadowne.pl\/wp-content\/uploads\/2016\/09\/2016.09.22.4.jpg\" target=\"_blank\"><img loading=\"lazy\" decoding=\"async\" class=\"alignright wp-image-13638 size-thumbnail\" src=\"http:\/\/www.info.sadowne.pl\/wp-content\/uploads\/2016\/09\/2016.09.22.4-180x130.jpg\" alt=\"2016-09-22-4\" width=\"180\" height=\"130\" \/><\/a>Przy sadzeniu zwracajmy uwag\u0119 na wielko\u015b\u0107 do\u0142ka \u2013 zazwyczaj powinien posiada\u0107 wymiary ok. 50&#215;50 cm, kt\u00f3ry umo\u017cliwia swobodne roz\u0142o\u017cenie korzeni. Posadzone jesieni\u0105 r\u00f3\u017ce nie powinny by\u0107 przycinane (opr\u00f3cz p\u0119d\u00f3w uszkodzonych \u2013 w\u0142a\u015bciwe przyci\u0119cie nast\u0105pi wiosn\u0105), a jedynie obficie podlane. Nie zapomnijmy te\u017c wykona\u0107 przed zim\u0105 kopczyka z ziemi lub obsypa\u0107 je grubo kor\u0105, co zapewni ochron\u0119 przed silnymi mrozami.<\/p>\n<p style=\"text-align: justify;\"><strong>Tekst\/foto:<\/strong> S\u0142awek Chyli\u0144ski<\/p>\n","protected":false},"excerpt":{"rendered":"<p>Jesie\u0144 to dobry okres na uzupe\u0142nienie stanowisk r\u00f3\u017canych.<\/p>\n","protected":false},"author":1,"featured_media":0,"comment_status":"open","ping_status":"closed","sticky":false,"template":"","format":"standard","meta":{"footnotes":""},"categories":[5,1407,414],"tags":[2179,415],"class_list":["post-13634","post","type-post","status-publish","format-standard","hentry","category-newsy","category-w-domu-i-ogrodzie","category-w-ogrodzie","tag-jesienia-sadzimy-roze","tag-ogrod"],"views":2887,"_links":{"self":[{"href":"https:\/\/info.sadowne.pl\/index.php?rest_route=\/wp\/v2\/posts\/13634","targetHints":{"allow":["GET"]}}],"collection":[{"href":"https:\/\/info.sadowne.pl\/index.php?rest_route=\/wp\/v2\/posts"}],"about":[{"href":"https:\/\/info.sadowne.pl\/index.php?rest_route=\/wp\/v2\/types\/post"}],"author":[{"embeddable":true,"href":"https:\/\/info.sadowne.pl\/index.php?rest_route=\/wp\/v2\/users\/1"}],"replies":[{"embeddable":true,"href":"https:\/\/info.sadowne.pl\/index.php?rest_route=%2Fwp%2Fv2%2Fcomments&post=13634"}],"version-history":[{"count":1,"href":"https:\/\/info.sadowne.pl\/index.php?rest_route=\/wp\/v2\/posts\/13634\/revisions"}],"predecessor-version":[{"id":13639,"href":"https:\/\/info.sadowne.pl\/index.php?rest_route=\/wp\/v2\/posts\/13634\/revisions\/13639"}],"wp:attachment":[{"href":"https:\/\/info.sadowne.pl\/index.php?rest_route=%2Fwp%2Fv2%2Fmedia&parent=13634"}],"wp:term":[{"taxonomy":"category","embeddable":true,"href":"https:\/\/info.sadowne.pl\/index.php?rest_route=%2Fwp%2Fv2%2Fcategories&post=13634"},{"taxonomy":"post_tag","embeddable":true,"href":"https:\/\/info.sadowne.pl\/index.php?rest_route=%2Fwp%2Fv2%2Ftags&post=13634"}],"curies":[{"name":"wp","href":"https:\/\/api.w.org\/{rel}","templated":true}]}}