{"id":13811,"date":"2016-10-13T20:27:55","date_gmt":"2016-10-13T18:27:55","guid":{"rendered":"http:\/\/www.infosadowne.boo.pl\/?p=13811"},"modified":"2020-04-24T16:03:35","modified_gmt":"2020-04-24T14:03:35","slug":"wizyta-konczy-sie","status":"publish","type":"post","link":"https:\/\/info.sadowne.pl\/?p=13811","title":{"rendered":"Wizyta ko\u0144czy si\u0119&#8230;"},"content":{"rendered":"<p style=\"text-align: justify;\"><strong><img loading=\"lazy\" decoding=\"async\" class=\"alignleft size-thumbnail wp-image-13812\" src=\"http:\/\/www.info.sadowne.pl\/wp-content\/uploads\/2016\/10\/2016.10.13.11-180x130.jpg\" alt=\"2016-10-13-11\" width=\"180\" height=\"130\" \/>Ostatni dzie\u0144 wizyty ks. bpa Tadeusza Pikusa w naszej parafii by\u0142 po\u015bwi\u0119cony spotkaniom z najm\u0142odszymi.<\/strong><!--more--><\/p>\n<p style=\"text-align: justify;\"><strong>Od samego rana 13 pa\u017adziernika ks. bp Tadeusz Pikus oczekiwany by\u0142 w gminnych plac\u00f3wkach o\u015bwiatowych.<\/strong> Pierwsze\u0144stwo tym razem mieli uczniowie z Zespo\u0142u Szkolno \u2013 Przedszkolnego w Grabinach, a o godz. 11.00 Pasterza wita\u0142y ju\u017c maluchy z sadowie\u0144skiego Przedszkola. Oczywi\u015bcie musia\u0142a by\u0107 cz\u0119\u015b\u0107 artystyczna przygotowana pod okiem Pani Dyrektor El\u017cbiety Postek i Pa\u0144 Wychowawczy\u0144, ale maluchy \u015bwietnie sobie te\u017c same radzi\u0142y \u2013 nawi\u0105za\u0142y rozmow\u0119 ze swoim Go\u015bciem i towarzysz\u0105cym mu, jak same nazwa\u0142y, ksi\u0119dzem Stasiem. Zabawy i wsp\u00f3lnych \u201epogaduch\u201d\u00a0by\u0142o mn\u00f3stwo, ale czasu\u2026 ma\u0142o.<\/p>\n<p style=\"text-align: justify;\"><strong>Ju\u017c w kolejce czeka\u0142a podstaw\u00f3wka i znowu oficjalne powitania, a tym razem swoich uczni\u00f3w reprezentowa\u0142a Pani Ma\u0142gorzata Koro\u015b<\/strong>, a uczniowie, w tym harcerze z Dru\u017cyny \u201eW\u0142\u00f3czykije\u201d, pi\u0119knie za\u015bpiewali i witali swojego Biskupa tematycznymi wierszami. Nie pozosta\u0142 im oboj\u0119tny \u2013 opr\u00f3cz modlitwy kap\u0142an opowiada\u0142 te\u017c r\u00f3\u017cne pouczaj\u0105ce historie z w\u0142asnego \u017cycia. A \u017cegnaj\u0105c si\u0119\u2026 pozostawi\u0142 niezapomniane wra\u017cenia, obietnice kolejnego spotkania i w\u0142asnor\u0119czn\u0105 adnotacj\u0119 w kronice szkolnej.<\/p>\n<p style=\"text-align: justify;\"><strong>W Gminnej Hali Sportowej ju\u017c te\u017c nie mogli doczeka\u0107 si\u0119 na swoje spotkanie z bpem Pikusem gimnazjali\u015bci i uczniowie naszych \u015brednich szk\u00f3\u0142.<\/strong> W ko\u0144cu przyby\u0142 i do nich i otrzyma\u0142 owacje na stoj\u0105co, a w roli gospodarzy tym razem byli wsp\u00f3lnie Dyrektorzy: Pan S\u0142awomir Ryszawa i Pani Ma\u0142gorzata Zy\u015bk. I jeszcze jedno \u2013 13 pa\u017adziernika obchodzony jest w Gimnazjum Dzie\u0144 Patrona, kt\u00f3rym jest b\u0142ogos\u0142awiony Edward Grzyma\u0142a. St\u0105d ca\u0142a oprawa uroczysto\u015bci, prezentacja multimedialna \u201e\u015aladami ksi\u0119dza Edwarda\u201d Pana S\u0142awomira Akonoma o Patronie Szko\u0142y, ale te\u017c pi\u0119kne ta\u0144ce szkolnego zespo\u0142u tanecznego ZSP, kt\u00f3ry prowadzi Pani Miros\u0142awa Renik. Przy tej okazji nast\u0105pi\u0142o te\u017c podsumowanie ca\u0142ej wizyty Duszpasterza w naszej Parafii, jak\u017ce donios\u0142ej i wa\u017cnej dla nas \u2013 parafian.<\/p>\n<p style=\"text-align: justify;\"><strong>By\u0142o pi\u0119knie, ale te\u017c pouczaj\u0105co, co podkre\u015blali wszyscy m\u00f3wcy<\/strong>, w tym ks. bp Tadeusz Pikus oraz ks. Stanis\u0142aw Wojciechowski i W\u00f3jt Gminy Sadowne P. Waldemar Cyran, kt\u00f3rzy towarzyszyli wizytuj\u0105cemu we wszystkich kolejnych spotkaniach. Podczas ka\u017cdej wizyty go\u015bcie nie zapomnieli te\u017c o \u017cyczeniach dla pedagog\u00f3w i pracownik\u00f3w o\u015bwiaty z okazji Dnia Komisji Edukacji Narodowej. Ostatnie natomiast podsumowania i po\u017cegnania nast\u0105pi\u0142y jeszcze te\u017c podczas wsp\u00f3lnego posi\u0142ku, kt\u00f3ry \u2013 jak zwykle \u2013 pi\u0119knie i jak\u017ce smacznie przygotowa\u0142o nasze Technikum \u017bywienia i Us\u0142ug Gastronomicznych.<\/p>\n<p style=\"text-align: justify;\"><a href=\"https:\/\/photos.app.goo.gl\/guLBQWiXKdBXMdUh6\" target=\"_blank\" rel=\"noopener noreferrer\"><span style=\"color: #0000ff;\"><strong>Zdj\u0119cia w galerii Google&gt;&gt;&gt;<\/strong><\/span><\/a><\/p>\n<p style=\"text-align: justify;\"><strong>Tekst\/foto:<\/strong> S\u0142awek Chyli\u0144ski<\/p>\n","protected":false},"excerpt":{"rendered":"<p>Ostatni dzie\u0144 wizyty ks. bpa Tadeusza Pikusa w naszej parafii by\u0142 po\u015bwi\u0119cony spotkaniom z najm\u0142odszymi.<\/p>\n","protected":false},"author":1,"featured_media":0,"comment_status":"open","ping_status":"closed","sticky":false,"template":"","format":"standard","meta":{"footnotes":""},"categories":[5,83,1670,1752,561,84,85],"tags":[1598,71,2286,16,2206,182],"class_list":["post-13811","post","type-post","status-publish","format-standard","hentry","category-newsy","category-gimnazjum","category-druzyna-harcerska-wloczykije","category-edukacja","category-przedszkole-w-sadownem","category-szkola-podstawowa-im-cz-wycecha","category-zsp","tag-dzien-patrona-gimnazjum-w-sadownem","tag-gimnazjum-sadowne","tag-przedszkole-w-sadownem","tag-szkola-podstawowa-w-sadownem","tag-wizyta-biskupa-t-pikusa","tag-zespol-szkol-ponadgimnazjalnych-w-sadownem"],"views":3748,"_links":{"self":[{"href":"https:\/\/info.sadowne.pl\/index.php?rest_route=\/wp\/v2\/posts\/13811","targetHints":{"allow":["GET"]}}],"collection":[{"href":"https:\/\/info.sadowne.pl\/index.php?rest_route=\/wp\/v2\/posts"}],"about":[{"href":"https:\/\/info.sadowne.pl\/index.php?rest_route=\/wp\/v2\/types\/post"}],"author":[{"embeddable":true,"href":"https:\/\/info.sadowne.pl\/index.php?rest_route=\/wp\/v2\/users\/1"}],"replies":[{"embeddable":true,"href":"https:\/\/info.sadowne.pl\/index.php?rest_route=%2Fwp%2Fv2%2Fcomments&post=13811"}],"version-history":[{"count":4,"href":"https:\/\/info.sadowne.pl\/index.php?rest_route=\/wp\/v2\/posts\/13811\/revisions"}],"predecessor-version":[{"id":23187,"href":"https:\/\/info.sadowne.pl\/index.php?rest_route=\/wp\/v2\/posts\/13811\/revisions\/23187"}],"wp:attachment":[{"href":"https:\/\/info.sadowne.pl\/index.php?rest_route=%2Fwp%2Fv2%2Fmedia&parent=13811"}],"wp:term":[{"taxonomy":"category","embeddable":true,"href":"https:\/\/info.sadowne.pl\/index.php?rest_route=%2Fwp%2Fv2%2Fcategories&post=13811"},{"taxonomy":"post_tag","embeddable":true,"href":"https:\/\/info.sadowne.pl\/index.php?rest_route=%2Fwp%2Fv2%2Ftags&post=13811"}],"curies":[{"name":"wp","href":"https:\/\/api.w.org\/{rel}","templated":true}]}}