{"id":1394,"date":"2013-03-07T20:30:59","date_gmt":"2013-03-07T19:30:59","guid":{"rendered":"http:\/\/www.infosadowne.boo.pl\/?p=1394"},"modified":"2016-08-30T18:37:54","modified_gmt":"2016-08-30T16:37:54","slug":"islandia-trzeci-zywiol","status":"publish","type":"post","link":"https:\/\/info.sadowne.pl\/?p=1394","title":{"rendered":"Islandia &#8211; trzeci \u017cywio\u0142"},"content":{"rendered":"<p style=\"text-align: justify;\"><img loading=\"lazy\" decoding=\"async\" class=\"alignleft size-thumbnail wp-image-1292\" alt=\"gbplogo\" src=\"http:\/\/www.info.sadowne.pl\/wp-content\/uploads\/2013\/02\/gbplogo-150x150.jpg\" width=\"150\" height=\"150\" \/><strong>Gminna Biblioteka Publiczna w Sadownem zaprasza na spotkanie z Romanem Pankiewiczem,\u00a0podr\u00f3\u017cnikiem, autorem ksi\u0105\u017cki <em>\u201eIslandia \u2013 trzeci \u017cywio\u0142\u201d<\/em>.\u00a0Spotkanie odb\u0119dzie si\u0119 w Gminnym O\u015brodku Kultury w dniu 11 marca o godz. 11.00.<\/strong><!--more--><\/p>\n<p style=\"text-align: justify;\">Roman Pankiewicz jest Krakowianinem, ponad 10 lat przebywa\u0142 poza granicami naszego kraju, gdzie pracowa\u0142 zawodowo na kontrakcie, a jednocze\u015bnie poznawa\u0142 kultur\u0119, zwyczaje, architektur\u0119 i przyrod\u0119 danego kraju. Jako cz\u0142owiek ciekawy \u015bwiata i bystry obserwator fotografowa\u0142 wszystkie interesuj\u0105ce obiekty i zjawiska przyrodnicze. Zdj\u0119cia te s\u0105 doskona\u0142ym uzupe\u0142nieniem opowie\u015bci autora, tym razem o swoim pobycie w Islandii. Zapraszamy.<\/p>\n<p style=\"text-align: justify;\">\u0179r\u00f3d\u0142o: www.goksadowne.pl<\/p>\n<p><a href=\"http:\/\/www.info.sadowne.pl\/wp-content\/uploads\/2013\/03\/2013.03.07.jpg\" target=\"_blank\"><\/p>\n<p style=\"text-align: center;\"><img loading=\"lazy\" decoding=\"async\" class=\"aligncenter size-medium wp-image-1393\" alt=\"2013.03.07\" src=\"http:\/\/www.info.sadowne.pl\/wp-content\/uploads\/2013\/03\/2013.03.07-211x300.jpg\" width=\"211\" height=\"300\" srcset=\"https:\/\/info.sadowne.pl\/wp-content\/uploads\/2013\/03\/2013.03.07-211x300.jpg 211w, https:\/\/info.sadowne.pl\/wp-content\/uploads\/2013\/03\/2013.03.07.jpg 484w\" sizes=\"auto, (max-width: 211px) 100vw, 211px\" \/><\/p>\n<p><\/a><\/p>\n","protected":false},"excerpt":{"rendered":"<p>Gminna Biblioteka Publiczna w Sadownem zaprasza na spotkanie z Romanem Pankiewiczem,\u00a0podr\u00f3\u017cnikiem, autorem ksi\u0105\u017cki \u201eIslandia \u2013 trzeci \u017cywio\u0142\u201d.\u00a0Spotkanie odb\u0119dzie si\u0119 w Gminnym O\u015brodku Kultury w dniu 11 marca o godz. 11.00.<\/p>\n","protected":false},"author":1,"featured_media":0,"comment_status":"open","ping_status":"open","sticky":false,"template":"","format":"standard","meta":{"footnotes":""},"categories":[5,2149,91,6],"tags":[113,161,162],"class_list":["post-1394","post","type-post","status-publish","format-standard","hentry","category-newsy","category-gminna-biblioteka-publiczna","category-gminny-osrodek-kultury","category-kultura-rozrywka-edukacja","tag-gminna-biblioteka-publiczna-w-sadownem","tag-roman-pankiewicz","tag-spotkanie-z-autorem"],"views":3018,"_links":{"self":[{"href":"https:\/\/info.sadowne.pl\/index.php?rest_route=\/wp\/v2\/posts\/1394","targetHints":{"allow":["GET"]}}],"collection":[{"href":"https:\/\/info.sadowne.pl\/index.php?rest_route=\/wp\/v2\/posts"}],"about":[{"href":"https:\/\/info.sadowne.pl\/index.php?rest_route=\/wp\/v2\/types\/post"}],"author":[{"embeddable":true,"href":"https:\/\/info.sadowne.pl\/index.php?rest_route=\/wp\/v2\/users\/1"}],"replies":[{"embeddable":true,"href":"https:\/\/info.sadowne.pl\/index.php?rest_route=%2Fwp%2Fv2%2Fcomments&post=1394"}],"version-history":[{"count":3,"href":"https:\/\/info.sadowne.pl\/index.php?rest_route=\/wp\/v2\/posts\/1394\/revisions"}],"predecessor-version":[{"id":13387,"href":"https:\/\/info.sadowne.pl\/index.php?rest_route=\/wp\/v2\/posts\/1394\/revisions\/13387"}],"wp:attachment":[{"href":"https:\/\/info.sadowne.pl\/index.php?rest_route=%2Fwp%2Fv2%2Fmedia&parent=1394"}],"wp:term":[{"taxonomy":"category","embeddable":true,"href":"https:\/\/info.sadowne.pl\/index.php?rest_route=%2Fwp%2Fv2%2Fcategories&post=1394"},{"taxonomy":"post_tag","embeddable":true,"href":"https:\/\/info.sadowne.pl\/index.php?rest_route=%2Fwp%2Fv2%2Ftags&post=1394"}],"curies":[{"name":"wp","href":"https:\/\/api.w.org\/{rel}","templated":true}]}}