{"id":13994,"date":"2016-11-25T15:54:35","date_gmt":"2016-11-25T14:54:35","guid":{"rendered":"http:\/\/www.infosadowne.boo.pl\/?p=13994"},"modified":"2016-12-06T15:56:57","modified_gmt":"2016-12-06T14:56:57","slug":"5-minut-o-2","status":"publish","type":"post","link":"https:\/\/info.sadowne.pl\/?p=13994","title":{"rendered":"5 minut o&#8230;"},"content":{"rendered":"<p style=\"text-align: justify;\"><strong><img loading=\"lazy\" decoding=\"async\" class=\"alignleft size-thumbnail wp-image-7835\" src=\"http:\/\/www.info.sadowne.pl\/wp-content\/uploads\/2015\/02\/wojtcyran-180x130.jpg\" alt=\"wojtcyran\" width=\"180\" height=\"130\" srcset=\"https:\/\/info.sadowne.pl\/wp-content\/uploads\/2015\/02\/wojtcyran-180x130.jpg 180w, https:\/\/info.sadowne.pl\/wp-content\/uploads\/2015\/02\/wojtcyran-300x215.jpg 300w, https:\/\/info.sadowne.pl\/wp-content\/uploads\/2015\/02\/wojtcyran.jpg 784w\" sizes=\"auto, (max-width: 180px) 100vw, 180px\" \/>\u2026rewitalizacji Gminy Sadowne.<\/strong><!--more--><\/p>\n<p style=\"text-align: justify;\"><strong>Witam Pa\u0144stwa!<\/strong><\/p>\n<p style=\"text-align: justify;\">Min\u0119\u0142o troch\u0119 czasu od chwili, gdy za po\u015brednictwem Portalu INFO Sadowne zwraca\u0142em si\u0119 bezpo\u015brednio do Pa\u0144stwa w kolejnym artykule z cyklu: \u201e5 minut o\u2026\u201d. Czas p\u0142ynie bardzo szybko, kolejny rok naszej wsp\u00f3\u0142pracy prawie za nami i \u2013 je\u015bli Pa\u0144stwo pami\u0119taj\u0105 \u2013 w tych dniach r\u00f3wnie\u017c mija dwa lata od wybor\u00f3w, w kt\u00f3rych zdecydowali\u015bcie Pa\u0144stwo o powierzeniu mi tak zaszczytnej funkcji W\u00f3jta Gminy Sadowne. Jeszcze raz dzi\u0119kuj\u0119 Pa\u0144stwu za tak du\u017ce zaufanie i ze swej strony obiecuj\u0119, i\u017c b\u0119d\u0119 robi\u0142 wszystko, aby nie zawie\u015b\u0107 Pa\u0144stwa. Z tej te\u017c okazji wkr\u00f3tce chcia\u0142bym podsumowa\u0107 t\u0119 \u201epo\u0142ow\u0119 kadencji W\u00f3jta\u201d i zorganizowa\u0107 spotkanie z mieszka\u0144cami Gminy Sadowne, podczas kt\u00f3rego b\u0119dziemy mieli mo\u017cliwo\u015b\u0107 szczeg\u00f3\u0142owego przedstawienia procesu zmian zachodz\u0105cych w Naszej Gminie, jak te\u017c wymiany pogl\u0105d\u00f3w na ten temat. Po ustaleniu terminu, niezw\u0142ocznie o nim poinformuj\u0119, ale ju\u017c teraz serdecznie Pa\u0144stwa zapraszam na to spotkanie.<\/p>\n<p style=\"text-align: justify;\">Dzisiaj jednak chcia\u0142bym przekaza\u0107 Pa\u0144stwu kilka s\u0142\u00f3w na temat opracowanego w\u0142a\u015bnie projektu \u201eProgramu Rewitalizacji dla Gminy Sadowne na lata 2016-2026\u201d. Na podstawie dost\u0119pnych danych opracowa\u0142a go profesjonalna firma i przekaza\u0142a do konsultacji spo\u0142ecznych.<\/p>\n<p style=\"text-align: justify;\">Jak m\u00f3wi si\u0119 we wst\u0119pie do tego dokumentu, <em>Program Rewitalizacji dla Gminy Sadowne na lata 2016-2026 to dokument, kt\u00f3rego celem jest zaplanowanie i przeprowadzenie w odpowiedni spos\u00f3b procesu rewitalizacji. Rewitalizacja to zgodnie Wytycznymi Ministerstwa Rozwoju w zakresie rewitalizacji w programach operacyjnych na lata 2014-2020 z dnia 2 sierpnia 2016 r., kompleksowy proces wyprowadzania ze stanu kryzysowego obszar\u00f3w zdegradowanych poprzez dzia\u0142ania ca\u0142o\u015bciowe (powi\u0105zane wzajemnie przedsi\u0119wzi\u0119cia obejmuj\u0105ce kwestie spo\u0142eczne oraz gospodarcze lub przestrzenno-funkcjonalne lub techniczne lub \u015brodowiskowe), integruj\u0105ce interwencj\u0119 na rzecz spo\u0142eczno\u015bci lokalnej, przestrzeni i lokalnej gospodarki, skoncentrowane terytorialnie i prowadzone w spos\u00f3b zaplanowany oraz zintegrowany poprzez programy rewitalizacji. <\/em><\/p>\n<p style=\"text-align: justify;\">Jest to troch\u0119 skomplikowane, ale pro\u015bciej mo\u017cna powiedzie\u0107, i\u017c \u00a0dokument ten jest d\u0142ugofalowym programem dzia\u0142a\u0144 maj\u0105cych na celu przywr\u00f3cenie \u0142adu przestrzennego zdegradowanym obszarom, przy jednoczesnej poprawie warunk\u00f3w \u017cycia mieszka\u0144c\u00f3w i zapewnieniu o\u017cywienia gospodarczego. A co najwa\u017cniejsze, program taki stanowi podstaw\u0119 do starania si\u0119 o mo\u017cliwo\u015b\u0107 wsp\u00f3\u0142finansowania cz\u0119\u015bci projekt\u00f3w rewitalizacyjnych ze \u015brodk\u00f3w zewn\u0119trznych przewidzianych w Regionalnym Programie Operacyjnym Wojew\u00f3dztwa Mazowieckiego na lata 2014-2020.<\/p>\n<p style=\"text-align: justify;\">W trakcie opracowywania tego projektu odby\u0142y si\u0119 konsultacje z mieszka\u0144cami Naszej Gminy, kt\u00f3rzy zg\u0142aszali swoje wnioski i propozycje. Na tej podstawie wytypowano obszary Gminy Sadowne, w kt\u00f3rych wskazane s\u0105 dzia\u0142ania rewitalizacyjne, a tak\u017ce zg\u0142oszono pierwsze propozycje dzia\u0142a\u0144 naprawczych. Nie b\u0119d\u0119 Pa\u0144stwu wymienia\u0142 ich wszystkich, ale zach\u0119cam do zapoznania si\u0119 z projektem Programu, kt\u00f3ry dost\u0119pny jest na stronie internetowej Urz\u0119du Gminy Sadowne. Konsultacje w tej sprawie ju\u017c trwaj\u0105, a ich fina\u0142em b\u0119dzie przyj\u0119cie po 30 listopada br. stosownej uchwa\u0142y przez Rad\u0119 Gminy Sadowne.<\/p>\n<p style=\"text-align: justify;\"><strong>Jeszcze raz zach\u0119cam Pa\u0144stwa do udzia\u0142u w tych konsultacjach i zg\u0142aszania uwag oraz opinii \u2013 osobi\u015bcie lub elektronicznie. <\/strong><\/p>\n<p style=\"text-align: justify;\"><strong>Pozdrawiam!<\/strong><\/p>\n<p style=\"text-align: justify;\"><strong>Waldemar Cyran \u2013 W\u00f3jt Gminy Sadowne<\/strong><\/p>\n","protected":false},"excerpt":{"rendered":"<p>\u2026rewitalizacji Gminy Sadowne.<\/p>\n","protected":false},"author":1,"featured_media":0,"comment_status":"open","ping_status":"closed","sticky":false,"template":"","format":"standard","meta":{"footnotes":""},"categories":[1204,5,41],"tags":[2234,1033,614],"class_list":["post-13994","post","type-post","status-publish","format-standard","hentry","category-5-minut-o","category-newsy","category-wiesci-gminne","tag-5-minut-o-rewitalizacji-gminy","tag-waldemar-cyran","tag-wojt-gminy-sadowne"],"views":2505,"_links":{"self":[{"href":"https:\/\/info.sadowne.pl\/index.php?rest_route=\/wp\/v2\/posts\/13994","targetHints":{"allow":["GET"]}}],"collection":[{"href":"https:\/\/info.sadowne.pl\/index.php?rest_route=\/wp\/v2\/posts"}],"about":[{"href":"https:\/\/info.sadowne.pl\/index.php?rest_route=\/wp\/v2\/types\/post"}],"author":[{"embeddable":true,"href":"https:\/\/info.sadowne.pl\/index.php?rest_route=\/wp\/v2\/users\/1"}],"replies":[{"embeddable":true,"href":"https:\/\/info.sadowne.pl\/index.php?rest_route=%2Fwp%2Fv2%2Fcomments&post=13994"}],"version-history":[{"count":1,"href":"https:\/\/info.sadowne.pl\/index.php?rest_route=\/wp\/v2\/posts\/13994\/revisions"}],"predecessor-version":[{"id":13995,"href":"https:\/\/info.sadowne.pl\/index.php?rest_route=\/wp\/v2\/posts\/13994\/revisions\/13995"}],"wp:attachment":[{"href":"https:\/\/info.sadowne.pl\/index.php?rest_route=%2Fwp%2Fv2%2Fmedia&parent=13994"}],"wp:term":[{"taxonomy":"category","embeddable":true,"href":"https:\/\/info.sadowne.pl\/index.php?rest_route=%2Fwp%2Fv2%2Fcategories&post=13994"},{"taxonomy":"post_tag","embeddable":true,"href":"https:\/\/info.sadowne.pl\/index.php?rest_route=%2Fwp%2Fv2%2Ftags&post=13994"}],"curies":[{"name":"wp","href":"https:\/\/api.w.org\/{rel}","templated":true}]}}