{"id":14047,"date":"2016-11-11T16:58:18","date_gmt":"2016-11-11T15:58:18","guid":{"rendered":"http:\/\/www.infosadowne.boo.pl\/?p=14047"},"modified":"2020-04-24T16:00:46","modified_gmt":"2020-04-24T14:00:46","slug":"swieto-niepodleglosci","status":"publish","type":"post","link":"https:\/\/info.sadowne.pl\/?p=14047","title":{"rendered":"\u015awi\u0119to Niepodleg\u0142o\u015bci"},"content":{"rendered":"<p style=\"text-align: justify;\"><strong><img loading=\"lazy\" decoding=\"async\" class=\"alignleft size-thumbnail wp-image-14048\" src=\"http:\/\/www.info.sadowne.pl\/wp-content\/uploads\/2016\/12\/2016.11.11.1-180x130.jpg\" alt=\"2016-11-11-1\" width=\"180\" height=\"130\" \/>Mieszka\u0144cy Sadownego uczcili 98. rocznic\u0119 odzyskania przez Polsk\u0119 niepodleg\u0142o\u015bci.<\/strong><!--more--><\/p>\n<p style=\"text-align: justify;\">11 listopada przed po\u0142udniem msza \u015bw. w intencji Ojczyzny w miejscowym ko\u015bciele parafialnym rozpocz\u0119\u0142a uroczysto\u015bci Narodowego \u015awi\u0119ta Niepodleg\u0142o\u015bci. Ich kontynuacj\u0105 by\u0142 przemarsz uczestnik\u00f3w na cmentarz parafialny, odm\u00f3wienie modlitwy i zapalenie symbolicznych zniczy oraz z\u0142o\u017cenie wi\u0105zanek kwiat\u00f3w na grobach bohaterskich \u017co\u0142nierzy poleg\u0142ych w obronie Ojczyzny.<\/p>\n<p style=\"text-align: justify;\"><a href=\"https:\/\/photos.app.goo.gl\/ZtRWsTVK4NmT3UpZ9\" target=\"_blank\" rel=\"noopener noreferrer\"><span style=\"color: #0000ff;\"><strong>Zdj\u0119cia w galerii Google&gt;&gt;&gt;<\/strong><\/span><\/a><\/p>\n","protected":false},"excerpt":{"rendered":"<p>Mieszka\u0144cy Sadownego uczcili 98. rocznic\u0119 odzyskania przez Polsk\u0119 niepodleg\u0142o\u015bci.<\/p>\n","protected":false},"author":1,"featured_media":0,"comment_status":"open","ping_status":"closed","sticky":false,"template":"","format":"standard","meta":{"footnotes":""},"categories":[5,41],"tags":[25,2240],"class_list":["post-14047","post","type-post","status-publish","format-standard","hentry","category-newsy","category-wiesci-gminne","tag-sadowne","tag-swieto-niepodleglosci"],"views":2215,"_links":{"self":[{"href":"https:\/\/info.sadowne.pl\/index.php?rest_route=\/wp\/v2\/posts\/14047","targetHints":{"allow":["GET"]}}],"collection":[{"href":"https:\/\/info.sadowne.pl\/index.php?rest_route=\/wp\/v2\/posts"}],"about":[{"href":"https:\/\/info.sadowne.pl\/index.php?rest_route=\/wp\/v2\/types\/post"}],"author":[{"embeddable":true,"href":"https:\/\/info.sadowne.pl\/index.php?rest_route=\/wp\/v2\/users\/1"}],"replies":[{"embeddable":true,"href":"https:\/\/info.sadowne.pl\/index.php?rest_route=%2Fwp%2Fv2%2Fcomments&post=14047"}],"version-history":[{"count":2,"href":"https:\/\/info.sadowne.pl\/index.php?rest_route=\/wp\/v2\/posts\/14047\/revisions"}],"predecessor-version":[{"id":23185,"href":"https:\/\/info.sadowne.pl\/index.php?rest_route=\/wp\/v2\/posts\/14047\/revisions\/23185"}],"wp:attachment":[{"href":"https:\/\/info.sadowne.pl\/index.php?rest_route=%2Fwp%2Fv2%2Fmedia&parent=14047"}],"wp:term":[{"taxonomy":"category","embeddable":true,"href":"https:\/\/info.sadowne.pl\/index.php?rest_route=%2Fwp%2Fv2%2Fcategories&post=14047"},{"taxonomy":"post_tag","embeddable":true,"href":"https:\/\/info.sadowne.pl\/index.php?rest_route=%2Fwp%2Fv2%2Ftags&post=14047"}],"curies":[{"name":"wp","href":"https:\/\/api.w.org\/{rel}","templated":true}]}}