{"id":14066,"date":"2016-11-07T17:16:09","date_gmt":"2016-11-07T16:16:09","guid":{"rendered":"http:\/\/www.infosadowne.boo.pl\/?p=14066"},"modified":"2016-12-06T17:19:53","modified_gmt":"2016-12-06T16:19:53","slug":"jestesmy-ogromnie-dumni","status":"publish","type":"post","link":"https:\/\/info.sadowne.pl\/?p=14066","title":{"rendered":"Jeste\u015bmy ogromnie dumni\u2026"},"content":{"rendered":"<p style=\"text-align: justify;\"><strong><a href=\"http:\/\/www.info.sadowne.pl\/wp-content\/uploads\/2016\/12\/2016.11.07.11.jpg\" target=\"_blank\"><img loading=\"lazy\" decoding=\"async\" class=\"alignleft wp-image-14067 size-thumbnail\" src=\"http:\/\/www.info.sadowne.pl\/wp-content\/uploads\/2016\/12\/2016.11.07.11-180x130.jpg\" alt=\"2016-11-07-11\" width=\"180\" height=\"130\" \/><\/a>Szkolne Ko\u0142o Wolontariatu przy ZSP w Sadownem zosta\u0142o docenione przez Marsza\u0142ka Wojew\u00f3dztwa Mazowieckiego, pana Adama Struzika.<\/strong><!--more--><\/p>\n<p style=\"text-align: justify;\">Zaj\u0119li\u015bmy II miejsce w wojew\u00f3dzkim konkursie Mazowieckie Barwy Wolontariatu. Do konkursu przyst\u0105pi\u0142o ponad 100 uczestnik\u00f3w, spo\u015br\u00f3d kt\u00f3rych nagrodzono trzech laureat\u00f3w i kilku wyr\u00f3\u017cniono.<\/p>\n<p style=\"text-align: justify;\"><a href=\"http:\/\/www.info.sadowne.pl\/wp-content\/uploads\/2016\/12\/2016.11.07.12.jpg\" target=\"_blank\"><img loading=\"lazy\" decoding=\"async\" class=\"alignright wp-image-14068 size-medium\" src=\"http:\/\/www.info.sadowne.pl\/wp-content\/uploads\/2016\/12\/2016.11.07.12-300x198.jpg\" alt=\"2016-11-07-12\" width=\"300\" height=\"198\" srcset=\"https:\/\/info.sadowne.pl\/wp-content\/uploads\/2016\/12\/2016.11.07.12-300x198.jpg 300w, https:\/\/info.sadowne.pl\/wp-content\/uploads\/2016\/12\/2016.11.07.12.jpg 795w\" sizes=\"auto, (max-width: 300px) 100vw, 300px\" \/><\/a>Jeste\u015bmy ogromnie dumni, \u017ce dzi\u0119ki naszej bezinteresownej pracy Sadowne jest znane i doceniane w wojew\u00f3dztwie mazowieckim. Ta nagroda motywuje nas i dopinguje do dalszej pracy i podejmowania nowych wyzwa\u0144 szerz\u0105cych ide\u0119 wolontariatu.<\/p>\n<p style=\"text-align: justify;\"><strong>Ma\u0142gorzata Olton<br \/>\nOpiekun SKW w ZSP w Sadownem<\/strong><\/p>\n","protected":false},"excerpt":{"rendered":"<p>Szkolne Ko\u0142o Wolontariatu przy ZSP w Sadownem zosta\u0142o docenione przez Marsza\u0142ka Wojew\u00f3dztwa Mazowieckiego, pana Adama Struzika.<\/p>\n","protected":false},"author":1,"featured_media":0,"comment_status":"open","ping_status":"closed","sticky":false,"template":"","format":"standard","meta":{"footnotes":""},"categories":[5,1752,1370],"tags":[838,2242,1091],"class_list":["post-14066","post","type-post","status-publish","format-standard","hentry","category-newsy","category-edukacja","category-wolontariat","tag-malgorzata-olton","tag-nagroda-marszalka-wojewodztwa-mazowieckiego","tag-szkolne-kolo-wolontariatu"],"views":2701,"_links":{"self":[{"href":"https:\/\/info.sadowne.pl\/index.php?rest_route=\/wp\/v2\/posts\/14066","targetHints":{"allow":["GET"]}}],"collection":[{"href":"https:\/\/info.sadowne.pl\/index.php?rest_route=\/wp\/v2\/posts"}],"about":[{"href":"https:\/\/info.sadowne.pl\/index.php?rest_route=\/wp\/v2\/types\/post"}],"author":[{"embeddable":true,"href":"https:\/\/info.sadowne.pl\/index.php?rest_route=\/wp\/v2\/users\/1"}],"replies":[{"embeddable":true,"href":"https:\/\/info.sadowne.pl\/index.php?rest_route=%2Fwp%2Fv2%2Fcomments&post=14066"}],"version-history":[{"count":1,"href":"https:\/\/info.sadowne.pl\/index.php?rest_route=\/wp\/v2\/posts\/14066\/revisions"}],"predecessor-version":[{"id":14069,"href":"https:\/\/info.sadowne.pl\/index.php?rest_route=\/wp\/v2\/posts\/14066\/revisions\/14069"}],"wp:attachment":[{"href":"https:\/\/info.sadowne.pl\/index.php?rest_route=%2Fwp%2Fv2%2Fmedia&parent=14066"}],"wp:term":[{"taxonomy":"category","embeddable":true,"href":"https:\/\/info.sadowne.pl\/index.php?rest_route=%2Fwp%2Fv2%2Fcategories&post=14066"},{"taxonomy":"post_tag","embeddable":true,"href":"https:\/\/info.sadowne.pl\/index.php?rest_route=%2Fwp%2Fv2%2Ftags&post=14066"}],"curies":[{"name":"wp","href":"https:\/\/api.w.org\/{rel}","templated":true}]}}