{"id":14120,"date":"2016-12-08T16:48:20","date_gmt":"2016-12-08T15:48:20","guid":{"rendered":"http:\/\/www.infosadowne.boo.pl\/?p=14120"},"modified":"2016-12-08T16:59:23","modified_gmt":"2016-12-08T15:59:23","slug":"5-minut-o-3","status":"publish","type":"post","link":"https:\/\/info.sadowne.pl\/?p=14120","title":{"rendered":"5 minut o\u2026"},"content":{"rendered":"<p style=\"text-align: justify;\"><strong><img loading=\"lazy\" decoding=\"async\" class=\"alignleft size-thumbnail wp-image-7835\" src=\"http:\/\/www.info.sadowne.pl\/wp-content\/uploads\/2015\/02\/wojtcyran-180x130.jpg\" alt=\"wojtcyran\" width=\"180\" height=\"130\" srcset=\"https:\/\/info.sadowne.pl\/wp-content\/uploads\/2015\/02\/wojtcyran-180x130.jpg 180w, https:\/\/info.sadowne.pl\/wp-content\/uploads\/2015\/02\/wojtcyran-300x215.jpg 300w, https:\/\/info.sadowne.pl\/wp-content\/uploads\/2015\/02\/wojtcyran.jpg 784w\" sizes=\"auto, (max-width: 180px) 100vw, 180px\" \/>&#8230;rocznicy wyboru na urz\u0105d W\u00f3jta Gminy Sadowne.<\/strong><!--more--><\/p>\n<p style=\"text-align: justify;\"><strong>Drodzy Mieszka\u0144cy Gminy Sadowne!<\/strong><\/p>\n<p style=\"text-align: justify;\">Dzisiaj, 8 grudnia mija dwa lata od dnia, w kt\u00f3rym obj\u0105\u0142em zaszczytny urz\u0105d W\u00f3jta Gminy Sadowne. Jest to tzw. \u201ep\u00f3\u0142metek\u201d mojej kadencji i okresu sprawowania funkcji Gospodarza naszej urokliwej Gminy, do kt\u00f3rego dotar\u0142em dzi\u0119ki Pa\u0144stwa wyborowi.<\/p>\n<p style=\"text-align: justify;\">Z okazji tej rocznicy, chcia\u0142bym podzi\u0119kowa\u0107 za dwuletni okres wsp\u00f3\u0142pracy z Pa\u0144stwem i umo\u017cliwienie mi swobodnej realizacji zaplanowanych dzia\u0142a\u0144 na rzecz Gminy Sadowne. Wszystko wymaga dobrej woli, porozumienia i czasu, kt\u00f3ry \u2013 dzi\u0119ki Pa\u0144stwa przychylno\u015bci &#8211; mog\u0142em po\u015bwi\u0119ci\u0107 dla nas wszystkich.<\/p>\n<p style=\"text-align: justify;\">A czas biegnie bardzo szybko, dni zmieniaj\u0105 si\u0119 w tygodnie, miesi\u0105ce i w ko\u0144cu w lata. Przez ten okres stara\u0142em si\u0119 pracowa\u0107 dla Naszego Spo\u0142ecze\u0144stwa i Naszej Ma\u0142ej Ojczyzny najlepiej jak umia\u0142em. Drodzy Pa\u0144stwo, zaufali\u015bcie nie tylko mi jako cz\u0142owiekowi, ale r\u00f3wnie\u017c moim obietnicom z\u0142o\u017conym w okresie przedwyborczym. \u201eSzacunek do ludzi, wiary i tradycji w nowoczesnej Gminie\u201d to has\u0142o, kt\u00f3re od pocz\u0105tku kadencji stara\u0142em si\u0119 wype\u0142nia\u0107 i realizowa\u0107. Dzi\u015b, po dw\u00f3ch latach mog\u0119 powiedzie\u0107, \u017ce wiele z moich deklaracji przedwyborczych zosta\u0142o ju\u017c zrealizowanych: doko\u0144czyli\u015bmy budow\u0119 sieci wodoci\u0105gowej Gminy, budujemy kolejne kilometry dr\u00f3g bitumicznych, chodnik\u00f3w, poprawiamy wizerunek naszych miejscowo\u015bci i Gminy nie tylko na forum powiatu, ale i ca\u0142ego Mazowsza. Pozyskali\u015bmy te\u017c i staramy si\u0119 pozyskiwa\u0107 dalsze \u015brodki na inwestycje z Unii Europejskiej. Poprawiamy r\u00f3wnie\u017c kondycj\u0119 finansow\u0105 naszej Gminy przez sp\u0142acanie d\u0142ug\u00f3w zaci\u0105gni\u0119tych na potrzeby jej funkcjonowania w latach poprzednich.<\/p>\n<p style=\"text-align: justify;\"><strong>Szanowni Pa\u0144stwo, Drodzy Mieszka\u0144cy !<\/strong><\/p>\n<p style=\"text-align: justify;\">Chcia\u0142bym podzieli\u0107 si\u0119 z Wami informacj\u0105 na temat zrealizowanych zada\u0144 od chwili obj\u0119cia przeze mnie urz\u0119du W\u00f3jta, przedstawi\u0107 kondycj\u0119 finansow\u0105 Gminy, a tak\u017ce przedstawi\u0107 cele, kt\u00f3re postawi\u0142em przed sob\u0105 na kolejne lata sprawowania tej zaszczytnej funkcji. Dlatego te\u017c zapraszam wszystkich Mieszka\u0144c\u00f3w na spotkanie w Gminnym O\u015brodku Kultury w Sadownem w dniu 18 grudnia o godz. 12.15,<sup>\u00a0<\/sup>podczas kt\u00f3rego b\u0119dziemy mogli porozmawia\u0107 na temat dalszego rozwoju Gminy Sadowne.<\/p>\n<p style=\"text-align: justify;\"><strong>Licz\u0119, \u017ce po\u015bwi\u0119cicie mi Pa\u0144stwo sw\u00f3j czas, jak\u017ce cenny zw\u0142aszcza w okresie zbli\u017caj\u0105cych si\u0119 \u015awi\u0105t Bo\u017cego Narodzenia.<\/strong><\/p>\n<p style=\"text-align: justify;\"><strong>\u00a0\u00a0\u00a0\u00a0\u00a0\u00a0\u00a0\u00a0\u00a0\u00a0\u00a0\u00a0\u00a0\u00a0 Z wyrazami szacunku<\/strong><\/p>\n<p style=\"text-align: justify;\"><strong>\u00a0Waldemar Cyran &#8211;\u00a0<\/strong><strong>W\u00f3jt Gminy Sadowne<\/strong><\/p>\n","protected":false},"excerpt":{"rendered":"<p>&#8230;rocznicy wyboru na urz\u0105d W\u00f3jta Gminy Sadowne.<\/p>\n","protected":false},"author":1,"featured_media":0,"comment_status":"open","ping_status":"closed","sticky":false,"template":"","format":"standard","meta":{"footnotes":""},"categories":[1204,5,41],"tags":[2247,1033,614],"class_list":["post-14120","post","type-post","status-publish","format-standard","hentry","category-5-minut-o","category-newsy","category-wiesci-gminne","tag-5-minut-o-rocznicy-wyboru-na-urzad-wojta-gminy-sadowne","tag-waldemar-cyran","tag-wojt-gminy-sadowne"],"views":2773,"_links":{"self":[{"href":"https:\/\/info.sadowne.pl\/index.php?rest_route=\/wp\/v2\/posts\/14120","targetHints":{"allow":["GET"]}}],"collection":[{"href":"https:\/\/info.sadowne.pl\/index.php?rest_route=\/wp\/v2\/posts"}],"about":[{"href":"https:\/\/info.sadowne.pl\/index.php?rest_route=\/wp\/v2\/types\/post"}],"author":[{"embeddable":true,"href":"https:\/\/info.sadowne.pl\/index.php?rest_route=\/wp\/v2\/users\/1"}],"replies":[{"embeddable":true,"href":"https:\/\/info.sadowne.pl\/index.php?rest_route=%2Fwp%2Fv2%2Fcomments&post=14120"}],"version-history":[{"count":2,"href":"https:\/\/info.sadowne.pl\/index.php?rest_route=\/wp\/v2\/posts\/14120\/revisions"}],"predecessor-version":[{"id":14122,"href":"https:\/\/info.sadowne.pl\/index.php?rest_route=\/wp\/v2\/posts\/14120\/revisions\/14122"}],"wp:attachment":[{"href":"https:\/\/info.sadowne.pl\/index.php?rest_route=%2Fwp%2Fv2%2Fmedia&parent=14120"}],"wp:term":[{"taxonomy":"category","embeddable":true,"href":"https:\/\/info.sadowne.pl\/index.php?rest_route=%2Fwp%2Fv2%2Fcategories&post=14120"},{"taxonomy":"post_tag","embeddable":true,"href":"https:\/\/info.sadowne.pl\/index.php?rest_route=%2Fwp%2Fv2%2Ftags&post=14120"}],"curies":[{"name":"wp","href":"https:\/\/api.w.org\/{rel}","templated":true}]}}