{"id":14201,"date":"2016-12-14T17:33:49","date_gmt":"2016-12-14T16:33:49","guid":{"rendered":"http:\/\/www.infosadowne.boo.pl\/?p=14201"},"modified":"2020-04-24T15:54:42","modified_gmt":"2020-04-24T13:54:42","slug":"z-wigilia","status":"publish","type":"post","link":"https:\/\/info.sadowne.pl\/?p=14201","title":{"rendered":"Z Wigili\u0105 do ITAMED-u"},"content":{"rendered":"<p style=\"text-align: justify;\"><strong><img loading=\"lazy\" decoding=\"async\" class=\"alignleft size-thumbnail wp-image-14202\" src=\"http:\/\/www.info.sadowne.pl\/wp-content\/uploads\/2016\/12\/2016.12.14.51-180x130.jpg\" alt=\"2016-12-14-5\" width=\"180\" height=\"130\" \/>Wolontariuszki odwiedzi\u0142y pensjonariuszy z Centrum Opieku\u0144czo &#8211; Rehabilitacyjnego ITAMED w Sadolesiu.<\/strong><!--more--><\/p>\n<p style=\"text-align: justify;\">\u201eZ Wigili\u0105 zwykli\u015bmy \u0142\u0105czy\u0107 wspomnienia i obraz rodzinnego domu jako stra\u017cnika najpi\u0119kniejszych tradycji. Dzielenie si\u0119 op\u0142atkiem oraz \u015bpiewanie kol\u0119d wok\u00f3\u0142 bogato ustrojonej choinki to symbole wzajemnej jedno\u015bci, mi\u0142o\u015bci, pokoju. Mo\u017ce dlatego z rado\u015bci\u0105 podejmujemy wszelki trud, aby w tym podnios\u0142ym dniu znale\u017a\u0107 si\u0119 w gronie najbli\u017cszych os\u00f3b\u2026\u201d<\/p>\n<p style=\"text-align: justify;\">Dzi\u015b, 14 grudnia wolontariuszki odwiedzi\u0142y pensjonariuszy z Centrum Opieku\u0144czo &#8211; Rehabilitacyjnego ITAMED w Sadolesiu. Podczas spotkania m\u0142odzie\u017c \u015bpiewa\u0142a kol\u0119dy i m\u00f3wi\u0142a wiersze po\u015bwi\u0119cone tematyce \u015bwi\u0105t Bo\u017cego Narodzenia. Wolontariuszkom akompaniowa\u0142 jak zwykle niezawodny pan Kamil Kie\u0142ek. Wszyscy poczuli\u015bmy, \u017ce \u015bwi\u0119ta s\u0105 tu\u017c tu\u017c, a ich magia i szczeg\u00f3lna atmosfera otacza nas jak bia\u0142y \u015bnie\u017cny puch. Ten przed\u015bwi\u0105teczny czas sprzyja wszelkim spotkaniom, a nasze by\u0142o szczeg\u00f3lne.<\/p>\n<p style=\"text-align: justify;\">M\u0142odzie\u017c z naszego Zespo\u0142u Szk\u00f3\u0142 mog\u0142a odwiedzi\u0107 i umili\u0107 czas starszym osobom, kt\u00f3re nie cz\u0119sto maj\u0105 okazj\u0119 pos\u0142ucha\u0107 \u017cywego s\u0142owa i \u015bpiewu. Cieszymy si\u0119, \u017ce mamy mo\u017cliwo\u015b\u0107 spotyka\u0107 przemi\u0142ych ludzi, serdecznych i wdzi\u0119cznych. \u017byczymy wszystkim mieszka\u0144com Centrum du\u017co zdrowia, ciep\u0142a i mi\u0142o\u015bci w te nadchodz\u0105ce \u015bwi\u0119ta Bo\u017cego Narodzenia.<\/p>\n<p style=\"text-align: justify;\"><strong>Opiekun Szkolnego Ko\u0142a Wolontariatu <\/strong><\/p>\n<p style=\"text-align: justify;\"><strong>Ma\u0142gorzata Olton<\/strong><\/p>\n<p style=\"text-align: justify;\"><a href=\"https:\/\/photos.app.goo.gl\/xAJiHJHpTjrmiSXW8\" target=\"_blank\" rel=\"noopener noreferrer\"><span style=\"color: #0000ff;\"><strong>Zdj\u0119cia w galerii Google&gt;&gt;&gt;<\/strong><\/span><\/a><\/p>\n<p style=\"text-align: justify;\"><span style=\"color: #0000ff;\"><a style=\"color: #0000ff;\" href=\"https:\/\/youtu.be\/5ECq_RU1b3E\" target=\"_blank\" rel=\"noopener noreferrer\"><strong>Zobacz te\u017c film&gt;&gt;&gt;<\/strong><\/a><\/span><\/p>\n","protected":false},"excerpt":{"rendered":"<p>Wolontariuszki odwiedzi\u0142y pensjonariuszy z Centrum Opieku\u0144czo &#8211; Rehabilitacyjnego ITAMED w Sadolesiu.<\/p>\n","protected":false},"author":1,"featured_media":0,"comment_status":"open","ping_status":"closed","sticky":false,"template":"","format":"standard","meta":{"footnotes":""},"categories":[5,1752,1370,85],"tags":[1247,2256,838,2039,182],"class_list":["post-14201","post","type-post","status-publish","format-standard","hentry","category-newsy","category-edukacja","category-wolontariat","category-zsp","tag-centrum-opiekunczo-rehabilitacyjne-itamed","tag-kamil-kielek","tag-malgorzata-olton","tag-szkolne-kolo-wolontariatu-w-sadownem","tag-zespol-szkol-ponadgimnazjalnych-w-sadownem"],"views":3138,"_links":{"self":[{"href":"https:\/\/info.sadowne.pl\/index.php?rest_route=\/wp\/v2\/posts\/14201","targetHints":{"allow":["GET"]}}],"collection":[{"href":"https:\/\/info.sadowne.pl\/index.php?rest_route=\/wp\/v2\/posts"}],"about":[{"href":"https:\/\/info.sadowne.pl\/index.php?rest_route=\/wp\/v2\/types\/post"}],"author":[{"embeddable":true,"href":"https:\/\/info.sadowne.pl\/index.php?rest_route=\/wp\/v2\/users\/1"}],"replies":[{"embeddable":true,"href":"https:\/\/info.sadowne.pl\/index.php?rest_route=%2Fwp%2Fv2%2Fcomments&post=14201"}],"version-history":[{"count":5,"href":"https:\/\/info.sadowne.pl\/index.php?rest_route=\/wp\/v2\/posts\/14201\/revisions"}],"predecessor-version":[{"id":23180,"href":"https:\/\/info.sadowne.pl\/index.php?rest_route=\/wp\/v2\/posts\/14201\/revisions\/23180"}],"wp:attachment":[{"href":"https:\/\/info.sadowne.pl\/index.php?rest_route=%2Fwp%2Fv2%2Fmedia&parent=14201"}],"wp:term":[{"taxonomy":"category","embeddable":true,"href":"https:\/\/info.sadowne.pl\/index.php?rest_route=%2Fwp%2Fv2%2Fcategories&post=14201"},{"taxonomy":"post_tag","embeddable":true,"href":"https:\/\/info.sadowne.pl\/index.php?rest_route=%2Fwp%2Fv2%2Ftags&post=14201"}],"curies":[{"name":"wp","href":"https:\/\/api.w.org\/{rel}","templated":true}]}}