{"id":14284,"date":"2016-12-18T19:06:53","date_gmt":"2016-12-18T18:06:53","guid":{"rendered":"http:\/\/www.infosadowne.boo.pl\/?p=14284"},"modified":"2020-04-24T15:51:22","modified_gmt":"2020-04-24T13:51:22","slug":"spotkanie-z-mieszkancami","status":"publish","type":"post","link":"https:\/\/info.sadowne.pl\/?p=14284","title":{"rendered":"Spotkanie z mieszka\u0144cami"},"content":{"rendered":"<p style=\"text-align: justify;\"><strong><img loading=\"lazy\" decoding=\"async\" class=\"alignleft size-thumbnail wp-image-14285\" src=\"http:\/\/www.info.sadowne.pl\/wp-content\/uploads\/2016\/12\/2016.12.18.11-180x130.jpg\" alt=\"2016-12-18-11\" width=\"180\" height=\"130\" \/>18 grudnia w Gminnym O\u015brodku Kultury w Sadownem odby\u0142o si\u0119 spotkanie W\u00f3jta Gminy Sadowne p. Waldemara Cyrana z mieszka\u0144cami.<\/strong><!--more--><\/p>\n<p style=\"text-align: justify;\">Pomys\u0142 spotkania zrodzi\u0142 si\u0119 ju\u017c wcze\u015bniej, a jego pomys\u0142odawc\u0105 by\u0142 p. Waldemar Cyran, kt\u00f3ry w tym miesi\u0105cu obchodzi\u0142 drug\u0105 rocznic\u0119 wyboru i obj\u0119cia stanowiska W\u00f3jta Gminy.<\/p>\n<p style=\"text-align: justify;\">Jak sam ci\u0105gle powtarza, jego ide\u0105 i marzeniem jest wsp\u00f3\u0142dzia\u0142anie z mieszka\u0144cami w szerokim spektrum zada\u0144 realizowanych przez Nasz\u0105 Gmin\u0119, a wsp\u00f3\u0142dzia\u0142anie to powinno polega\u0107 na informowaniu spo\u0142ecze\u0144stwa o zrealizowanych zadaniach oraz planach na przysz\u0142o\u015b\u0107. Zamierzenia natomiast winny by\u0107 akceptowane przez zainteresowanych \u2013 czyli w tym przypadku mieszka\u0144c\u00f3w Gminy.<\/p>\n<p style=\"text-align: justify;\">Niedzielne spotkanie cieszy\u0142o si\u0119 du\u017cym zainteresowaniem. Znaczna liczba jego uczestnik\u00f3w wskazuje, i\u017c nasi mieszka\u0144cy s\u0105 \u201eg\u0142odni\u201d informacji o swojej Gminie, a tak\u017ce kontakt\u00f3w ze swoimi w\u0142adzami zw\u0142aszcza, gdy mog\u0105 akceptowa\u0107 w pe\u0142ni ich dzia\u0142alno\u015b\u0107 i zamierzenia. Sala GOK z ledwo\u015bci\u0105 pomie\u015bci\u0142a ch\u0119tnych tego kontaktu i wniosek z tego, \u017ce mo\u017ce czas pomy\u015ble\u0107 te\u017c (ju\u017c nie w przysz\u0142ym roku czy nast\u0119pnym, ale w kolejnej kadencji) o nowej inwestycji \u2013 Sali do tego rodzaju zgromadze\u0144. Opr\u00f3cz mieszka\u0144c\u00f3w Gminy, w tym przedstawicieli Rady Gminy, so\u0142ectw, wszystkich instytucji i Ochotniczej Stra\u017cy Po\u017carnej, tak wa\u017cne spotkanie zaszczyci\u0142y swoj\u0105 obecno\u015bci\u0105 przedstawicielki najwy\u017cszych w naszym wojew\u00f3dztwie w\u0142adz: p. Janina Ewa Orze\u0142owska \u2013 Wicemarsza\u0142ek Wojew\u00f3dztwa Mazowieckiego i p. El\u017cbieta Lanc \u2013 cz\u0142onek Zarz\u0105du Wojew\u00f3dztwa Mazowieckiego.<\/p>\n<p style=\"text-align: justify;\">P. W\u00f3jt, zwracaj\u0105c si\u0119 do przyby\u0142ych i dzi\u0119kuj\u0105c za dwuletni\u0105 wsp\u00f3\u0142prac\u0119, przypomnia\u0142 pocz\u0105tki swojej kadencji oraz g\u0142\u00f3wne has\u0142o kampanii wyborczej, kt\u00f3re towarzyszy mu w dalszych dzia\u0142aniach \u2013 ju\u017c na stanowisku W\u00f3jta: <em>\u201eSzacunek do ludzi, wiary i tradycji w nowoczesnej Gminie\u201d<\/em>. W tej tonacji da\u0142o si\u0119 te\u017c s\u0142ysze\u0107 kontynuacj\u0119 wypowiedzi naszego W\u0142odarza, kt\u00f3ry \u2013 podpieraj\u0105c si\u0119 prezentacj\u0105 multimedialn\u0105 \u2013 opowiedzia\u0142 o finansach, planach i wykonaniu bud\u017cetu, wydatkach, wykonanych inwestycjach i tworzeniu wizerunku Gminy oraz zamierzeniach na pozosta\u0142y okres swojej kadencji.<\/p>\n<p style=\"text-align: justify;\">Podsumowanie dwuletniej kadencji W\u00f3jta Gminy, po wys\u0142uchaniu sprawozdania, spotka\u0142o si\u0119 z akceptacj\u0105 s\u0142uchaczy i zaproszonych go\u015bci. Faktem jest, \u017ce w Naszej Gminie s\u0105 zauwa\u017calne istotne zmiany na plus, do kt\u00f3rych dosz\u0142o w\u0142a\u015bnie w ci\u0105gu dw\u00f3ch ostatnich lat, a wiele jeszcze mo\u017ce si\u0119 zmieni\u0107 \u2013 s\u0105 dobre i ciekawe pomys\u0142y, nowy bud\u017cet przewiduje dalsze inwestycje, s\u0105 te\u017c plany dalekosi\u0119\u017cne. I dobrze, bo ka\u017cda nowa inwestycja pozostawi \u201eco\u015b\u201d dla nas i dla przysz\u0142ych pokole\u0144. Nie spos\u00f3b tu wymienia\u0107 wszystkich zmian, kt\u00f3re ju\u017c nasta\u0142y, a tak\u017ce cyferek z nimi zwi\u0105zanych \u2013 mo\u017ce zobrazuj\u0105 to pokr\u00f3tce i przypomn\u0105 (nie wszystkie, ale wa\u017cniejsze wydarzenia z kadencji p. W\u00f3jta) zdj\u0119cia przedstawiaj\u0105ce cz\u0119\u015b\u0107 prezentacji multimedialnej. Zapraszam do ogl\u0105dania!<\/p>\n<p style=\"text-align: justify;\">A spotkanie? Zako\u0144czy\u0142o si\u0119 w mi\u0142ej i przyjacielskiej atmosferze, \u017cyczeniami od wszystkich i dla wszystkich z okazji zbli\u017caj\u0105cych si\u0119 \u015awi\u0105t Bo\u017cego Narodzenia<\/p>\n<p style=\"text-align: justify;\"><a href=\"https:\/\/photos.app.goo.gl\/Ghvg2NjC6Anwamns7\" target=\"_blank\" rel=\"noopener noreferrer\"><span style=\"color: #0000ff;\"><strong>Zdj\u0119cia w galerii Google&gt;&gt;&gt;<\/strong><\/span><\/a><\/p>\n<p style=\"text-align: justify;\"><span style=\"color: #0000ff;\"><a style=\"color: #0000ff;\" href=\"https:\/\/youtu.be\/wjtYubpMIXg\" target=\"_blank\" rel=\"noopener noreferrer\"><strong>Zobacz te\u017c film&gt;&gt;&gt;<\/strong><\/a><\/span><\/p>\n<p style=\"text-align: justify;\"><strong>Tekst\/foto:<\/strong> S\u0142awek Chyli\u0144ski<\/p>\n","protected":false},"excerpt":{"rendered":"<p>18 grudnia w Gminnym O\u015brodku Kultury w Sadownem odby\u0142o si\u0119 spotkanie W\u00f3jta Gminy Sadowne p. Waldemara Cyrana z mieszka\u0144cami.<\/p>\n","protected":false},"author":1,"featured_media":0,"comment_status":"open","ping_status":"closed","sticky":false,"template":"","format":"standard","meta":{"footnotes":""},"categories":[5,41],"tags":[2264,1033,614],"class_list":["post-14284","post","type-post","status-publish","format-standard","hentry","category-newsy","category-wiesci-gminne","tag-spotkanie-wojta-gminy-sadowne-z-mieszkancami","tag-waldemar-cyran","tag-wojt-gminy-sadowne"],"views":3047,"_links":{"self":[{"href":"https:\/\/info.sadowne.pl\/index.php?rest_route=\/wp\/v2\/posts\/14284","targetHints":{"allow":["GET"]}}],"collection":[{"href":"https:\/\/info.sadowne.pl\/index.php?rest_route=\/wp\/v2\/posts"}],"about":[{"href":"https:\/\/info.sadowne.pl\/index.php?rest_route=\/wp\/v2\/types\/post"}],"author":[{"embeddable":true,"href":"https:\/\/info.sadowne.pl\/index.php?rest_route=\/wp\/v2\/users\/1"}],"replies":[{"embeddable":true,"href":"https:\/\/info.sadowne.pl\/index.php?rest_route=%2Fwp%2Fv2%2Fcomments&post=14284"}],"version-history":[{"count":2,"href":"https:\/\/info.sadowne.pl\/index.php?rest_route=\/wp\/v2\/posts\/14284\/revisions"}],"predecessor-version":[{"id":23177,"href":"https:\/\/info.sadowne.pl\/index.php?rest_route=\/wp\/v2\/posts\/14284\/revisions\/23177"}],"wp:attachment":[{"href":"https:\/\/info.sadowne.pl\/index.php?rest_route=%2Fwp%2Fv2%2Fmedia&parent=14284"}],"wp:term":[{"taxonomy":"category","embeddable":true,"href":"https:\/\/info.sadowne.pl\/index.php?rest_route=%2Fwp%2Fv2%2Fcategories&post=14284"},{"taxonomy":"post_tag","embeddable":true,"href":"https:\/\/info.sadowne.pl\/index.php?rest_route=%2Fwp%2Fv2%2Ftags&post=14284"}],"curies":[{"name":"wp","href":"https:\/\/api.w.org\/{rel}","templated":true}]}}