{"id":14368,"date":"2016-12-31T17:52:04","date_gmt":"2016-12-31T16:52:04","guid":{"rendered":"http:\/\/www.infosadowne.boo.pl\/?p=14368"},"modified":"2020-04-24T15:48:07","modified_gmt":"2020-04-24T13:48:07","slug":"wkrotce-przybeda-goscie","status":"publish","type":"post","link":"https:\/\/info.sadowne.pl\/?p=14368","title":{"rendered":"Wkr\u00f3tce przyb\u0119d\u0105 go\u015bcie\u2026"},"content":{"rendered":"<p style=\"text-align: justify;\"><strong><img loading=\"lazy\" decoding=\"async\" class=\"alignleft size-thumbnail wp-image-14369\" src=\"http:\/\/www.info.sadowne.pl\/wp-content\/uploads\/2016\/12\/2016.12.31.11-180x130.jpg\" alt=\"2016-12-31-11\" width=\"180\" height=\"130\" \/>Tegoroczne Bale Sylwestrowe w Sadownem b\u0119d\u0105 do\u015b\u0107 huczne.<\/strong><!--more--><\/p>\n<p style=\"text-align: justify;\">Dwa najwi\u0119ksze odb\u0119d\u0105 si\u0119 w \u201eCaffe Marica\u201d i \u201eZa\u015bcianku\u201d. Organizatorzy \u201edopi\u0119li wszystko na ostatni guzik\u201d. Wkr\u00f3tce pojawi\u0105 si\u0119 pierwsi go\u015bcie.<\/p>\n<p style=\"text-align: justify;\"><strong>\u017byczymy udanej zabawy i wszystkiego dobrego sp\u0119dzaj\u0105cym Sylwestra w Sadownem i okolicy.<\/strong><\/p>\n<p style=\"text-align: justify;\"><a href=\"https:\/\/photos.app.goo.gl\/4AKFL9Di8oRSVkot5\" target=\"_blank\" rel=\"noopener noreferrer\"><span style=\"color: #0000ff;\"><strong>Zdj\u0119cia w galerii Google&gt;&gt;&gt;<\/strong><\/span><\/a><\/p>\n<p style=\"text-align: justify;\"><strong>Tekst\/foto:<\/strong> S\u0142awek Chyli\u0144ski<\/p>\n","protected":false},"excerpt":{"rendered":"<p>Tegoroczne Bale Sylwestrowe w Sadownem b\u0119d\u0105 do\u015b\u0107 huczne.<\/p>\n","protected":false},"author":1,"featured_media":0,"comment_status":"open","ping_status":"closed","sticky":false,"template":"","format":"standard","meta":{"footnotes":""},"categories":[5,1835,1],"tags":[2274,1732,25,1068],"class_list":["post-14368","post","type-post","status-publish","format-standard","hentry","category-newsy","category-caffe-marica","category-inne","tag-bale-sylwestrowe-w-sadownem","tag-caffe-marica-sadowne","tag-sadowne","tag-zascianek-nowy-styl"],"views":3573,"_links":{"self":[{"href":"https:\/\/info.sadowne.pl\/index.php?rest_route=\/wp\/v2\/posts\/14368","targetHints":{"allow":["GET"]}}],"collection":[{"href":"https:\/\/info.sadowne.pl\/index.php?rest_route=\/wp\/v2\/posts"}],"about":[{"href":"https:\/\/info.sadowne.pl\/index.php?rest_route=\/wp\/v2\/types\/post"}],"author":[{"embeddable":true,"href":"https:\/\/info.sadowne.pl\/index.php?rest_route=\/wp\/v2\/users\/1"}],"replies":[{"embeddable":true,"href":"https:\/\/info.sadowne.pl\/index.php?rest_route=%2Fwp%2Fv2%2Fcomments&post=14368"}],"version-history":[{"count":3,"href":"https:\/\/info.sadowne.pl\/index.php?rest_route=\/wp\/v2\/posts\/14368\/revisions"}],"predecessor-version":[{"id":23174,"href":"https:\/\/info.sadowne.pl\/index.php?rest_route=\/wp\/v2\/posts\/14368\/revisions\/23174"}],"wp:attachment":[{"href":"https:\/\/info.sadowne.pl\/index.php?rest_route=%2Fwp%2Fv2%2Fmedia&parent=14368"}],"wp:term":[{"taxonomy":"category","embeddable":true,"href":"https:\/\/info.sadowne.pl\/index.php?rest_route=%2Fwp%2Fv2%2Fcategories&post=14368"},{"taxonomy":"post_tag","embeddable":true,"href":"https:\/\/info.sadowne.pl\/index.php?rest_route=%2Fwp%2Fv2%2Ftags&post=14368"}],"curies":[{"name":"wp","href":"https:\/\/api.w.org\/{rel}","templated":true}]}}