{"id":14393,"date":"2017-01-05T14:14:47","date_gmt":"2017-01-05T13:14:47","guid":{"rendered":"http:\/\/www.infosadowne.boo.pl\/?p=14393"},"modified":"2017-01-05T14:14:47","modified_gmt":"2017-01-05T13:14:47","slug":"jak-minal-rok","status":"publish","type":"post","link":"https:\/\/info.sadowne.pl\/?p=14393","title":{"rendered":"Jak min\u0105\u0142 rok?"},"content":{"rendered":"<p style=\"text-align: justify;\"><strong><img loading=\"lazy\" decoding=\"async\" class=\"alignleft size-thumbnail wp-image-14394\" src=\"http:\/\/www.info.sadowne.pl\/wp-content\/uploads\/2017\/01\/2017.01.05.2-180x130.jpg\" alt=\"2017-01-05-2\" width=\"180\" height=\"130\" \/>Pocz\u0105tek ka\u017cdego roku jest okazj\u0105 do planowania przysz\u0142o\u015bci, ale te\u017c podsumowania poprzedniego. Jak wygl\u0105da\u0142 2016 rok u naszych Strzelc\u00f3w?<\/strong><!--more--><\/p>\n<p style=\"text-align: justify;\"><strong>Przypomnimy tylko\u2026<\/strong><\/p>\n<p style=\"text-align: justify;\">Jednostka Strzelecka 5001 zosta\u0142a reaktywowana w sierpniu 2013 roku. W jej sk\u0142ad wesz\u0142a dru\u017cyna strzelc\u00f3w z Warszawy i dru\u017cyna orl\u0105t z Ko\u0142odzi\u0105\u017ca. W ci\u0105gu trzech lat uda\u0142o si\u0119 rozbudowa\u0107 Jednostk\u0119 do wielko\u015bci 3 pluton\u00f3w: I Pluton \u2013 Warszawa, II Pluton \u2013 Sadowne i III Pluton \u2013 Kos\u00f3w Lacki, co upowa\u017cnia do stwierdzenia, \u017ce dysponuj\u0105 Jednostk\u0105 w sile kompanii, kt\u00f3ra w ci\u0105gu ca\u0142ego roku dalej si\u0119 rozbudowywa\u0142a. W 2014 roku Komendant G\u0142\u00f3wny m\u0142. insp. ZS Marek Matu\u0142a nada\u0142 Jednostce imi\u0119 Dywizjonu Huzar\u00f3w \u015amierci. Uroczysto\u015bci odby\u0142y si\u0119 2 sierpnia w Bazylice Mniejszej w Prostyni, gdzie w\u0142a\u015bnie 2 sierpnia 1920 roku \u017co\u0142nierze Dywizjonu Huzar\u00f3w \u015amierci sk\u0142adali swoj\u0105 przysi\u0119g\u0119 wojskow\u0105.<\/p>\n<p style=\"text-align: justify;\"><strong>Jak oceniaj\u0105 rok 2016 Strzelcy?<\/strong><\/p>\n<p style=\"text-align: justify;\">&#8211; <em>Rok 2016 to rok \u015bcis\u0142ej wsp\u00f3\u0142pracy z wojskiem, szczeg\u00f3lnie z Centrum Szkolenia \u0141\u0105czno\u015bci i Informatyki w Zegrzu oraz Wojskow\u0105 Akademi\u0105 Techniczn\u0105 w Warszawie, polegaj\u0105cej g\u0142\u00f3wnie na udziale Strzelc\u00f3w w szkoleniach bojowych i z \u0142\u0105czno\u015bci. Rok 2016 to tak\u017ce przygotowania do wsp\u00f3\u0142pracy z now\u0105 formacj\u0105 &#8211; Obron\u0105 Terytorialn\u0105 Kraju i wsp\u00f3lne \u0107wiczenia np. \u201eAnakonda 16\u201d, ale te\u017c praca na rzecz kszta\u0142cenia dzieci i m\u0142odzie\u017cy, r\u00f3wnie\u017c z terenu Gminy Sadowne, co zwi\u0105zane jest z podpisanym w listopadzie 2015 roku porozumieniem z Gmin\u0105 Sadowne<\/em> \u2013 podsumowuje rok Dow\u00f3dca \u00a0JS 5001 st. sier\u017c. ZS Micha\u0142 J\u00f3zefowski.<\/p>\n<p style=\"text-align: justify;\">A wi\u0119cej o minionym roku i dzia\u0142alno\u015bci Jednostki mo\u017cemy poczyta\u0107 na naszym Portalu w zak\u0142adce \u201e<span style=\"color: #0000ff;\"><strong><a style=\"color: #0000ff;\" href=\"http:\/\/www.info.sadowne.pl\/?cat=645\" target=\"_blank\">Edukacja, JS 5001 ZS Strzelec<\/a><\/strong><\/span>\u201d.<\/p>\n<p style=\"text-align: justify;\"><a href=\"http:\/\/www.info.sadowne.pl\/wp-content\/uploads\/2017\/01\/2017.01.05.1.jpg\" target=\"_blank\"><img loading=\"lazy\" decoding=\"async\" class=\"alignright wp-image-14395 size-medium\" src=\"http:\/\/www.info.sadowne.pl\/wp-content\/uploads\/2017\/01\/2017.01.05.1-300x216.jpg\" alt=\"2017-01-05-1\" width=\"300\" height=\"216\" srcset=\"https:\/\/info.sadowne.pl\/wp-content\/uploads\/2017\/01\/2017.01.05.1-300x216.jpg 300w, https:\/\/info.sadowne.pl\/wp-content\/uploads\/2017\/01\/2017.01.05.1-180x130.jpg 180w, https:\/\/info.sadowne.pl\/wp-content\/uploads\/2017\/01\/2017.01.05.1.jpg 796w\" sizes=\"auto, (max-width: 300px) 100vw, 300px\" \/><\/a>Oni sami promuj\u0105 r\u00f3wnie\u017c swoje dzia\u0142ania w mediach. Ostatni numer 1\/2016 wydawnictwa Zwi\u0105zku Strzeleckiego o nazwie \u201eStrzelec\u201d jest w\u0142a\u015bnie swoistym podsumowaniem dzia\u0142a\u0144 Jednostek, w\u015br\u00f3d kt\u00f3rych zaznacza swoj\u0105 obecno\u015b\u0107 JS im. Dywizjonu Huzar\u00f3w \u015amierci. Nie spos\u00f3b pomin\u0105\u0107, i s\u0142usznie, np. organizacji Gry Miejskiej: \u015bladami cichociemnych powsta\u0144c\u00f3w warszawskich, kt\u00f3ra odby\u0142a si\u0119 w Warszawie 2 pa\u017adziernika ubieg\u0142ego roku, ale \u015brodowisko naszych Strzelc\u00f3w bardzo mi\u0142o te\u017c wspomina \u00a0wiosenny kurs unitarny w Sadownem. I tu mamy mo\u017cliwo\u015b\u0107 powspominania i zacytowania kilku wypowiedzi, kt\u00f3re umieszczono we wspomnianym wy\u017cej wydawnictwie:<\/p>\n<p style=\"text-align: justify;\">&#8211; <em>Zaj\u0119cia unitarne, kt\u00f3re odby\u0142y si\u0119 w dniach 8-10 kwietnia, uwa\u017cam za udane. Mi\u0142a atmosfera, sympatyczni ludzie. Troch\u0119 krzyku, ale te\u017c spokoju. Obiad ca\u0142kiem smaczny (groch\u00f3wka). Na tych zaj\u0119ciach mogli\u015bmy si\u0119 dokszta\u0142ci\u0107 z temat\u00f3w, kt\u00f3re by\u0142y tam omawiane, najlepiej wspominam zrywanie kontaktu i \u0142uskanie australijskie\u2026 Pozna\u0142am wiele nowych os\u00f3b, z niekt\u00f3rymi nawet si\u0119 zaprzyja\u017ani\u0142am. Dzi\u0119ki takim zaj\u0119ciom stajemy si\u0119 lepsi i nabieramy wi\u0119kszych umiej\u0119tno\u015bci i do\u015bwiadczenia<\/em> \u2013 strz. ZS Magdalena Bereza.<\/p>\n<p style=\"text-align: justify;\"><a href=\"http:\/\/www.info.sadowne.pl\/wp-content\/uploads\/2017\/01\/2017.01.05.3.jpg\" target=\"_blank\"><img loading=\"lazy\" decoding=\"async\" class=\"alignleft wp-image-14396 size-medium\" src=\"http:\/\/www.info.sadowne.pl\/wp-content\/uploads\/2017\/01\/2017.01.05.3-300x200.jpg\" alt=\"2017-01-05-3\" width=\"300\" height=\"200\" srcset=\"https:\/\/info.sadowne.pl\/wp-content\/uploads\/2017\/01\/2017.01.05.3-300x200.jpg 300w, https:\/\/info.sadowne.pl\/wp-content\/uploads\/2017\/01\/2017.01.05.3.jpg 783w\" sizes=\"auto, (max-width: 300px) 100vw, 300px\" \/><\/a>&#8211; <em>\u2026W szkoleniu bra\u0142o udzia\u0142 prawie 80 os\u00f3b: z Kosowa Lackiego, P\u0142o\u0144ska, Warszawy, Wo\u0142omina i Z\u0105bek oraz r\u00f3wnie\u017c z Sadownego. Celem szkolenia unitarnego by\u0142o zintegrowanie si\u0119 z oddzia\u0142ami i jednostk\u0105 oraz poznanie podstawowych umiej\u0119tno\u015bci \u017co\u0142nierskich, poprawienie kondycji fizycznej oraz wykszta\u0142cenie postaw obywatelskich i patriotycznych. Pierwszego dnia szkolenia ka\u017cdy przywita\u0142 i zapozna\u0142 si\u0119 z innymi uczestnikami oraz zakwaterowa\u0142, nast\u0119pnie odby\u0142 si\u0119 uroczysty apel, na kt\u00f3rym nast\u0105pi\u0142o wci\u0105gni\u0119cie flagi na maszt i przywitanie strzelc\u00f3w przez por. Marcina Sochonia, W\u00f3jta Gminy Sadowne P. Waldemara Cyrana oraz starszego sier\u017canta ZS Micha\u0142a J\u00f3zefowskiego\u2026 By\u0142y to bardzo intensywne 3 dni, na kt\u00f3rych wiele si\u0119 nauczyli\u015bmy. By\u0142o czu\u0107 podnios\u0142o\u015b\u0107 i patriotyzm tego szkolenia i jednocze\u015bnie po\u017cytecznie i mile sp\u0119dzony czas, za kt\u00f3ry wielkie s\u0142owa uznania i podzi\u0119kowania nale\u017c\u0105 si\u0119 organizatorom tego kursu oraz w\u00f3jtowi Gminy Sadowne p. Waldemarowi Cyranowi za wsparcie logistyczne. Oby wi\u0119cej takich szkole\u0144 w przysz\u0142o\u015bci<\/em> \u2013 strz. ZS Sylwia J\u00f3\u017awik.<\/p>\n<p style=\"text-align: justify;\"><a href=\"http:\/\/www.info.sadowne.pl\/wp-content\/uploads\/2017\/01\/2017.01.05.4.jpg\" target=\"_blank\"><img loading=\"lazy\" decoding=\"async\" class=\"alignright wp-image-14397 size-medium\" src=\"http:\/\/www.info.sadowne.pl\/wp-content\/uploads\/2017\/01\/2017.01.05.4-300x200.jpg\" alt=\"2017-01-05-4\" width=\"300\" height=\"200\" srcset=\"https:\/\/info.sadowne.pl\/wp-content\/uploads\/2017\/01\/2017.01.05.4-300x200.jpg 300w, https:\/\/info.sadowne.pl\/wp-content\/uploads\/2017\/01\/2017.01.05.4.jpg 783w\" sizes=\"auto, (max-width: 300px) 100vw, 300px\" \/><\/a>&#8211; <em>Najbardziej utkwi\u0142 mi w pami\u0119ci apel rozpoczynaj\u0105cy kurs. Kiedy nasi koledzy wci\u0105gali na maszt bia\u0142o-czerwon\u0105 flag\u0119. By\u0142 to dla mnie jeden z najbardziej podnios\u0142ych moment\u00f3w tego szkolenia. Stoj\u0105c w mundurze z flag\u0105 na ramieniu i or\u0142em strzeleckim na berecie, czu\u0142em dum\u0119, \u017ce mog\u0119 by\u0107 w tym miejscu i jedno\u015b\u0107 wszystkich uczestnik\u00f3w. By\u0142o to niesamowite prze\u017cycie<\/em> \u2013 st. strz. ZS Daniel Przesmycki.<\/p>\n<p style=\"text-align: justify;\">Nic doda\u0107, nic uj\u0105\u0107, Strzelcy sami ocenili i wyrazili swoje odczucia\u2026 Powt\u00f3rzymy za Strzelcami: \u201eOby wi\u0119cej takich szkole\u0144 w przysz\u0142o\u015bci\u2026\u201d. By\u0107 mo\u017ce tak i to ju\u017c wkr\u00f3tce, ale czas poka\u017ce.<\/p>\n<p style=\"text-align: justify;\">Strzelcy maj\u0105 dalekosi\u0119\u017cne plany i moc pracy przy rekrutacji, szkoleniach i by\u0107 mo\u017ce, wkr\u00f3tce, przygotowywaniu siedziby Jednostki w centrum Sadownego. S\u0105 te\u017c i inne plany, ale o tym p\u00f3\u017aniej. B\u0119dziemy przygl\u0105da\u0107 si\u0119 ich dzia\u0142alno\u015bci i informowa\u0107 Pa\u0144stwa o nowych wydarzeniach. Zach\u0119camy te\u017c do \u015bledzenia facebookowej strony <span style=\"color: #0000ff;\"><strong><a style=\"color: #0000ff;\" href=\"https:\/\/www.facebook.com\/JednostkaStrzelecka5001\/\" target=\"_blank\">Jednostki Strzeleckiej 5001<\/a><\/strong><\/span>.<\/p>\n<p style=\"text-align: justify;\"><strong>Tekst:<\/strong> S\u0142awek Chyli\u0144ski<\/p>\n","protected":false},"excerpt":{"rendered":"<p>Pocz\u0105tek ka\u017cdego roku jest okazj\u0105 do planowania przysz\u0142o\u015bci, ale te\u017c podsumowania poprzedniego. Jak wygl\u0105da\u0142 2016 rok u naszych Strzelc\u00f3w?<\/p>\n","protected":false},"author":1,"featured_media":0,"comment_status":"open","ping_status":"closed","sticky":false,"template":"","format":"standard","meta":{"footnotes":""},"categories":[5,1752,645],"tags":[519,25,476],"class_list":["post-14393","post","type-post","status-publish","format-standard","hentry","category-newsy","category-edukacja","category-js-5001-strzelec","tag-jednostka-strzelecka-5001","tag-sadowne","tag-zwiazek-strzelecki-strzelec"],"views":2911,"_links":{"self":[{"href":"https:\/\/info.sadowne.pl\/index.php?rest_route=\/wp\/v2\/posts\/14393","targetHints":{"allow":["GET"]}}],"collection":[{"href":"https:\/\/info.sadowne.pl\/index.php?rest_route=\/wp\/v2\/posts"}],"about":[{"href":"https:\/\/info.sadowne.pl\/index.php?rest_route=\/wp\/v2\/types\/post"}],"author":[{"embeddable":true,"href":"https:\/\/info.sadowne.pl\/index.php?rest_route=\/wp\/v2\/users\/1"}],"replies":[{"embeddable":true,"href":"https:\/\/info.sadowne.pl\/index.php?rest_route=%2Fwp%2Fv2%2Fcomments&post=14393"}],"version-history":[{"count":1,"href":"https:\/\/info.sadowne.pl\/index.php?rest_route=\/wp\/v2\/posts\/14393\/revisions"}],"predecessor-version":[{"id":14398,"href":"https:\/\/info.sadowne.pl\/index.php?rest_route=\/wp\/v2\/posts\/14393\/revisions\/14398"}],"wp:attachment":[{"href":"https:\/\/info.sadowne.pl\/index.php?rest_route=%2Fwp%2Fv2%2Fmedia&parent=14393"}],"wp:term":[{"taxonomy":"category","embeddable":true,"href":"https:\/\/info.sadowne.pl\/index.php?rest_route=%2Fwp%2Fv2%2Fcategories&post=14393"},{"taxonomy":"post_tag","embeddable":true,"href":"https:\/\/info.sadowne.pl\/index.php?rest_route=%2Fwp%2Fv2%2Ftags&post=14393"}],"curies":[{"name":"wp","href":"https:\/\/api.w.org\/{rel}","templated":true}]}}