{"id":14470,"date":"2017-01-14T18:43:35","date_gmt":"2017-01-14T17:43:35","guid":{"rendered":"http:\/\/www.infosadowne.boo.pl\/?p=14470"},"modified":"2017-01-14T18:43:35","modified_gmt":"2017-01-14T17:43:35","slug":"natalka-marzycielka","status":"publish","type":"post","link":"https:\/\/info.sadowne.pl\/?p=14470","title":{"rendered":"Natalka \u2013 marzycielka"},"content":{"rendered":"<p><strong><img loading=\"lazy\" decoding=\"async\" class=\"alignleft size-thumbnail wp-image-14472\" src=\"http:\/\/www.info.sadowne.pl\/wp-content\/uploads\/2017\/01\/2017.01.14.1-180x130.jpg\" alt=\"\" width=\"180\" height=\"130\" \/>Lekarze chorych dzieci twierdz\u0105, \u017ce spe\u0142nianie najwi\u0119kszego marzenia dziecka daje mu si\u0142y do zmagania si\u0119 z chorob\u0105. Tak te\u017c chyba jest w przypadku ma\u0142ej Natalki.<\/strong><!--more--><\/p>\n<p>W niedziel\u0119 14 stycznia mieli\u015bmy okazj\u0119 obejrze\u0107 Natalk\u0119 Subd\u0119 w programie telewizyjnej jedynki \u201eMy Wy Oni\u201d. W programie tym popularna aktorka Ma\u0142gorzata Ko\u017cuchowska prowadzi rozmowy z chorymi dzie\u0107mi &#8211; ma\u0142ymi marzycielami, kt\u00f3rzy nie bali si\u0119 marzy\u0107, a ich marzenia si\u0119 spe\u0142nia\u0142y.<\/p>\n<p><a href=\"http:\/\/www.info.sadowne.pl\/wp-content\/uploads\/2017\/01\/2017.01.14.2.jpg\" target=\"_blank\"><img loading=\"lazy\" decoding=\"async\" class=\"alignright wp-image-14473 size-medium\" src=\"http:\/\/www.info.sadowne.pl\/wp-content\/uploads\/2017\/01\/2017.01.14.2-300x199.jpg\" width=\"300\" height=\"199\" srcset=\"https:\/\/info.sadowne.pl\/wp-content\/uploads\/2017\/01\/2017.01.14.2-300x199.jpg 300w, https:\/\/info.sadowne.pl\/wp-content\/uploads\/2017\/01\/2017.01.14.2.jpg 515w\" sizes=\"auto, (max-width: 300px) 100vw, 300px\" \/><\/a>Wszyscy znamy Natalk\u0119 Subd\u0119 z Sadownego, kt\u00f3ra ka\u017cdego dnia boryka si\u0119 z dr\u0119cz\u0105c\u0105 j\u0105 mukowiscydoz\u0105. O Natalce, jej problemach zdrowotnych i koniecznym wsparciu dla niej pisali\u015bmy ju\u017c kilkakrotnie, ale tym razem nie chodzi o chorob\u0119, a o\u2026 marzenia, kt\u00f3re maj\u0105 chyba wszystkie dzieci. Trzeba mie\u0107 takie marzenia i wierzy\u0107, \u017ce si\u0119 spe\u0142ni\u0105.<\/p>\n<p>I spe\u0142niaj\u0105 si\u0119 \u2013 dzi\u0119ki Fundacji \u201eMam marzenie\u201d. Jak wiemy, Natalce uda\u0142o si\u0119 zrealizowa\u0107 pierwsze marzenie: zagranie jednej z r\u00f3l w polskim filmie. W ubieg\u0142ym roku mogli\u015bmy j\u0105 zobaczy\u0107 w popularnym serialu telewizyjnym \u201eSzpital\u201d, ale w niedzielnym programie \u201eMy Wy Oni\u201d wyjawia kolejne swoje marzenie \u2013 chce zosta\u0107 aktork\u0105. Nie czeka jednak bezczynnie na spe\u0142nienie kolejnego marzenia, a uczy si\u0119 roli do swojego pierwszego przedstawienia, kt\u00f3re wszyscy b\u0119d\u0105 mogli obejrze\u0107 ju\u017c 20 stycznia w Gminnym O\u015brodku Kultury w Sadownem.<\/p>\n<p>O marzeniach Natalki i ich realizacji dowiemy si\u0119 wi\u0119cej z materia\u0142u filmowego <span style=\"color: #0000ff;\"><a style=\"color: #0000ff;\" href=\"http:\/\/vod.tvp.pl\/28350993\/14012017-0955\" target=\"_blank\"><strong>\u201eMy Wy Oni\u201d&gt;&gt;&gt;<\/strong><\/a><\/span><\/p>\n<p><strong>Tekst: <\/strong>S\u0142awek Chyli\u0144ski<\/p>\n<p><strong>\u0179r\u00f3d\u0142o: <\/strong><a href=\"http:\/\/vod.tvp.pl\/28350993\/14012017-0955\" target=\"_blank\">http:\/\/vod.tvp.pl\/28350993\/14012017-0955<\/a><\/p>\n","protected":false},"excerpt":{"rendered":"<p>Lekarze chorych dzieci twierdz\u0105, \u017ce spe\u0142nianie najwi\u0119kszego marzenia dziecka daje mu si\u0142y do zmagania si\u0119 z chorob\u0105. Tak te\u017c chyba jest w przypadku ma\u0142ej Natalki.<\/p>\n","protected":false},"author":1,"featured_media":0,"comment_status":"open","ping_status":"closed","sticky":false,"template":"","format":"standard","meta":{"footnotes":""},"categories":[5,1],"tags":[2292,1550],"class_list":["post-14470","post","type-post","status-publish","format-standard","hentry","category-newsy","category-inne","tag-fundacja-mam-marzenie","tag-natalia-subda"],"views":3399,"_links":{"self":[{"href":"https:\/\/info.sadowne.pl\/index.php?rest_route=\/wp\/v2\/posts\/14470","targetHints":{"allow":["GET"]}}],"collection":[{"href":"https:\/\/info.sadowne.pl\/index.php?rest_route=\/wp\/v2\/posts"}],"about":[{"href":"https:\/\/info.sadowne.pl\/index.php?rest_route=\/wp\/v2\/types\/post"}],"author":[{"embeddable":true,"href":"https:\/\/info.sadowne.pl\/index.php?rest_route=\/wp\/v2\/users\/1"}],"replies":[{"embeddable":true,"href":"https:\/\/info.sadowne.pl\/index.php?rest_route=%2Fwp%2Fv2%2Fcomments&post=14470"}],"version-history":[{"count":1,"href":"https:\/\/info.sadowne.pl\/index.php?rest_route=\/wp\/v2\/posts\/14470\/revisions"}],"predecessor-version":[{"id":14475,"href":"https:\/\/info.sadowne.pl\/index.php?rest_route=\/wp\/v2\/posts\/14470\/revisions\/14475"}],"wp:attachment":[{"href":"https:\/\/info.sadowne.pl\/index.php?rest_route=%2Fwp%2Fv2%2Fmedia&parent=14470"}],"wp:term":[{"taxonomy":"category","embeddable":true,"href":"https:\/\/info.sadowne.pl\/index.php?rest_route=%2Fwp%2Fv2%2Fcategories&post=14470"},{"taxonomy":"post_tag","embeddable":true,"href":"https:\/\/info.sadowne.pl\/index.php?rest_route=%2Fwp%2Fv2%2Ftags&post=14470"}],"curies":[{"name":"wp","href":"https:\/\/api.w.org\/{rel}","templated":true}]}}