{"id":14674,"date":"2017-01-24T13:33:30","date_gmt":"2017-01-24T12:33:30","guid":{"rendered":"http:\/\/www.infosadowne.boo.pl\/?p=14674"},"modified":"2020-04-24T15:37:56","modified_gmt":"2020-04-24T13:37:56","slug":"jestesmy-razem-3","status":"publish","type":"post","link":"https:\/\/info.sadowne.pl\/?p=14674","title":{"rendered":"&#8222;Jeste\u015bmy Razem&#8221;"},"content":{"rendered":"<p><img loading=\"lazy\" decoding=\"async\" class=\"alignleft wp-image-14676 size-thumbnail\" src=\"http:\/\/www.info.sadowne.pl\/wp-content\/uploads\/2017\/01\/2017.01.24.1-180x130.jpg\" width=\"180\" height=\"130\" \/><\/p>\n<p><strong>Jeste\u015bmy razem z tymi, kt\u00f3rzy na nas czekaj\u0105. Wczoraj odwiedzi\u0142y\u015bmy pensjonariuszy Domu Opieki ITADEM w Sadolesiu. <\/strong><!--more--><\/p>\n<p>Bardzo lubimy tam przyje\u017cd\u017ca\u0107, a wczorajsza okazja by\u0142a wyj\u0105tkowa, bardzo wa\u017cna dla nas wszystkich&#8230;. Dzie\u0144 Babci i Dziadka. Wolontariuszki przygotowa\u0142y na ten dzie\u0144 kr\u00f3tki wyst\u0119p bogaty w wiersze i piosenki z lat m\u0142odo\u015bci mieszka\u0144c\u00f3w Domu w Sadolesiu.<\/p>\n<p>Za ka\u017cdym razem, gdy odwiedzamy pensjonariuszy Domu Opieki Itamed, czujemy pe\u0142ne akceptacji oczekiwanie na to, co przygotowa\u0142y dziewcz\u0119ta, jakie b\u0119d\u0105 wiersze, piosenki, o czym b\u0119dziemy rozmawia\u0107 i jak wsp\u00f3lnie sp\u0119dzimy czas.<\/p>\n<p>Wszystkie wolontariuszki, a jest ich obecnie 30, z wielk\u0105 ch\u0119ci\u0105 odwiedzaj\u0105 mieszka\u0144c\u00f3w ITAMED-u. Czekaj\u0105 na te wyjazdy z wielk\u0105 niecierpliwo\u015bci\u0105 i rado\u015bci\u0105. I wiem, \u017ce te uczucia s\u0105 odwzajemnione.<\/p>\n<p>Opr\u00f3cz piosenek i wierszy, wolontariuszki przygotowa\u0142y r\u00f3wnie\u017c dla ka\u017cdej &#8222;Babci&#8221; i ka\u017cdego &#8222;Dziadka&#8221;, w\u0142asnor\u0119cznie wykonan\u0105 poczt\u00f3wk\u0119 z pi\u0119kn\u0105 dedykacj\u0105 i \u017cyczeniami du\u017co zdrowia i jak najwi\u0119cej radosnych dni.<\/p>\n<p>Ju\u017c planujemy nast\u0119pne spotkanie, bez okazji, tak po prostu wsp\u00f3lnie sp\u0119dzimy czas&#8230;<\/p>\n<p><a href=\"https:\/\/photos.app.goo.gl\/JQ9PZqYgfbWZhPaf7\" target=\"_blank\" rel=\"noopener noreferrer\"><span style=\"color: #0000ff;\"><strong>Zdj\u0119cia w galerii Google&gt;&gt;&gt;<\/strong><\/span><\/a><\/p>\n<p><strong>Ma\u0142gorzata Olton \u2013 Opiekun SKW<\/strong><\/p>\n","protected":false},"excerpt":{"rendered":"<p>Jeste\u015bmy razem z tymi, kt\u00f3rzy na nas czekaj\u0105. Wczoraj odwiedzi\u0142y\u015bmy pensjonariuszy Domu Opieki ITADEM w Sadolesiu.<\/p>\n","protected":false},"author":1,"featured_media":0,"comment_status":"closed","ping_status":"closed","sticky":false,"template":"","format":"standard","meta":{"footnotes":""},"categories":[5,1752,1370,85],"tags":[1247,838,2039],"class_list":["post-14674","post","type-post","status-publish","format-standard","hentry","category-newsy","category-edukacja","category-wolontariat","category-zsp","tag-centrum-opiekunczo-rehabilitacyjne-itamed","tag-malgorzata-olton","tag-szkolne-kolo-wolontariatu-w-sadownem"],"views":3018,"_links":{"self":[{"href":"https:\/\/info.sadowne.pl\/index.php?rest_route=\/wp\/v2\/posts\/14674","targetHints":{"allow":["GET"]}}],"collection":[{"href":"https:\/\/info.sadowne.pl\/index.php?rest_route=\/wp\/v2\/posts"}],"about":[{"href":"https:\/\/info.sadowne.pl\/index.php?rest_route=\/wp\/v2\/types\/post"}],"author":[{"embeddable":true,"href":"https:\/\/info.sadowne.pl\/index.php?rest_route=\/wp\/v2\/users\/1"}],"replies":[{"embeddable":true,"href":"https:\/\/info.sadowne.pl\/index.php?rest_route=%2Fwp%2Fv2%2Fcomments&post=14674"}],"version-history":[{"count":2,"href":"https:\/\/info.sadowne.pl\/index.php?rest_route=\/wp\/v2\/posts\/14674\/revisions"}],"predecessor-version":[{"id":23166,"href":"https:\/\/info.sadowne.pl\/index.php?rest_route=\/wp\/v2\/posts\/14674\/revisions\/23166"}],"wp:attachment":[{"href":"https:\/\/info.sadowne.pl\/index.php?rest_route=%2Fwp%2Fv2%2Fmedia&parent=14674"}],"wp:term":[{"taxonomy":"category","embeddable":true,"href":"https:\/\/info.sadowne.pl\/index.php?rest_route=%2Fwp%2Fv2%2Fcategories&post=14674"},{"taxonomy":"post_tag","embeddable":true,"href":"https:\/\/info.sadowne.pl\/index.php?rest_route=%2Fwp%2Fv2%2Ftags&post=14674"}],"curies":[{"name":"wp","href":"https:\/\/api.w.org\/{rel}","templated":true}]}}