{"id":14683,"date":"2017-01-24T20:36:27","date_gmt":"2017-01-24T19:36:27","guid":{"rendered":"http:\/\/www.infosadowne.boo.pl\/?p=14683"},"modified":"2020-04-24T15:36:43","modified_gmt":"2020-04-24T13:36:43","slug":"gitara-i-keyboard","status":"publish","type":"post","link":"https:\/\/info.sadowne.pl\/?p=14683","title":{"rendered":"Gitara i keyboard"},"content":{"rendered":"<p><strong><img loading=\"lazy\" decoding=\"async\" class=\"alignleft size-thumbnail wp-image-14685\" src=\"http:\/\/www.info.sadowne.pl\/wp-content\/uploads\/2017\/01\/2017.01.24.11-180x130.jpg\" alt=\"\" width=\"180\" height=\"130\" \/>24 stycznia w GOK zaprezentowali swoje umiej\u0119tno\u015bci cz\u0142onkowie ko\u0142a muzycznego prowadzonego przez p. Ew\u0119 Jakubik.<\/strong><!--more--><\/p>\n<p>Drugie z kolei spotkanie w Gminnym O\u015brodku Kultury w Sadownem z cyklu \u201ePrezentacje artystyczne\u201d da\u0142o okazj\u0119 do zaprezentowania swoich umiej\u0119tno\u015bci przez cz\u0142onk\u00f3w ko\u0142a muzycznego, kt\u00f3re przy GOK prowadzi p. Ewa Jakubik. Widzowie tym razem ze \u201esceny\u201d mogli us\u0142ysze\u0107 instrumentalne, gitarowe i keyboardowe, wykonanie kol\u0119d i pastora\u0142ek, a wykonawc\u00f3w zapowiada\u0142, po raz pierwszy w tej roli, p. Marcin Skarpetowski.<\/p>\n<p><strong>Kolejno wyst\u0105pili i przedstawili instrumentaln\u0105 wersj\u0119 kol\u0119d:<\/strong><\/p>\n<p>&#8211; Beata Kalbarczyk, Olga Maliszewska i Marta Ogonowska (gitara) \u2013 \u201eLulaj\u017ce Jezuniu, \u201eCicha noc\u201d i \u201ePrzybie\u017celi do Betlejem\u201d<\/p>\n<p>&#8211; Zuzanna Adamczewska (gitara) \u2013 \u201eW\u015br\u00f3d nocnej ciszy\u201d i \u201eZ narodzenia Pana\u201d<\/p>\n<p>&#8211; Wiktoria Decyk (gitara) \u2013 \u201eGdy \u015bliczna Panna\u201d i \u201eW \u017c\u0142obie le\u017cy\u201d<\/p>\n<p>&#8211; Wiktoria Ga\u0142\u0105zka (gitara) \u2013 \u201eW\u015br\u00f3d nocnej ciszy\u201d i \u201eP\u00f3jd\u017amy wszyscy do stajenki\u201d<\/p>\n<p>&#8211; Izabela Ilczuk (keyboard) \u2013 \u201eW\u015br\u00f3d nocnej ciszy\u201d i \u201ePrzybie\u017celi do Betlejem\u201d<\/p>\n<p>&#8211; Zuzanna Gierej (gitara) \u2013 \u201eLulaj\u017ce Jezuniu\u201d i \u201eZ narodzenia Pana\u201d<\/p>\n<p>&#8211; Hubert Ga\u0142\u0105zka (gitara) \u2013 \u201eGdy \u015bliczna Panna\u201d i \u201eW \u017c\u0142obie le\u017cy\u201d<\/p>\n<p>&#8211; Julia Ksi\u0105\u017cek (gitara) \u2013 \u201eZ narodzenia Pana\u201d i \u201eW\u015br\u00f3d nocnej ciszy\u201d<\/p>\n<p>&#8211; Ewelina Olton (keyboard) \u2013 \u201eP\u00f3jd\u017amy wszyscy do stajenki\u201d i \u201ePrzybie\u017celi do Betlejem\u201d<\/p>\n<p>&#8211; Natalia Kasiak (gitara) \u2013 \u201eDzisiaj w Betlejem\u201d i \u201eGdy \u015bliczna Panna\u201d<\/p>\n<p>&#8211; Paulina Jecha (gitara) \u2013 \u201eDo szopy, hej, pasterze\u201d i \u201eW \u017c\u0142obie le\u017cy\u201d<\/p>\n<p>&#8211; Piotr Myszkowski (keyboard) \u2013 \u201eP\u00f3jd\u017amy wszyscy do stajenki\u201d i \u201ePrzybie\u017celi do Betlejem\u201d<\/p>\n<p>&#8211; Piotr Olton (gitara) \u2013 \u201eJezus malusie\u0144ki\u201d i \u201eCicha noc\u201d<\/p>\n<p>&#8211; Emilia Opieka (gitara) \u2013 \u201eW \u017c\u0142obie le\u017cy\u201d i \u201eDo szopy, hej, pasterze\u201d<\/p>\n<p>&#8211; Wiktoria Decyk (keyboard) \u2013 \u201eGore gwiazda Jezusowi\u201d i \u201eCicha noc\u201d<\/p>\n<p>&#8211; Natalia Rostek (gitara) \u2013 \u201eZ narodzenia Pana\u201d i \u201eW \u017c\u0142obie le\u017cy\u201d<\/p>\n<p>&#8211; Zuzanna Majba\u0144ska, Weronika Szyma\u0144czyk (gitara) \u2013 \u201eLulaj\u017ce Jezuniu\u201d i \u201eDzisiaj w Betlejem\u201d<\/p>\n<p>&#8211; Maja Sobczyk (gitara) \u2013 \u201eCicha noc\u201d i \u201eDo szopy, hej, pasterze\u201d<\/p>\n<p>&#8211; Katarzyna Subda (gitara) \u2013 \u201eLulaj\u017ce Jezuniu\u201d i \u201eW\u015br\u00f3d nocnej ciszy\u201d<\/p>\n<p>&#8211; Oliwia Oni\u015bk (keyboard) \u2013 \u201eGdy \u015bliczna Panna\u201d i \u201eDo szopy, hej, pasterze\u201d<\/p>\n<p>&#8211; Adrian Samsel (gitara) \u2013 \u201eJezus malusie\u0144ki\u201d i \u201eW \u017c\u0142obie le\u017cy\u201d<\/p>\n<p>&#8211; Michalina Zakrzewska (gitara) \u2013 \u201eZ narodzenia Pana\u201d i \u201eGdy \u015bliczna Panna\u201d<\/p>\n<p>&#8211; Amelia Pu\u015bcion (keyboard) \u2013 \u201eW\u015br\u00f3d nocnej ciszy\u201d i \u201eP\u00f3jd\u017amy wszyscy do stajenki\u201d<\/p>\n<p>&#8211; Aleksandra Zi\u00f3\u0142kowska (gitara) \u2013 \u201eGdy \u015bliczna Panna\u201d i \u201eZ narodzenia Pana\u201d<\/p>\n<p>Muzycy zaprezentowali do\u015b\u0107 wysoki poziom, kt\u00f3re po ka\u017cdym wyst\u0119pie nagradzano brawami i symbolicznym kwiatkiem.<\/p>\n<p><a href=\"https:\/\/photos.app.goo.gl\/qs98qqDt629xSt1N7\" target=\"_blank\" rel=\"noopener noreferrer\"><span style=\"color: #0000ff;\"><strong>Zdj\u0119cia w galerii Google&gt;&gt;&gt;<\/strong><\/span><\/a><\/p>\n<p><strong>Tekst\/foto:<\/strong> S\u0142awek Chyli\u0144ski<\/p>\n","protected":false},"excerpt":{"rendered":"<p>24 stycznia w GOK zaprezentowali swoje umiej\u0119tno\u015bci cz\u0142onkowie ko\u0142a muzycznego prowadzonego przez p. Ew\u0119 Jakubik.<\/p>\n","protected":false},"author":1,"featured_media":0,"comment_status":"closed","ping_status":"closed","sticky":false,"template":"","format":"standard","meta":{"footnotes":""},"categories":[5,91,6],"tags":[212,169,2321,2290],"class_list":["post-14683","post","type-post","status-publish","format-standard","hentry","category-newsy","category-gminny-osrodek-kultury","category-kultura-rozrywka-edukacja","tag-ewa-jakubik","tag-gminny-osrodek-kultury-w-sadownem","tag-kolo-muzyczne-gok-sadowne","tag-spotkanie-z-cyklu-prezentacje-artystyczne-w-sadownem"],"views":3459,"_links":{"self":[{"href":"https:\/\/info.sadowne.pl\/index.php?rest_route=\/wp\/v2\/posts\/14683","targetHints":{"allow":["GET"]}}],"collection":[{"href":"https:\/\/info.sadowne.pl\/index.php?rest_route=\/wp\/v2\/posts"}],"about":[{"href":"https:\/\/info.sadowne.pl\/index.php?rest_route=\/wp\/v2\/types\/post"}],"author":[{"embeddable":true,"href":"https:\/\/info.sadowne.pl\/index.php?rest_route=\/wp\/v2\/users\/1"}],"replies":[{"embeddable":true,"href":"https:\/\/info.sadowne.pl\/index.php?rest_route=%2Fwp%2Fv2%2Fcomments&post=14683"}],"version-history":[{"count":2,"href":"https:\/\/info.sadowne.pl\/index.php?rest_route=\/wp\/v2\/posts\/14683\/revisions"}],"predecessor-version":[{"id":23165,"href":"https:\/\/info.sadowne.pl\/index.php?rest_route=\/wp\/v2\/posts\/14683\/revisions\/23165"}],"wp:attachment":[{"href":"https:\/\/info.sadowne.pl\/index.php?rest_route=%2Fwp%2Fv2%2Fmedia&parent=14683"}],"wp:term":[{"taxonomy":"category","embeddable":true,"href":"https:\/\/info.sadowne.pl\/index.php?rest_route=%2Fwp%2Fv2%2Fcategories&post=14683"},{"taxonomy":"post_tag","embeddable":true,"href":"https:\/\/info.sadowne.pl\/index.php?rest_route=%2Fwp%2Fv2%2Ftags&post=14683"}],"curies":[{"name":"wp","href":"https:\/\/api.w.org\/{rel}","templated":true}]}}