{"id":14769,"date":"2017-02-06T12:18:43","date_gmt":"2017-02-06T11:18:43","guid":{"rendered":"http:\/\/www.infosadowne.boo.pl\/?p=14769"},"modified":"2017-02-06T12:18:43","modified_gmt":"2017-02-06T11:18:43","slug":"wolontariat-dziala","status":"publish","type":"post","link":"https:\/\/info.sadowne.pl\/?p=14769","title":{"rendered":"Wolontariat dzia\u0142a!"},"content":{"rendered":"<p><strong><a href=\"http:\/\/www.info.sadowne.pl\/wp-content\/uploads\/2016\/12\/2016.12.14.51.jpg\" target=\"_blank\"><img loading=\"lazy\" decoding=\"async\" class=\"alignleft wp-image-14202 size-thumbnail\" src=\"http:\/\/www.info.sadowne.pl\/wp-content\/uploads\/2016\/12\/2016.12.14.51-180x130.jpg\" width=\"180\" height=\"130\" \/><\/a>Wolontariat dzia\u0142a, jest nas coraz wi\u0119cej, mamy bardzo du\u017co pomys\u0142\u00f3w i zapa\u0142u do dalszej pracy! <\/strong><!--more--><\/p>\n<p>Szkolne Ko\u0142o Wolontariatu liczy ju\u017c 30 cz\u0142onk\u00f3w, co jest powodem do dumy, bo ewidentnie oznacza, \u017ce m\u0142odzi ludzie chc\u0105 pomaga\u0107, maj\u0105 zapa\u0142 do pracy i energi\u0119 do wykorzystania w bardzo dobrej sprawie.<\/p>\n<p>Chcemy si\u0119 ze wszystkimi podzieli\u0107 tym, co uda\u0142o nam si\u0119 zrobi\u0107, zrealizowa\u0107 i czym zajmowali\u015bmy si\u0119 w minionym semestrze roku szkolnego 2016\/2017:<\/p>\n<ol>\n<li><a href=\"http:\/\/www.info.sadowne.pl\/wp-content\/uploads\/2016\/12\/2016.12.12.1.jpg\" target=\"_blank\"><img loading=\"lazy\" decoding=\"async\" class=\"alignright wp-image-14163 size-medium\" src=\"http:\/\/www.info.sadowne.pl\/wp-content\/uploads\/2016\/12\/2016.12.12.1-300x200.jpg\" width=\"300\" height=\"200\" srcset=\"https:\/\/info.sadowne.pl\/wp-content\/uploads\/2016\/12\/2016.12.12.1-300x200.jpg 300w, https:\/\/info.sadowne.pl\/wp-content\/uploads\/2016\/12\/2016.12.12.1.jpg 783w\" sizes=\"auto, (max-width: 300px) 100vw, 300px\" \/><\/a>Odwiedzi\u0142y\u015bmy Specjalny O\u015brodek Szkolno &#8211; Wychowawczy w W\u0119growie. Wolontariuszki zorganizowa\u0142y spotkanie z dzie\u0107mi, podczas kt\u00f3rego wsp\u00f3lnie ozdabia\u0142y z nimi piernikowe serca. To spotkanie by\u0142o ogromnie mi\u0142e dla wszystkich uczestnik\u00f3w. Wsp\u00f3lne rozmowy, \u015bmiech i pomoc dzieciom oraz \u015bwiadomo\u015b\u0107, \u017ce pomimo r\u00f3\u017cnic wszyscy jeste\u015bmy tacy sami. Mamy przecie\u017c te same potrzeby, czasem tylko inaczej radzimy sobie w \u017cyciu. Jednak \u015bwiadomo\u015b\u0107, \u017ce mo\u017cemy liczy\u0107 na pomoc innych daje ogromne poczucie przynale\u017cno\u015bci do grupy ludzi, na kt\u00f3rych mo\u017cemy liczy\u0107. Miko\u0142ajkowe spotkanie z dzie\u0107mi ze Specjalnego O\u015brodka w W\u0119growie to pocz\u0105tek dalszej wsp\u00f3\u0142pracy, mamy ju\u017c plany na nast\u0119pne spotkania i pomys\u0142y na to, jak fajnie sp\u0119dzi\u0107 czas z dzie\u0107mi z O\u015brodka.<\/li>\n<li><a href=\"http:\/\/www.info.sadowne.pl\/wp-content\/uploads\/2017\/01\/2017.01.24.1.jpg\" target=\"_blank\"><img loading=\"lazy\" decoding=\"async\" class=\"alignleft wp-image-14676 size-medium\" src=\"http:\/\/www.info.sadowne.pl\/wp-content\/uploads\/2017\/01\/2017.01.24.1-300x207.jpg\" width=\"300\" height=\"207\" srcset=\"https:\/\/info.sadowne.pl\/wp-content\/uploads\/2017\/01\/2017.01.24.1-300x207.jpg 300w, https:\/\/info.sadowne.pl\/wp-content\/uploads\/2017\/01\/2017.01.24.1.jpg 734w\" sizes=\"auto, (max-width: 300px) 100vw, 300px\" \/><\/a>Sta\u0142ym miejscem naszych odwiedzin jest Centrum Opieku\u0144czo &#8211; Rehabilitacyjne ITAMED w Sadolesiu. Odwiedza\u0142y\u015bmy pensjonariuszy aby z nimi wsp\u00f3lnie kol\u0119dowa\u0107 przed \u015bwi\u0119tami Bo\u017cego Narodzenia oraz aby by\u0107 z nimi podczas Dnia Babci i Dziadka. Wszyscy na te spotkania bardzo czekamy, sprawiaj\u0105 nam one ogromn\u0105 przyjemno\u015b\u0107. Ta sympatia jest odwzajemniona i czujemy jej ogromn\u0105 si\u0142\u0119 podczas ka\u017cdej wizyty.<\/li>\n<li>Nadal sprzedajemy systematycznie ciasta pieczone przez wolontariuszki. Dzieci ze szko\u0142y podstawowej w Sadownem rado\u015bnie reaguj\u0105 na ka\u017cd\u0105 sprzeda\u017c ciasteczek, a my jeste\u015bmy im bardzo wdzi\u0119czne, \u017ce tak licznie odwiedzaj\u0105 \u201eciasteczkowe\u201d stoisko.<\/li>\n<\/ol>\n<p><a href=\"http:\/\/www.info.sadowne.pl\/wp-content\/uploads\/2016\/09\/2016.09.20.14.jpg\" target=\"_blank\"><img loading=\"lazy\" decoding=\"async\" class=\"alignright wp-image-13596 size-medium\" src=\"http:\/\/www.info.sadowne.pl\/wp-content\/uploads\/2016\/09\/2016.09.20.14-300x198.jpg\" width=\"300\" height=\"198\" srcset=\"https:\/\/info.sadowne.pl\/wp-content\/uploads\/2016\/09\/2016.09.20.14-300x198.jpg 300w, https:\/\/info.sadowne.pl\/wp-content\/uploads\/2016\/09\/2016.09.20.14.jpg 792w\" sizes=\"auto, (max-width: 300px) 100vw, 300px\" \/><\/a>Za pieni\u0105dze ze sprzeda\u017cy ciast wsparli\u015bmy finansowo uczennic\u0119 naszej szko\u0142y, kt\u00f3rej sp\u0142on\u0105\u0142 w po\u017carze dom. Wszyscy uczniowie oraz wolontariusze wzi\u0119li udzia\u0142 w zbi\u00f3rce pieni\u0119dzy, dzi\u0119ki czemu uda\u0142o si\u0119 zebra\u0107 spor\u0105 kwot\u0119, kt\u00f3r\u0105 przekazali\u015bmy rodzicom uczennicy.<\/p>\n<ol start=\"4\">\n<li>Wraz ze sprzeda\u017c\u0105 ciast przygotowali\u015bmy przed \u015bwi\u0119tami loteri\u0119 fantow\u0105, kt\u00f3ra cieszy\u0142a si\u0119 wielk\u0105 popularno\u015bci\u0105 w\u015br\u00f3d dzieci. Zabawki na loteri\u0119 dostarczy\u0142y wolontariuszki. Zarobione ze sprzeda\u017cy ciast i z loterii fantowej pieni\u0105dze przeznaczyli\u015bmy na akcj\u0119 \u201e\u015awi\u0105teczna Paczka\u201d. Uda\u0142o nam si\u0119 przygotowa\u0107 prezenty dla 5 uczni\u00f3w z naszej szko\u0142y, kt\u00f3rych sytuacja finansowa i rodzinna jest bardzo trudna.<\/li>\n<li><a href=\"http:\/\/www.info.sadowne.pl\/wp-content\/uploads\/2016\/12\/2016.12.20.2.jpg\" target=\"_blank\"><img loading=\"lazy\" decoding=\"async\" class=\"alignleft wp-image-14309 size-medium\" src=\"http:\/\/www.info.sadowne.pl\/wp-content\/uploads\/2016\/12\/2016.12.20.2-300x169.jpg\" width=\"300\" height=\"169\" srcset=\"https:\/\/info.sadowne.pl\/wp-content\/uploads\/2016\/12\/2016.12.20.2-300x169.jpg 300w, https:\/\/info.sadowne.pl\/wp-content\/uploads\/2016\/12\/2016.12.20.2.jpg 800w\" sizes=\"auto, (max-width: 300px) 100vw, 300px\" \/><\/a>\u015awi\u0119ta Bo\u017cego Narodzenia to r\u00f3wnie\u017c czas, gdy wolontariusze rozwo\u017c\u0105 paczki przygotowane przez mieszka\u0144c\u00f3w Sadownego. Przy wsp\u00f3\u0142pracy z ksi\u0119dzem Danielem Obzejd\u0105 oraz p. Andrzejem Szczechur\u0105 rozwie\u017ali\u015bmy 22 paczki, przygotowane g\u0142\u00f3wnie dla os\u00f3b starszych, chorych, samotnych. Widzieli\u015bmy rado\u015b\u0107 przez \u0142zy, s\u0142owa podzi\u0119kowania, cz\u0119sto zdziwienie i niedowierzanie\u2026 w takich chwilach wiemy, \u017ce wolontariat to dobra energia, kt\u00f3ra idzie w \u015bwiat z ka\u017cdym nawet niewielkim gestem skierowanym do drugiego cz\u0142owieka.<\/li>\n<li>Nadal zbieramy korki dla Kuby, odbieramy ze sklep\u00f3w, ze szko\u0142y w Ko\u0142odzi\u0105\u017cu, od prywatnych os\u00f3b. Bardzo wszystkim dzi\u0119kujemy za pami\u0119\u0107 i wsp\u00f3\u0142prac\u0119.<\/li>\n<\/ol>\n<p><a href=\"http:\/\/www.info.sadowne.pl\/wp-content\/uploads\/2016\/12\/2016.11.07.11.jpg\" target=\"_blank\"><img loading=\"lazy\" decoding=\"async\" class=\"alignright wp-image-14067 size-medium\" src=\"http:\/\/www.info.sadowne.pl\/wp-content\/uploads\/2016\/12\/2016.11.07.11-300x198.jpg\" width=\"300\" height=\"198\" srcset=\"https:\/\/info.sadowne.pl\/wp-content\/uploads\/2016\/12\/2016.11.07.11-300x198.jpg 300w, https:\/\/info.sadowne.pl\/wp-content\/uploads\/2016\/12\/2016.11.07.11.jpg 795w\" sizes=\"auto, (max-width: 300px) 100vw, 300px\" \/><\/a>Pierwszy semestr roku szkolnego 2016\/2017 to r\u00f3wnie\u017c nagroda dla naszego Szkolnego Ko\u0142a Wolontariatu od Marsza\u0142ka Wojew\u00f3dztwa Mazowieckiego, kt\u00f3ry doceni\u0142 nasz\u0105 prac\u0119 i zaanga\u017cowanie. Zaj\u0119li\u015bmy II miejsce w wojew\u00f3dztwie mazowieckim za podj\u0119te dzia\u0142ania nios\u0105ce pomoc i wsparcie dla potrzebuj\u0105cych.<\/p>\n<p>Ta nagroda nale\u017cy si\u0119 wszystkim wolontariuszom nale\u017c\u0105cym do Naszego Ko\u0142a, ale r\u00f3wnie\u017c wszystkim osobom, kt\u00f3re wspieraj\u0105 nasze dzia\u0142ania: Panu dyrektorowi ZSP w Sadownem S\u0142awomirowi Ryszawie, Panu w\u00f3jtowi Waldemarowi Cyranowi, wszystkim nauczycielom, kt\u00f3rzy uczestnicz\u0105 w r\u00f3\u017cnych akcjach oraz Panu Emilowi Filipiakowi, kt\u00f3ry corocznie aktywnie wspiera finansowo nasz\u0105 akcj\u0119 \u201e\u015awi\u0105teczna Paczka\u201d. Jeszcze raz bardzo dzi\u0119kuj\u0119!<\/p>\n<p><a href=\"http:\/\/www.info.sadowne.pl\/wp-content\/uploads\/2016\/12\/2016.12.01.11.jpg\" target=\"_blank\"><img loading=\"lazy\" decoding=\"async\" class=\"aligncenter wp-image-13942 size-medium\" src=\"http:\/\/www.info.sadowne.pl\/wp-content\/uploads\/2016\/12\/2016.12.01.11-300x200.jpg\" width=\"300\" height=\"200\" srcset=\"https:\/\/info.sadowne.pl\/wp-content\/uploads\/2016\/12\/2016.12.01.11-300x200.jpg 300w, https:\/\/info.sadowne.pl\/wp-content\/uploads\/2016\/12\/2016.12.01.11.jpg 783w\" sizes=\"auto, (max-width: 300px) 100vw, 300px\" \/><\/a><\/p>\n<p>Wi\u0119cej o dzia\u0142alno\u015bci Szkolnego Ko\u0142a Wolontariatu przy ZSP w Sadownem mo\u017cna poczyta\u0107 na stronie\u00a0<span style=\"color: #0000ff;\"><strong><a style=\"color: #0000ff;\" href=\"http:\/\/www.info.sadowne.pl\/?cat=1370\" target=\"_blank\">http:\/\/www.info.sadowne.pl\/?cat=1370<\/a>.<\/strong><\/span><\/p>\n<p><strong>Ma\u0142gorzata Olton \u2013 opiekun SKW<\/strong><\/p>\n","protected":false},"excerpt":{"rendered":"<p>Wolontariat dzia\u0142a, jest nas coraz wi\u0119cej, mamy bardzo du\u017co pomys\u0142\u00f3w i zapa\u0142u do dalszej pracy!<\/p>\n","protected":false},"author":1,"featured_media":0,"comment_status":"closed","ping_status":"closed","sticky":false,"template":"","format":"standard","meta":{"footnotes":""},"categories":[5,1752,1370,85],"tags":[838,2039,182],"class_list":["post-14769","post","type-post","status-publish","format-standard","hentry","category-newsy","category-edukacja","category-wolontariat","category-zsp","tag-malgorzata-olton","tag-szkolne-kolo-wolontariatu-w-sadownem","tag-zespol-szkol-ponadgimnazjalnych-w-sadownem"],"views":2796,"_links":{"self":[{"href":"https:\/\/info.sadowne.pl\/index.php?rest_route=\/wp\/v2\/posts\/14769","targetHints":{"allow":["GET"]}}],"collection":[{"href":"https:\/\/info.sadowne.pl\/index.php?rest_route=\/wp\/v2\/posts"}],"about":[{"href":"https:\/\/info.sadowne.pl\/index.php?rest_route=\/wp\/v2\/types\/post"}],"author":[{"embeddable":true,"href":"https:\/\/info.sadowne.pl\/index.php?rest_route=\/wp\/v2\/users\/1"}],"replies":[{"embeddable":true,"href":"https:\/\/info.sadowne.pl\/index.php?rest_route=%2Fwp%2Fv2%2Fcomments&post=14769"}],"version-history":[{"count":2,"href":"https:\/\/info.sadowne.pl\/index.php?rest_route=\/wp\/v2\/posts\/14769\/revisions"}],"predecessor-version":[{"id":14772,"href":"https:\/\/info.sadowne.pl\/index.php?rest_route=\/wp\/v2\/posts\/14769\/revisions\/14772"}],"wp:attachment":[{"href":"https:\/\/info.sadowne.pl\/index.php?rest_route=%2Fwp%2Fv2%2Fmedia&parent=14769"}],"wp:term":[{"taxonomy":"category","embeddable":true,"href":"https:\/\/info.sadowne.pl\/index.php?rest_route=%2Fwp%2Fv2%2Fcategories&post=14769"},{"taxonomy":"post_tag","embeddable":true,"href":"https:\/\/info.sadowne.pl\/index.php?rest_route=%2Fwp%2Fv2%2Ftags&post=14769"}],"curies":[{"name":"wp","href":"https:\/\/api.w.org\/{rel}","templated":true}]}}