{"id":14869,"date":"2017-02-11T14:12:20","date_gmt":"2017-02-11T13:12:20","guid":{"rendered":"http:\/\/www.infosadowne.boo.pl\/?p=14869"},"modified":"2020-04-24T15:34:07","modified_gmt":"2020-04-24T13:34:07","slug":"dzien-mysli-braterskiej-2","status":"publish","type":"post","link":"https:\/\/info.sadowne.pl\/?p=14869","title":{"rendered":"Dzie\u0144 My\u015bli Braterskiej"},"content":{"rendered":"<p><strong><img loading=\"lazy\" decoding=\"async\" class=\"alignleft size-thumbnail wp-image-14871\" src=\"http:\/\/www.info.sadowne.pl\/wp-content\/uploads\/2017\/02\/2017.02.11.1-180x130.jpg\" alt=\"\" width=\"180\" height=\"130\" \/>10 lutego w Sadownem odby\u0142o si\u0119 spotkanie w\u0119growskiego Hufca ZHP \u201eDoliny Liwca\u201d im. hm. Edmunda Zarzyckiego. Okazj\u0105 ku temu by\u0142 ju\u017c tradycyjnie organizowany Dzie\u0144 My\u015bli Braterskiej.<\/strong><!--more--><\/p>\n<p>Dzie\u0144 My\u015bli Braterskiej to \u015bwi\u0119to wszystkich harcerzy &#8211; \u015bwi\u0119to przyja\u017ani, okazywania braterstwa we wsp\u00f3lnej s\u0142u\u017cbie. Obchodzony jest 22 lutego w dniu rocznicy urodzin sir Roberta Baden-Powell-za\u0142o\u017cyciela \u015bwiatowego skautingu oraz jego \u017cony Olave Baden-Powell. Pocz\u0105tkowo by\u0142 to dzie\u0144 czczony wy\u0142\u0105cznie przez dziewcz\u0119ta, dopiero p\u00f3\u017aniej do\u0142\u0105czyli do nich skauci.<\/p>\n<p>W tym dniu harcerze ro\u017cnych \u015brodowisk, zrzeszeni w hufcach, spotykaj\u0105 si\u0119 przy ogniskach, na \u015bwiecowiskach, sk\u0142adaj\u0105 lub wysy\u0142aj\u0105 sobie \u017cyczenia, wsp\u00f3lnie \u015bpiewaj\u0105, organizuj\u0105 gry terenowe itp.<\/p>\n<p>\u015awi\u0119to ma na celu u\u015bwiadomienie wszystkim harcerzom i skautom, \u017ce niewa\u017cny jest kolor sk\u00f3ry, miejsce zamieszkania, czy wiek- wszyscy jeste\u015bmy bra\u0107mi. Wszyscy powinni\u015bmy by\u0107 \u201e\u015bwiat\u0142em dla innych\u201d \u2013 pokazywa\u0107 w\u0142asnym \u017cyciem jak \u017cy\u0107, jak by\u0107 dobrym, nie\u015b\u0107 rado\u015b\u0107, troszczy\u0107 si\u0119 o drugiego cz\u0142owieka ale te\u017c przeprosi\u0107 kiedy zawinili\u015bmy, zapomina\u0107 o krzywdach nam wyrz\u0105dzonych i przebacza\u0107.<\/p>\n<p>Robert Baden-Powell w swym po\u017cegnalnym li\u015bcie do skaut\u00f3w napisa\u0142: &#8222;Prawdziwe szcz\u0119\u015bcie znajdziecie w uszcz\u0119\u015bliwianiu innych. Spr\u00f3bujcie zostawi\u0107 \u015bwiat troszk\u0119 lepszym, ni\u017c go zastali\u015bcie.&#8221; Warto spr\u00f3bowa\u0107, to nic nie kosztuje&#8230;<\/p>\n<p>W tym roku \u015bwi\u0119to to zorganizowa\u0142a u siebie 123 Dru\u017cyna Harcerska \u201eW\u0142\u00f3czykije\u201d. Przyby\u0142y na nie przedstawiciele dru\u017cyn harcerskich z ca\u0142ego powiatu w\u0119growskiego. Sadowie\u0144skie spotkanie rozpocz\u0119\u0142o \u201e\u015bwiecowisko\u201d, po czym harcerze od\u015bpiewali wsp\u00f3lnie piosenk\u0119 \u201eP\u0142onie ognisko w lesie\u2026\u201d.<\/p>\n<p>Uczestnik\u00f3w Dnia My\u015bli Braterskiej powita\u0142a i przekaza\u0142a na ich r\u0119ce podzi\u0119kowania od \u015brodowiska harcerskiego organizatorka spotkania druhna Sylwia Ilczuk, po czym oficjalne prowadzenie spotkania przej\u0105\u0142 Komendant Hufca \u201eDoliny Liwca\u201d phm. Daniel Turniak.<\/p>\n<p>Uroczyste spotkanie sta\u0142o si\u0119 okazj\u0105 do szczeg\u00f3lnych podzi\u0119kowa\u0144 dla wsp\u00f3\u0142pracuj\u0105cych z Hufcem p. Ma\u0142gorzaty Koro\u015b \u2013 Dyrektora Szko\u0142y Podstawowej w Sadownem i p. Wojciecha Zakrzewskiego \u2013 Le\u015bniczego Le\u015bnictwa Sadowne. Wyr\u00f3\u017cniono ich tytu\u0142em honorowego cz\u0142onka braci harcerskiej.<\/p>\n<p>Sta\u0142ym elementem takich spotka\u0144 jest oficjalne odebranie przyrzecze\u0144, a tak\u017ce wr\u0119czenie wyr\u00f3\u017cnie\u0144. Tym razem Komendant Hufca wr\u0119cza\u0142 patenty, odebra\u0142 przyrzeczenia harcerskie i zobowi\u0105zania instruktorskie, a tak\u017ce wr\u0119czy\u0142 harcerzom dyplomy uznania od Komendanta Chor\u0105gwi Mazowieckiej i Komendanta Hufca.<\/p>\n<p>Po gaw\u0119dzie \u201eBy\u0107 \u015bwiat\u0142em dla innych\u201d spotkanie u\u015bwietni\u0142 warsztatami profilaktycznymi, koncertem oraz filmem \u201eSolidarno\u015b\u0107 Walcz\u0105ca\u201d p. Pawe\u0142 Przewo\u017any. Nast\u0119pnie uczczono rocznice urodzin druhen i druh\u00f3w, kt\u00f3rzy w tych dniach je obchodz\u0105, wykonano wsp\u00f3lne zdj\u0119cie i zata\u0144czono \u201eBelgijk\u0119\u201d. By\u0142 te\u017c wsp\u00f3lny \u015bpiew i harce oraz \u017cyczenia dalszej, owocnej harcerskiej s\u0142u\u017cby, a spotkanie zako\u0144czy\u0142a 180-osobowa iskierka.<\/p>\n<p><a href=\"https:\/\/photos.app.goo.gl\/kBK3wjhzXVbebvm37\" target=\"_blank\" rel=\"noopener noreferrer\"><span style=\"color: #0000ff;\"><strong>Zdj\u0119cia w galerii Google&gt;&gt;&gt;<\/strong><\/span><\/a><\/p>\n<p><span style=\"color: #0000ff;\"><a style=\"color: #0000ff;\" href=\"https:\/\/youtu.be\/eeZ51meicvw\" target=\"_blank\" rel=\"noopener noreferrer\"><strong>Zobacz te\u017c film&gt;&gt;&gt;<\/strong><\/a><\/span><\/p>\n<p><strong>Tekst: <\/strong>Sylwia Ilczuk\/S\u0142awek Chyli\u0144ski<\/p>\n<p><strong>Zdj\u0119cia:<\/strong> S\u0142awek Chyli\u0144ski<\/p>\n","protected":false},"excerpt":{"rendered":"<p>10 lutego w Sadownem odby\u0142o si\u0119 spotkanie w\u0119growskiego Hufca ZHP \u201eDoliny Liwca\u201d im. hm. Edmunda Zarzyckiego. Okazj\u0105 ku temu by\u0142 ju\u017c tradycyjnie organizowany Dzie\u0144 My\u015bli Braterskiej.<\/p>\n","protected":false},"author":1,"featured_media":0,"comment_status":"closed","ping_status":"closed","sticky":false,"template":"","format":"standard","meta":{"footnotes":""},"categories":[5,1670,1752],"tags":[1937,2342,2341,361],"class_list":["post-14869","post","type-post","status-publish","format-standard","hentry","category-newsy","category-druzyna-harcerska-wloczykije","category-edukacja","tag-123-druzyna-harcerska-wloczykije-w-sadownem","tag-dzien-mysli-braterskiej-w-sadownem","tag-hufiec-zhp-doliny-liwca-w-wegrowie","tag-sylwia-ilczuk"],"views":5306,"_links":{"self":[{"href":"https:\/\/info.sadowne.pl\/index.php?rest_route=\/wp\/v2\/posts\/14869","targetHints":{"allow":["GET"]}}],"collection":[{"href":"https:\/\/info.sadowne.pl\/index.php?rest_route=\/wp\/v2\/posts"}],"about":[{"href":"https:\/\/info.sadowne.pl\/index.php?rest_route=\/wp\/v2\/types\/post"}],"author":[{"embeddable":true,"href":"https:\/\/info.sadowne.pl\/index.php?rest_route=\/wp\/v2\/users\/1"}],"replies":[{"embeddable":true,"href":"https:\/\/info.sadowne.pl\/index.php?rest_route=%2Fwp%2Fv2%2Fcomments&post=14869"}],"version-history":[{"count":2,"href":"https:\/\/info.sadowne.pl\/index.php?rest_route=\/wp\/v2\/posts\/14869\/revisions"}],"predecessor-version":[{"id":23163,"href":"https:\/\/info.sadowne.pl\/index.php?rest_route=\/wp\/v2\/posts\/14869\/revisions\/23163"}],"wp:attachment":[{"href":"https:\/\/info.sadowne.pl\/index.php?rest_route=%2Fwp%2Fv2%2Fmedia&parent=14869"}],"wp:term":[{"taxonomy":"category","embeddable":true,"href":"https:\/\/info.sadowne.pl\/index.php?rest_route=%2Fwp%2Fv2%2Fcategories&post=14869"},{"taxonomy":"post_tag","embeddable":true,"href":"https:\/\/info.sadowne.pl\/index.php?rest_route=%2Fwp%2Fv2%2Ftags&post=14869"}],"curies":[{"name":"wp","href":"https:\/\/api.w.org\/{rel}","templated":true}]}}