{"id":14999,"date":"2017-02-26T09:55:29","date_gmt":"2017-02-26T08:55:29","guid":{"rendered":"http:\/\/www.infosadowne.boo.pl\/?p=14999"},"modified":"2020-04-24T15:29:36","modified_gmt":"2020-04-24T13:29:36","slug":"anakondy-tarantule-muszki-puri-puri","status":"publish","type":"post","link":"https:\/\/info.sadowne.pl\/?p=14999","title":{"rendered":"Anakondy, tarantule, muszki Puri-Puri\u2026"},"content":{"rendered":"<p><strong><img loading=\"lazy\" decoding=\"async\" class=\"alignleft size-thumbnail wp-image-15001\" src=\"http:\/\/www.info.sadowne.pl\/wp-content\/uploads\/2017\/02\/2017.02.26.1-180x130.jpg\" alt=\"\" width=\"180\" height=\"130\" \/>i wiele innych ciekawych zwierz\u0105t mogli zobaczy\u0107 harcerze na spotkaniu z podr\u00f3\u017cnikiem, \u00a0Stefanem Czarnieckim. Oczywi\u015bcie nie na \u017cywo, bo nie wiadomo jakby si\u0119 to mog\u0142o sko\u0144czy\u0107.<\/strong><!--more--><\/p>\n<p>Harcerze ze 123 DH \u201eW\u0142\u00f3czykije\u201d nawet w czasie zimowego odpoczynku nie pr\u00f3\u017cnuj\u0105: je\u017cd\u017c\u0105 , zwiedzaj\u0105, poszerzaj\u0105 horyzonty i oczywi\u015bcie odpoczywaj\u0105 \u2013 aktywnie!<\/p>\n<p>W czwartek 23 lutego odby\u0142a si\u0119\u00a0 wycieczka do Siedlec, gdzie druhowie bardzo aktywnie sp\u0119dzili czas na <strong>lodowisku<\/strong> w Miejskim O\u015brodku Sportu i Rekreacji. Dla niekt\u00f3rych to pierwsze takie do\u015bwiadczenie, powolne zdobywanie nowych umiej\u0119tno\u015bci jednak\u017ce z dobrym rezultatem ko\u0144cowym, a dla innych to jak \u201echleb powszedni\u201d \u2013wyrafinowany styl , wymy\u015blne figury.<\/p>\n<p>Potem <strong>kino<\/strong>, gdzie prawie wszyscy ocierali \u0142zy za spraw\u0105 niezwyk\u0142ego filmu \u201eM\u00f3j przyjaciel pies\u201d to historia, kt\u00f3ra porusza, wzrusza i pokazuje jak zwierz\u0119 widzi nas- swoich w\u0142a\u015bcicieli, jak odczuwa i jak wygl\u0105da prawdziwa przyja\u017a\u0144. My\u015bl\u0119, \u017ce ka\u017cdy kto ma zwierzaka, powinien zobaczy\u0107 t\u0119 niezwyk\u0142\u0105 i pouczaj\u0105c\u0105 produkcj\u0119.<\/p>\n<p>W mi\u0119dzyczasie spacer po Siedlcach: <strong>zwiedzanie<\/strong> Aleksandrii, Ratusza Miejskiego zwanego Jackiem z figur\u0105 Atlasa d\u017awigaj\u0105cego z\u0142oty glob na barkach, wys\u0142uchanie historii powstania pa\u0142acu Ogi\u0144skich. A poniewa\u017c by\u0142 to \u201et\u0142usty czwartek\u201d nie mog\u0142o zabrakn\u0105\u0107 wizyty w Piekarni Ratuszowej Radzikowskich, kt\u00f3ra rozdaje s\u0142odkie chwile rado\u015bci mieszka\u0144com Siedlec od 1930 roku.<\/p>\n<p>Przys\u0142owiow\u0105 \u201ewisienk\u0105 na torcie\u201d sta\u0142a si\u0119 wizyta na Uniwersytecie Przyrodniczo-Humanistycznym i <strong>spotkanie<\/strong> ze wspomnianym podr\u00f3\u017cnikiem, w ramach cyklicznych spotka\u0144 Vito Extreme\u00a0\u2013\u00a0\u00a0\u017byj z pasj\u0105. To okazja do spotkania fantastycznych ludzi: otwartych, maj\u0105cych marzenia, \u017cyj\u0105cych z pasj\u0105. Stefan Czarniecki opowiedzia\u0142 o eksploracyjnej wyprawie w trudno dost\u0119pny stan Amazonas na po\u0142udniu Wenezueli, o tropikalnych lasach deszczowych, Chavezie, Indianach i india\u0144skich legendach, wojskowych przeszukiwaniach, porwaniu i ucieczce przed anakond\u0105, a tak\u017ce o niezwyk\u0142ym \u015bwiecie przyrody- pi\u0119knej i bardzo niebezpiecznej. Niezwyk\u0142e uj\u0119cia fotograficzne i filmowe z pewno\u015bci\u0105 pozostan\u0105 na d\u0142ugo w pami\u0119ci uczestnik\u00f3w. Prawie dwugodzinne spotkanie zako\u0144czy\u0142o si\u0119 zas\u0142u\u017conymi, gromkimi brawami, rozdawaniem\u00a0 licznych autograf\u00f3w, zakupem ksi\u0105\u017cek z podr\u00f3\u017cy po \u015bwiecie i wsparciem dzia\u0142alno\u015bci fundacji spe\u0142niaj\u0105cej marzenia chorych dzieci.<\/p>\n<p>Wydawa\u0107 by si\u0119 mog\u0142o, \u017ce po ca\u0142ym dniu pe\u0142nym wra\u017ce\u0144 wszyscy zasn\u0105 w drodze powrotnej, a tu niespodzianka?! &#8211; do Sadownego wr\u00f3ci\u0142 roz\u015bpiewany i rozbawiony autobus pe\u0142en u\u015bmiechni\u0119tych buziak\u00f3w.<\/p>\n<p>W imieniu wszystkich harcerzy 123 DH \u201eW\u0142\u00f3czykije\u201d sk\u0142adam serdeczne podzi\u0119kowania panu Waldemarowi Cyranowi \u2013w\u00f3jtowi naszej gminy, za udost\u0119pnienie nam autobusu.<\/p>\n<p><strong>dh Sylwia Ilczuk<\/strong><\/p>\n<p><a href=\"https:\/\/photos.app.goo.gl\/qLBrkLCWg6LC9JYi8\" target=\"_blank\" rel=\"noopener noreferrer\"><span style=\"color: #0000ff;\"><strong>Zdj\u0119cia w galerii Google&gt;&gt;&gt;<\/strong><\/span><\/a><\/p>\n","protected":false},"excerpt":{"rendered":"<p>i wiele innych ciekawych zwierz\u0105t mogli zobaczy\u0107 harcerze na spotkaniu z podr\u00f3\u017cnikiem, \u00a0Stefanem Czarnieckim. Oczywi\u015bcie nie na \u017cywo, bo nie wiadomo jakby si\u0119 to mog\u0142o sko\u0144czy\u0107.<\/p>\n","protected":false},"author":1,"featured_media":0,"comment_status":"closed","ping_status":"closed","sticky":false,"template":"","format":"standard","meta":{"footnotes":""},"categories":[5,1670,1752],"tags":[1937,361],"class_list":["post-14999","post","type-post","status-publish","format-standard","hentry","category-newsy","category-druzyna-harcerska-wloczykije","category-edukacja","tag-123-druzyna-harcerska-wloczykije-w-sadownem","tag-sylwia-ilczuk"],"views":3019,"_links":{"self":[{"href":"https:\/\/info.sadowne.pl\/index.php?rest_route=\/wp\/v2\/posts\/14999","targetHints":{"allow":["GET"]}}],"collection":[{"href":"https:\/\/info.sadowne.pl\/index.php?rest_route=\/wp\/v2\/posts"}],"about":[{"href":"https:\/\/info.sadowne.pl\/index.php?rest_route=\/wp\/v2\/types\/post"}],"author":[{"embeddable":true,"href":"https:\/\/info.sadowne.pl\/index.php?rest_route=\/wp\/v2\/users\/1"}],"replies":[{"embeddable":true,"href":"https:\/\/info.sadowne.pl\/index.php?rest_route=%2Fwp%2Fv2%2Fcomments&post=14999"}],"version-history":[{"count":2,"href":"https:\/\/info.sadowne.pl\/index.php?rest_route=\/wp\/v2\/posts\/14999\/revisions"}],"predecessor-version":[{"id":23159,"href":"https:\/\/info.sadowne.pl\/index.php?rest_route=\/wp\/v2\/posts\/14999\/revisions\/23159"}],"wp:attachment":[{"href":"https:\/\/info.sadowne.pl\/index.php?rest_route=%2Fwp%2Fv2%2Fmedia&parent=14999"}],"wp:term":[{"taxonomy":"category","embeddable":true,"href":"https:\/\/info.sadowne.pl\/index.php?rest_route=%2Fwp%2Fv2%2Fcategories&post=14999"},{"taxonomy":"post_tag","embeddable":true,"href":"https:\/\/info.sadowne.pl\/index.php?rest_route=%2Fwp%2Fv2%2Ftags&post=14999"}],"curies":[{"name":"wp","href":"https:\/\/api.w.org\/{rel}","templated":true}]}}