{"id":15052,"date":"2017-03-06T08:28:43","date_gmt":"2017-03-06T07:28:43","guid":{"rendered":"http:\/\/www.infosadowne.boo.pl\/?p=15052"},"modified":"2017-03-06T08:28:43","modified_gmt":"2017-03-06T07:28:43","slug":"pielgrzymka-do-czestochowy","status":"publish","type":"post","link":"https:\/\/info.sadowne.pl\/?p=15052","title":{"rendered":"Pielgrzymka do Cz\u0119stochowy"},"content":{"rendered":"<p><strong><a href=\"http:\/\/www.info.sadowne.pl\/wp-content\/uploads\/2017\/03\/2017.03.06.1.jpg\" target=\"_blank\"><img loading=\"lazy\" decoding=\"async\" class=\"alignleft wp-image-15054 size-thumbnail\" src=\"http:\/\/www.info.sadowne.pl\/wp-content\/uploads\/2017\/03\/2017.03.06.1-180x130.jpg\" width=\"180\" height=\"130\" \/><\/a>W dniach 2 i 3 marca odby\u0142a si\u0119 pielgrzymka m\u0142odzie\u017cy maturalnej z Diecezji Drohiczy\u0144skiej. <\/strong><!--more--><\/p>\n<p><strong>Wzi\u0119li w niej udzia\u0142 r\u00f3wnie\u017c tegoroczni maturzy\u015bci z LO i Technikum Gastronomicznego w Sadownem, pod przewodnictwem ksi\u0119dza Daniela Obzejty. Has\u0142em tegorocznego spotkania u st\u00f3p Pani Cz\u0119stochowskiej by\u0142o \u201eId\u017acie i g\u0142o\u015bcie\u201d.<\/strong><\/p>\n<p><a href=\"http:\/\/www.info.sadowne.pl\/wp-content\/uploads\/2017\/03\/2017.03.06.2.jpg\" target=\"_blank\"><img loading=\"lazy\" decoding=\"async\" class=\"alignright wp-image-15055 size-medium\" src=\"http:\/\/www.info.sadowne.pl\/wp-content\/uploads\/2017\/03\/2017.03.06.2-300x180.jpg\" width=\"300\" height=\"180\" srcset=\"https:\/\/info.sadowne.pl\/wp-content\/uploads\/2017\/03\/2017.03.06.2-300x180.jpg 300w, https:\/\/info.sadowne.pl\/wp-content\/uploads\/2017\/03\/2017.03.06.2-768x461.jpg 768w, https:\/\/info.sadowne.pl\/wp-content\/uploads\/2017\/03\/2017.03.06.2.jpg 800w\" sizes=\"auto, (max-width: 300px) 100vw, 300px\" \/><\/a>Pielgrzymki klas maturalnych na Jasn\u0105 G\u00f3r\u0119 to polska tradycja, kontynuowana co roku przez tysi\u0105ce m\u0142odych ludzi. Maturzy\u015bci przybywaj\u0105 do sanktuarium na kr\u00f3tko przed matur\u0105 w czasie, kiedy musz\u0105 podejmowa\u0107 wa\u017cne decyzje co do swojej przysz\u0142o\u015bci. Tym razem w sanktuarium modli\u0142o si\u0119 ok. tysi\u0105ca maturzyst\u00f3w z naszej diecezji. Wed\u0142ug danych biura prasowego Jasnej G\u00f3ry, w ubieg\u0142ym roku do sanktuarium przyby\u0142o w sumie ponad 103,6 tys. maturzyst\u00f3w w 388 grupach.<\/p>\n<p>Program pielgrzymki obejmowa\u0142 konferencj\u0119 dla m\u0142odych, Apel Jasnog\u00f3rski, adoracj\u0119 w Kaplicy Matki Boskiej Cz\u0119stochowskiej, Msz\u0119 \u015bw. i zwiedzanie Jasnej G\u00f3ry.<\/p>\n<p>Centralnym punktem drohiczy\u0144skiej pielgrzymki by\u0142a Msza \u015bw., kt\u00f3rej przewodniczy\u0142 ksi\u0105dz biskup Tadeusz Pikus. W wyg\u0142oszonej homilii stwierdzi\u0142 m.in., \u017ce mimo i\u017c wiele jest dr\u00f3g prowadz\u0105cych w \u017cyciu do celu, to ka\u017cdy cz\u0142owiek i tak musi wybra\u0107 tylko jedn\u0105 \u2013 w\u0142asn\u0105 \u015bcie\u017ck\u0119. Dlatego warto podejmowa\u0107 dobre decyzje.<\/p>\n<p>W imieniu drohiczy\u0144skich maturzyst\u00f3w, delegacja uczni\u00f3w z Sadownego zawierzy\u0142a wszystkich uczestnik\u00f3w pielgrzymki Matce Boskiej Cz\u0119stochowskiej.<\/p>\n<p>Teraz naszym maturzystom pozosta\u0142 trudny czas wzmo\u017conej nauki i podejmowania wa\u017cnych decyzji o swojej przysz\u0142o\u015bci. \u017byczymy im samych sukces\u00f3w na maturze i dobrych wybor\u00f3w w doros\u0142ym \u017cyciu.<\/p>\n<p><strong>Miros\u0142awa Renik<\/strong><\/p>\n","protected":false},"excerpt":{"rendered":"<p>W dniach 2 i 3 marca odby\u0142a si\u0119 pielgrzymka m\u0142odzie\u017cy maturalnej z Diecezji Drohiczy\u0144skiej.<\/p>\n","protected":false},"author":1,"featured_media":0,"comment_status":"closed","ping_status":"closed","sticky":false,"template":"","format":"standard","meta":{"footnotes":""},"categories":[5,1752,85],"tags":[428,2364,182],"class_list":["post-15052","post","type-post","status-publish","format-standard","hentry","category-newsy","category-edukacja","category-zsp","tag-miroslawa-renik","tag-pielgrzymka-do-czestochowy","tag-zespol-szkol-ponadgimnazjalnych-w-sadownem"],"views":2867,"_links":{"self":[{"href":"https:\/\/info.sadowne.pl\/index.php?rest_route=\/wp\/v2\/posts\/15052","targetHints":{"allow":["GET"]}}],"collection":[{"href":"https:\/\/info.sadowne.pl\/index.php?rest_route=\/wp\/v2\/posts"}],"about":[{"href":"https:\/\/info.sadowne.pl\/index.php?rest_route=\/wp\/v2\/types\/post"}],"author":[{"embeddable":true,"href":"https:\/\/info.sadowne.pl\/index.php?rest_route=\/wp\/v2\/users\/1"}],"replies":[{"embeddable":true,"href":"https:\/\/info.sadowne.pl\/index.php?rest_route=%2Fwp%2Fv2%2Fcomments&post=15052"}],"version-history":[{"count":1,"href":"https:\/\/info.sadowne.pl\/index.php?rest_route=\/wp\/v2\/posts\/15052\/revisions"}],"predecessor-version":[{"id":15057,"href":"https:\/\/info.sadowne.pl\/index.php?rest_route=\/wp\/v2\/posts\/15052\/revisions\/15057"}],"wp:attachment":[{"href":"https:\/\/info.sadowne.pl\/index.php?rest_route=%2Fwp%2Fv2%2Fmedia&parent=15052"}],"wp:term":[{"taxonomy":"category","embeddable":true,"href":"https:\/\/info.sadowne.pl\/index.php?rest_route=%2Fwp%2Fv2%2Fcategories&post=15052"},{"taxonomy":"post_tag","embeddable":true,"href":"https:\/\/info.sadowne.pl\/index.php?rest_route=%2Fwp%2Fv2%2Ftags&post=15052"}],"curies":[{"name":"wp","href":"https:\/\/api.w.org\/{rel}","templated":true}]}}