{"id":1509,"date":"2013-03-19T19:02:02","date_gmt":"2013-03-19T18:02:02","guid":{"rendered":"http:\/\/www.infosadowne.boo.pl\/?p=1509"},"modified":"2013-08-27T20:35:46","modified_gmt":"2013-08-27T18:35:46","slug":"wizyta-w-muzeum","status":"publish","type":"post","link":"https:\/\/info.sadowne.pl\/?p=1509","title":{"rendered":"Wizyta w Muzeum"},"content":{"rendered":"<p style=\"text-align: justify;\"><strong><img loading=\"lazy\" decoding=\"async\" class=\"alignleft size-thumbnail wp-image-1510\" alt=\"2013.03.19.1\" src=\"http:\/\/www.info.sadowne.pl\/wp-content\/uploads\/2013\/03\/2013.03.19.1-150x150.jpg\" width=\"150\" height=\"150\" \/>19 marca 2013r. Muzeum Ziemi Sadowie\u0144skiej &#8211; \u00a0Muzealn\u0105 Izb\u0119 Edukacji Etnograficznej odwiedzi\u0142a grupa os\u00f3b niepe\u0142nosprawnych ze \u015arodowiskowego Domu Samopomocy w Ostrowi Mazowieckiej, kt\u00f3rego kierownikiem jest Pani Katarzyna Kolasi\u0144ska, a opiekunem grupy by\u0142a Pani Joanna Klimek.<!--more--><\/strong><\/p>\n<p style=\"text-align: justify;\">Tematem przewodnim wizyty w Muzeum by\u0142a &#8222;Geneza i pochodzenie cywilizacji ludzkiej oraz tradycje, historia kawy i herbaty &#8211; pierwsze wzmianki o nich na terenie Polski&#8221;.<\/p>\n<p style=\"text-align: justify;\">By\u0142a to druga wizyta tej grupy w naszym Muzeum.<\/p>\n<p style=\"text-align: justify;\">Janusz Urbankowski<\/p>\n<p style=\"text-align: justify;\">\n","protected":false},"excerpt":{"rendered":"<p>19 marca 2013r. Muzeum Ziemi Sadowie\u0144skiej &#8211; \u00a0Muzealn\u0105 Izb\u0119 Edukacji Etnograficznej odwiedzi\u0142a grupa os\u00f3b niepe\u0142nosprawnych ze \u015arodowiskowego Domu Samopomocy w Ostrowi Mazowieckiej, kt\u00f3rego kierownikiem jest Pani Katarzyna Kolasi\u0144ska, a opiekunem grupy by\u0142a Pani Joanna Klimek.<\/p>\n","protected":false},"author":1,"featured_media":0,"comment_status":"open","ping_status":"open","sticky":false,"template":"","format":"standard","meta":{"footnotes":""},"categories":[5,6,81],"tags":[79,25],"class_list":["post-1509","post","type-post","status-publish","format-standard","hentry","category-newsy","category-kultura-rozrywka-edukacja","category-muzeum","tag-muzeum-ziemi-sadowienskiej","tag-sadowne"],"views":3314,"_links":{"self":[{"href":"https:\/\/info.sadowne.pl\/index.php?rest_route=\/wp\/v2\/posts\/1509","targetHints":{"allow":["GET"]}}],"collection":[{"href":"https:\/\/info.sadowne.pl\/index.php?rest_route=\/wp\/v2\/posts"}],"about":[{"href":"https:\/\/info.sadowne.pl\/index.php?rest_route=\/wp\/v2\/types\/post"}],"author":[{"embeddable":true,"href":"https:\/\/info.sadowne.pl\/index.php?rest_route=\/wp\/v2\/users\/1"}],"replies":[{"embeddable":true,"href":"https:\/\/info.sadowne.pl\/index.php?rest_route=%2Fwp%2Fv2%2Fcomments&post=1509"}],"version-history":[{"count":8,"href":"https:\/\/info.sadowne.pl\/index.php?rest_route=\/wp\/v2\/posts\/1509\/revisions"}],"predecessor-version":[{"id":2949,"href":"https:\/\/info.sadowne.pl\/index.php?rest_route=\/wp\/v2\/posts\/1509\/revisions\/2949"}],"wp:attachment":[{"href":"https:\/\/info.sadowne.pl\/index.php?rest_route=%2Fwp%2Fv2%2Fmedia&parent=1509"}],"wp:term":[{"taxonomy":"category","embeddable":true,"href":"https:\/\/info.sadowne.pl\/index.php?rest_route=%2Fwp%2Fv2%2Fcategories&post=1509"},{"taxonomy":"post_tag","embeddable":true,"href":"https:\/\/info.sadowne.pl\/index.php?rest_route=%2Fwp%2Fv2%2Ftags&post=1509"}],"curies":[{"name":"wp","href":"https:\/\/api.w.org\/{rel}","templated":true}]}}