{"id":15118,"date":"2017-03-12T11:30:56","date_gmt":"2017-03-12T10:30:56","guid":{"rendered":"http:\/\/www.infosadowne.boo.pl\/?p=15118"},"modified":"2020-04-24T15:27:11","modified_gmt":"2020-04-24T13:27:11","slug":"gminny-dzien-kobiet-2","status":"publish","type":"post","link":"https:\/\/info.sadowne.pl\/?p=15118","title":{"rendered":"Gminny Dzie\u0144 Kobiet"},"content":{"rendered":"<p><strong><img loading=\"lazy\" decoding=\"async\" class=\"alignleft size-thumbnail wp-image-15120\" src=\"http:\/\/www.info.sadowne.pl\/wp-content\/uploads\/2017\/03\/2017.03.12.1-180x130.jpg\" alt=\"\" width=\"180\" height=\"130\" \/>Wiecz\u00f3r 11 marca w Sadownem i niezapomniane spotkanie z okazji Dnia Kobiet. Na zaproszenie Pana W\u00f3jta przyby\u0142y na nie bardzo licznie mieszkanki Naszej Gminy.<\/strong><!--more--><\/p>\n<p><strong>Sobota, p\u00f3\u017ane popo\u0142udnie<\/strong> \u2013 uroczyste spotkanie zainicjowane przez W\u00f3jta Gminy Sadowne p. Waldemara Cyrana. Do Sali OSP, w kt\u00f3rej odbywa\u0142 si\u0119 Gminny Dzie\u0144 Kobiet, przyby\u0142y licznie bohaterki tego spotkania &#8211; mieszkanki Gminy Sadowne.<\/p>\n<p><strong>Je\u017celi uroczy\u015bcie, to oczywi\u015bcie symboliczny kwiatek<\/strong>, \u017cyczenia od drugiej, brzydszej po\u0142owy mieszka\u0144c\u00f3w. W imieniu m\u0119\u017cczyzn Naszym Paniom przekaza\u0142 je W\u0142odarz Gminy. Nast\u0119pnie odby\u0142a si\u0119 zapowiadana cz\u0119\u015b\u0107 artystyczna.<\/p>\n<p><strong>Dzieci z Grupy Teatralnej Gminnego O\u015brodka Kultury w Sadownem zaprezentowa\u0142y przygotowane przez siebie weso\u0142e scenki<\/strong>, kt\u00f3re nosi\u0142y wsp\u00f3lny tytu\u0142: \u201cDzie\u0144 Kobiet na weso\u0142o\u201d. Wyst\u0119p mia\u0142 formu\u0142\u0119 programu telewizyjnego, w trakcie kt\u00f3rego m\u0142odzi aktorzy wcielali si\u0119 w rol\u0119 prezenter\u00f3w przekazuj\u0105cych widzom naj\u015bwie\u017csze wiadomo\u015bci z kraju, przegl\u0105d wydarze\u0144 sportowych, wywiady, fragmenty wieloodcinkowych seriali telewizyjnych, mod\u0119 na tzw. wybiegu, a tak\u017ce przyk\u0142adow\u0105 reklam\u0119 \u2013 w tym przypadku plastra odchudzaj\u0105cego o nazwie \u201cCHUD-NIJ\u201d.<\/p>\n<p>Pod kierunkiem prowadz\u0105cej w GOK zaj\u0119cia teatralne p. Danuty Chyli\u0144skiej, swoje umiej\u0119tno\u015bci aktorskie mieli okazj\u0119 zaprezentowa\u0107 jej podopieczni: Ala Gajewska, Iza Ilczuk, Zuzia Gierej, Maja Bubrzyk, Maja W\u00f3jcik, Natalka Subda, Madzia Narowska, Dominika Pacuszka, Kuba Pu\u015bcion, Sebastian Wydro i Witek Bereza.<\/p>\n<p><strong>Po nich wyst\u0105pi\u0142a grupa profesjonalist\u00f3w z Zespo\u0142u Szk\u00f3\u0142 Ponadgimnazjalnych w \u0141ochowie.<\/strong> Z poprzedniego ich wyst\u0119pu na sadowie\u0144skiej scenie pami\u0119tamy, i\u017c nazwa tego Zespo\u0142u zwi\u0105zana jest z jedynym w roku tak uroczystym \u015awi\u0119tem Pa\u0144 \u2013 Dniem Kobiet. Szkolny Zesp\u00f3\u0142 &#8222;Raz na jaki\u015b czas, nie cz\u0119\u015bciej ni\u017c raz w roku, zawsze na Dzie\u0144 Kobiet&#8221;, w kt\u00f3rego sk\u0142ad wchodz\u0105 uczniowie oraz ich Dyrektor p. Andrzej Suchenek, a tak\u017ce profesjonalni muzycy, rozbawi\u0142 publiczno\u015b\u0107 znanymi przebojami polskiej, i nie tylko, estrady. Wyst\u0119p przeplatany by\u0142 histori\u0105 \u015awi\u0119ta Kobiet i anegdotami, kt\u00f3re \u015bwietnie przekazywa\u0142 p. Wociech Laskowski \u2013 r\u00f3wnie\u017c profesor \u0142ochowskiej Szko\u0142y.<\/p>\n<p><strong>\u015awietna zabawa trwa\u0142aby d\u0142ugo, humory dopisywa\u0142y, ale p\u00f3\u017ana pora ponagla\u0142a organizator\u00f3w imprezy i jej uczestnik\u00f3w.<\/strong> W trakcie spotkania na Panie czeka\u0142y r\u00f3wnie\u017c inne atrakcje. Gminny O\u015brodek Kultury w Sadownem przygotowa\u0142 dzi\u0119ki sponsorom losowanie ciekawych nagr\u00f3d \u2013 gad\u017cet\u00f3w i specjalnych us\u0142ug oferowanych Paniom. Dzielnie i sprawnie rozdawa\u0142a je posiadaczom wylosowanych \u201cnumerk\u00f3w\u201d p. Ewa Pi\u00f3rkowska wraz ze swoimi pomocnikami. W finale pojawi\u0142y si\u0119 te\u017c s\u0142odko\u015bci \u2013 torty z \u017cyczeniami, bardzo dobre, kt\u00f3re wszystkim serwowa\u0142a p. Basia (ich wafelkowe porcje zapewne nie mia\u0142y wp\u0142ywu na r\u00f3\u017cnego rodzaju restrykcyjne diety, kt\u00f3re czasami stosuj\u0105 Nasze Panie).<\/p>\n<p><strong>Na spotkaniu swoj\u0105 obecno\u015b\u0107 zaznaczy\u0142o r\u00f3wnie\u017c Szkolne Ko\u0142o Wolontariatu<\/strong>, kt\u00f3re zbiera\u0142o symboliczne \u201cgrosiki\u201d dla Pani Danuty, kt\u00f3r\u0105 czeka w najbli\u017cszym czasie skomplikowana operacja. Akcja jeszcze trwa i jest mo\u017cliwo\u015b\u0107 wsparcia tej inicjatywy \u2013 zach\u0119camy.<\/p>\n<p><strong>A impreza? \u015awietna<\/strong> i szkoda tylko, \u017ce odbywa si\u0119 tak, jak m\u00f3wi nazwa \u0142ochowskiego Zespo\u0142u: \u201cRaz na jaki\u015b czas, nie cz\u0119\u015bciej ni\u017c raz w roku, zawsze na Dzie\u0144 Kobiet\u201d.<\/p>\n<p><a href=\"https:\/\/photos.app.goo.gl\/WKGSFsdmRTKn3kEo6\" target=\"_blank\" rel=\"noopener noreferrer\"><span style=\"color: #0000ff;\"><strong>Zdj\u0119cia w galerii Google&gt;&gt;&gt;<\/strong><\/span><\/a><\/p>\n<p><span style=\"color: #0000ff;\"><a style=\"color: #0000ff;\" href=\"https:\/\/youtu.be\/b4AsnhHSWNU\" target=\"_blank\" rel=\"noopener noreferrer\"><strong>Zobacz te\u017c film&gt;&gt;&gt;<\/strong><\/a><\/span><\/p>\n<p><strong>Tekst\/foto:<\/strong> S\u0142awek Chyli\u0144ski<\/p>\n","protected":false},"excerpt":{"rendered":"<p>Wiecz\u00f3r 11 marca w Sadownem i niezapomniane spotkanie z okazji Dnia Kobiet. Na zaproszenie Pana W\u00f3jta przyby\u0142y na nie bardzo licznie mieszkanki Naszej Gminy.<\/p>\n","protected":false},"author":1,"featured_media":0,"comment_status":"closed","ping_status":"closed","sticky":false,"template":"","format":"standard","meta":{"footnotes":""},"categories":[5,91,6],"tags":[1841,169,614],"class_list":["post-15118","post","type-post","status-publish","format-standard","hentry","category-newsy","category-gminny-osrodek-kultury","category-kultura-rozrywka-edukacja","tag-gminny-dzien-kobiet-w-sadownem","tag-gminny-osrodek-kultury-w-sadownem","tag-wojt-gminy-sadowne"],"views":3743,"_links":{"self":[{"href":"https:\/\/info.sadowne.pl\/index.php?rest_route=\/wp\/v2\/posts\/15118","targetHints":{"allow":["GET"]}}],"collection":[{"href":"https:\/\/info.sadowne.pl\/index.php?rest_route=\/wp\/v2\/posts"}],"about":[{"href":"https:\/\/info.sadowne.pl\/index.php?rest_route=\/wp\/v2\/types\/post"}],"author":[{"embeddable":true,"href":"https:\/\/info.sadowne.pl\/index.php?rest_route=\/wp\/v2\/users\/1"}],"replies":[{"embeddable":true,"href":"https:\/\/info.sadowne.pl\/index.php?rest_route=%2Fwp%2Fv2%2Fcomments&post=15118"}],"version-history":[{"count":4,"href":"https:\/\/info.sadowne.pl\/index.php?rest_route=\/wp\/v2\/posts\/15118\/revisions"}],"predecessor-version":[{"id":23157,"href":"https:\/\/info.sadowne.pl\/index.php?rest_route=\/wp\/v2\/posts\/15118\/revisions\/23157"}],"wp:attachment":[{"href":"https:\/\/info.sadowne.pl\/index.php?rest_route=%2Fwp%2Fv2%2Fmedia&parent=15118"}],"wp:term":[{"taxonomy":"category","embeddable":true,"href":"https:\/\/info.sadowne.pl\/index.php?rest_route=%2Fwp%2Fv2%2Fcategories&post=15118"},{"taxonomy":"post_tag","embeddable":true,"href":"https:\/\/info.sadowne.pl\/index.php?rest_route=%2Fwp%2Fv2%2Ftags&post=15118"}],"curies":[{"name":"wp","href":"https:\/\/api.w.org\/{rel}","templated":true}]}}