{"id":15148,"date":"2017-03-15T15:23:30","date_gmt":"2017-03-15T14:23:30","guid":{"rendered":"http:\/\/www.infosadowne.boo.pl\/?p=15148"},"modified":"2017-03-15T15:23:30","modified_gmt":"2017-03-15T14:23:30","slug":"zespol-spiewaczy-sadowianki-2015-r","status":"publish","type":"post","link":"https:\/\/info.sadowne.pl\/?p=15148","title":{"rendered":"Zesp\u00f3\u0142 \u015apiewaczy SADOWIANKI 2015 r."},"content":{"rendered":"<p><strong><img loading=\"lazy\" decoding=\"async\" class=\"alignleft size-thumbnail wp-image-9007\" src=\"http:\/\/www.info.sadowne.pl\/wp-content\/uploads\/2015\/06\/sad190-180x130.jpg\" alt=\"\" width=\"180\" height=\"130\" \/>Wiele dawnych zwyczaj\u00f3w, obrz\u0119d\u00f3w i praktyk wraz z up\u0142ywem czasu ulega zapomnieniu. Chocia\u017c nadal nasze charaktery kszta\u0142tuj\u0105 dziadkowie i ojcowie, to jednak obyczajowo\u015b\u0107 jest ju\u017c nieco inna.<\/strong><!--more--><\/p>\n<p>Inaczej pojmujemy \u017cycie, mniej jest s\u0105siedzkiej wsp\u00f3lnoty, kt\u00f3ra dawniej na wsi tworzy\u0142a swoist\u0105 atmosfer\u0119. Niestety zanikaj\u0105 te\u017c kultywowane dotychczas tradycje.<\/p>\n<p>Wi\u0119kszo\u015b\u0107 pie\u015bni ludowych pochodzi z XVIII wieku z okresu o wzmo\u017conym zainteresowaniu ludowo\u015bci\u0105 i tradycj\u0105. Na szcz\u0119\u015bcie w ka\u017cdym zak\u0105tku kuli ziemskiej, w przesz\u0142o\u015bci i w czasach najnowszych, ludziom potrzebne s\u0105 obrz\u0119dy, ceremonie i zwi\u0105zane z nimi wsp\u00f3lnie prze\u017cywane emocje. Potrzebny jest wypoczynek, rado\u015b\u0107 i zabawa. Dlatego bardzo du\u017c\u0105 rol\u0119 w naszym \u017cyciu odgrywaj\u0105 piosenki ludowe i biesiadne. Nasz zesp\u00f3\u0142 \u015bpiewa je wsz\u0119dzie zach\u0119ca do wsp\u00f3lnego \u015bpiewania, podczas r\u00f3\u017cnych okazji, jakie dostarcza nam \u017cycie. Cieszymy si\u0119 bardzo, bo przecie\u017c tradycja, to bogactwo, wspaniali ludzie i stworzona przez nich kultura.<\/p>\n<p><strong>Rok 2015 dla SADOWIANEK rozpocz\u0105\u0142 si\u0119 bardzo pracowicie.<\/strong><\/p>\n<p>W styczniu i w lutym dwa razy w tygodniu odbywa\u0142y si\u0119 pr\u00f3by zespo\u0142u pod okiem muzyka p. Borysa Wiktora Nosarzewskiego. Zadaniem specjalisty by\u0142o przygotowanie nas do nagrania p\u0142yty, kt\u00f3ra mia\u0142a by\u0107 realizacj\u0105 projektu pt. ,,Nagranie i edycja p\u0142yty ludowego zespo\u0142u \u015bpiewaczego SADOWIANKI\u201d z\u0142o\u017conego w 2014 roku do Lokalnej Grupy Dzia\u0142ania R\u00f3wniny Wo\u0142omi\u0144skiej. Oczywi\u015bcie tak si\u0119 sta\u0142o. P\u0142yta jest ju\u017c dost\u0119pna w sprzeda\u017cy w sadowie\u0144skim GOK-u. Wspomn\u0119 r\u00f3wnie\u017c, \u017ce mamy nowego cz\u0142onka zespo\u0142u, kt\u00f3rym jest m\u0142ody, \u015bpiewaj\u0105cy i graj\u0105cy na akordeonie m\u0119\u017cczyzna \u2013p. Andrzej Budek.<\/p>\n<p><strong>SADOWNE<\/strong><\/p>\n<p><strong><img loading=\"lazy\" decoding=\"async\" class=\"alignleft size-full wp-image-15150\" src=\"http:\/\/www.info.sadowne.pl\/wp-content\/uploads\/2017\/03\/sad191.jpg\" alt=\"\" width=\"180\" height=\"130\" \/>18 kwietnia 2015 roku <\/strong>zesp\u00f3\u0142 po nagraniu p\u0142yty wznowi\u0142 swoj\u0105 dzia\u0142alno\u015b\u0107 udzia\u0142em w uroczysto\u015bci uruchomienia sklepu BOMAR 2. Otwarcie sklepu mia\u0142o miejsce w Sadownem.<\/p>\n<p>Sklep jest marketem Grupy PSB &#8211; Mr\u00f3wka, a jego w\u0142a\u015bcicielem jest <strong>p.\u00a0Tomasz Gajewski<\/strong>, kt\u00f3ry, na rozpocz\u0119cie swojej dzia\u0142alno\u015bci wsp\u00f3lnie z przedstawicielami PSB, przeci\u0105\u0142 tego dnia symboliczn\u0105 wst\u0119g\u0119. Wy\u015bwi\u0119cenia nowego obiektu dokona\u0142 \u2013 <strong>ks. Tomasz Duszkiewicz<\/strong>.<\/p>\n<p>Po oficjalnych przem\u00f3wieniach, w tym w\u0142odarza naszej Gminy <strong>p.\u00a0Waldemara Cyrana,<\/strong> pierwsi klienci mogli osobi\u015bcie dokona\u0107 stosownych zakup\u00f3w, a by\u0142o, w czym wybiera\u0107.<\/p>\n<p>Organizatorzy imprezy nie zapomnieli te\u017c o atrakcjach, w tym licytacjach atrakcyjnych akcesori\u00f3w i losowaniu nagr\u00f3d g\u0142\u00f3wnych dla klient\u00f3w swojego sklepu. Dla dzieci przygotowano plac zabaw, doros\u0142ych swoimi zapachami wabi\u0142 grill a przedstawiciele firm handlowych kupuj\u0105cym udzielali fachowych porad.<\/p>\n<p><strong>Uroczyste otwarcie nowego sklepu w Sadownem spotka\u0142o si\u0119 z du\u017cym zainteresowaniem spo\u0142eczno\u015bci, nie tylko lokalnej.<\/strong><\/p>\n<div id=\"attachment_15151\" style=\"width: 604px\" class=\"wp-caption aligncenter\"><img loading=\"lazy\" decoding=\"async\" aria-describedby=\"caption-attachment-15151\" class=\"wp-image-15151 size-full\" src=\"http:\/\/www.info.sadowne.pl\/wp-content\/uploads\/2017\/03\/sad192.jpg\" alt=\"\" width=\"594\" height=\"394\" srcset=\"https:\/\/info.sadowne.pl\/wp-content\/uploads\/2017\/03\/sad192.jpg 594w, https:\/\/info.sadowne.pl\/wp-content\/uploads\/2017\/03\/sad192-300x199.jpg 300w\" sizes=\"auto, (max-width: 594px) 100vw, 594px\" \/><p id=\"caption-attachment-15151\" class=\"wp-caption-text\">Andrzej Olton, Andrzej Budek, Zbyszek Danaj, Krysia Wetoszka, Marysia Szymanik, Ania Chojecka, Jadzia Borowa, Basia Wr\u00f3bel<\/p><\/div>\n<p>Zdj\u0119cia z otwarcia sklepu mo\u017cna obejrze\u0107 na \u2013 <strong>infoSadowne<\/strong>.<\/p>\n<p>Jak zawsze SADOWIANKI dzi\u0119kuj\u0105 p. S\u0142awomirowi Chyli\u0144skiemu, kt\u00f3ry nie szcz\u0119dzi ciep\u0142ych s\u0142\u00f3w uznania dla naszej dzia\u0142alno\u015bci i zamieszcza zdj\u0119cia z naszych wyst\u0119p\u00f3w.<\/p>\n<p>Tym razem r\u00f3wnie\u017c czytamy: -,,G\u0142\u00f3wn\u0105 atrakcj\u0105 sobotniego popo\u0142udnia by\u0142 wyst\u0119p zespo\u0142u<strong> SADOWIANKI<\/strong> zaproszonego tu specjalnie przez w\u0142a\u015bciciela marketu\u201d.<\/p>\n<div id=\"attachment_15152\" style=\"width: 605px\" class=\"wp-caption aligncenter\"><img loading=\"lazy\" decoding=\"async\" aria-describedby=\"caption-attachment-15152\" class=\"wp-image-15152 size-full\" src=\"http:\/\/www.info.sadowne.pl\/wp-content\/uploads\/2017\/03\/sad193.jpg\" alt=\"\" width=\"595\" height=\"397\" srcset=\"https:\/\/info.sadowne.pl\/wp-content\/uploads\/2017\/03\/sad193.jpg 595w, https:\/\/info.sadowne.pl\/wp-content\/uploads\/2017\/03\/sad193-300x200.jpg 300w\" sizes=\"auto, (max-width: 595px) 100vw, 595px\" \/><p id=\"caption-attachment-15152\" class=\"wp-caption-text\">Wyst\u0119p SADOWIANEK przed marketem BOMAR 2<\/p><\/div>\n<p><strong>SADOWNE<\/strong><\/p>\n<p><strong>28 kwietnia 2015 rok w Gminnym O\u015brodku Kultury w Sadownem<\/strong> odby\u0142o si\u0119 podsumowanie dw\u00f3ch projekt\u00f3w realizowanych pod egid\u0105 LGD \u201eR\u00f3wniny Wo\u0142omi\u0144skiej\u201d.<br \/>\n<img loading=\"lazy\" decoding=\"async\" class=\"aligncenter size-full wp-image-15153\" src=\"http:\/\/www.info.sadowne.pl\/wp-content\/uploads\/2017\/03\/sad194.jpg\" alt=\"\" width=\"595\" height=\"397\" srcset=\"https:\/\/info.sadowne.pl\/wp-content\/uploads\/2017\/03\/sad194.jpg 595w, https:\/\/info.sadowne.pl\/wp-content\/uploads\/2017\/03\/sad194-300x200.jpg 300w\" sizes=\"auto, (max-width: 595px) 100vw, 595px\" \/>Pierwszy projekt dotyczy\u0142 nagrania p\u0142yty przez SADOWIANKI. P\u0142yta zawiera wybrane utwory ludowe w wykonaniu naszego zespo\u0142u. Dodatkowym elementem tego projektu by\u0142o wykonanie koszul i bluzek zawieraj\u0105cych haft ludowy, stanowi\u0105cych nieodzowny sk\u0142ad ubioru scenicznego zespo\u0142u.<\/p>\n<div id=\"attachment_15154\" style=\"width: 605px\" class=\"wp-caption aligncenter\"><img loading=\"lazy\" decoding=\"async\" aria-describedby=\"caption-attachment-15154\" class=\"wp-image-15154 size-full\" src=\"http:\/\/www.info.sadowne.pl\/wp-content\/uploads\/2017\/03\/sad195.jpg\" alt=\"\" width=\"595\" height=\"397\" srcset=\"https:\/\/info.sadowne.pl\/wp-content\/uploads\/2017\/03\/sad195.jpg 595w, https:\/\/info.sadowne.pl\/wp-content\/uploads\/2017\/03\/sad195-300x200.jpg 300w\" sizes=\"auto, (max-width: 595px) 100vw, 595px\" \/><p id=\"caption-attachment-15154\" class=\"wp-caption-text\">Kierownik zespo\u0142u Krysia Wetoszka dokona\u0142a prezentacji jego cz\u0142onk\u00f3w, nast\u0119pnie odby\u0142 si\u0119 kr\u00f3tki koncert przyj\u0119ty przez przyby\u0142ych go\u015bci z wielkim zainteresowaniem i aplauzem<\/p><\/div>\n<p>&nbsp;<\/p>\n<div id=\"attachment_15155\" style=\"width: 605px\" class=\"wp-caption aligncenter\"><img loading=\"lazy\" decoding=\"async\" aria-describedby=\"caption-attachment-15155\" class=\"wp-image-15155 size-full\" src=\"http:\/\/www.info.sadowne.pl\/wp-content\/uploads\/2017\/03\/sad196.jpg\" alt=\"\" width=\"595\" height=\"397\" srcset=\"https:\/\/info.sadowne.pl\/wp-content\/uploads\/2017\/03\/sad196.jpg 595w, https:\/\/info.sadowne.pl\/wp-content\/uploads\/2017\/03\/sad196-300x200.jpg 300w\" sizes=\"auto, (max-width: 595px) 100vw, 595px\" \/><p id=\"caption-attachment-15155\" class=\"wp-caption-text\">Krysia Wetoszka, Ania Chojecka, Basia Wr\u00f3bel, Bogusia Danaj, w drugim rz\u0119dzie Jadzia Borowa<\/p><\/div>\n<p>&nbsp;<\/p>\n<p><img loading=\"lazy\" decoding=\"async\" class=\"aligncenter size-full wp-image-15156\" src=\"http:\/\/www.info.sadowne.pl\/wp-content\/uploads\/2017\/03\/sad197.jpg\" alt=\"\" width=\"595\" height=\"397\" srcset=\"https:\/\/info.sadowne.pl\/wp-content\/uploads\/2017\/03\/sad197.jpg 595w, https:\/\/info.sadowne.pl\/wp-content\/uploads\/2017\/03\/sad197-300x200.jpg 300w\" sizes=\"auto, (max-width: 595px) 100vw, 595px\" \/><\/p>\n<p>Druga cz\u0119\u015b\u0107 folklorystycznego spotkania to prezentacja mieszkanek naszej Gminy, kt\u00f3rych sylwetki przedstawili realizatorzy Projektu \u201eKurpioskie! Fajoskie!\u201d. S\u0105 to Panie: Barbara Stanis\u0142awczyk, Katarzyna M\u0142ynarczyk, Dorota Wiska, Agnieszka Narowska i Marta Kar\u0142owicz.<\/p>\n<p>Projekt Atelier Szeski z Wyszkowa ukazuje r\u00f3\u017cne dziedziny tw\u00f3rczo\u015bci artystycznej 27 Pa\u0144, w tym r\u00f3wnie\u017c naszych Pa\u0144, mieszkanek gminy Sadowne.<\/p>\n<p><img loading=\"lazy\" decoding=\"async\" class=\"aligncenter size-full wp-image-15157\" src=\"http:\/\/www.info.sadowne.pl\/wp-content\/uploads\/2017\/03\/sad198.jpg\" alt=\"\" width=\"595\" height=\"397\" srcset=\"https:\/\/info.sadowne.pl\/wp-content\/uploads\/2017\/03\/sad198.jpg 595w, https:\/\/info.sadowne.pl\/wp-content\/uploads\/2017\/03\/sad198-300x200.jpg 300w\" sizes=\"auto, (max-width: 595px) 100vw, 595px\" \/><\/p>\n<p>Od 16 kwietnia w Gminnym O\u015brodku Kultury w Sadownem mieli\u015bmy okazj\u0119 ogl\u0105da\u0107 wystaw\u0119, kt\u00f3ra na fotografiach ukazywa\u0142a sylwetki bohaterek Projektu.<\/p>\n<p><img loading=\"lazy\" decoding=\"async\" class=\"aligncenter size-full wp-image-15158\" src=\"http:\/\/www.info.sadowne.pl\/wp-content\/uploads\/2017\/03\/sad199.jpg\" alt=\"\" width=\"595\" height=\"397\" srcset=\"https:\/\/info.sadowne.pl\/wp-content\/uploads\/2017\/03\/sad199.jpg 595w, https:\/\/info.sadowne.pl\/wp-content\/uploads\/2017\/03\/sad199-300x200.jpg 300w\" sizes=\"auto, (max-width: 595px) 100vw, 595px\" \/><\/p>\n<p>Dzisiaj natomiast, na \u017cywo, nasze mieszkanki same prezentowa\u0142y swoje prace i opowiada\u0142y o realizacji marze\u0144 i planach na przysz\u0142o\u015b\u0107.<\/p>\n<div id=\"attachment_15159\" style=\"width: 605px\" class=\"wp-caption aligncenter\"><img loading=\"lazy\" decoding=\"async\" aria-describedby=\"caption-attachment-15159\" class=\"wp-image-15159 size-full\" src=\"http:\/\/www.info.sadowne.pl\/wp-content\/uploads\/2017\/03\/sad200.jpg\" alt=\"\" width=\"595\" height=\"397\" srcset=\"https:\/\/info.sadowne.pl\/wp-content\/uploads\/2017\/03\/sad200.jpg 595w, https:\/\/info.sadowne.pl\/wp-content\/uploads\/2017\/03\/sad200-300x200.jpg 300w\" sizes=\"auto, (max-width: 595px) 100vw, 595px\" \/><p id=\"caption-attachment-15159\" class=\"wp-caption-text\">O Projekcie opowiedzieli jego pomys\u0142odawcy i realizatorzy p. Ewa Przybysz i p. Pawe\u0142 Miszewski, kt\u00f3rzy przybyli do Sadownego na podsumowanie Wystawy i Projektu<\/p><\/div>\n<p>Fina\u0142 imprezy \u2013 pytania, tw\u00f3rcza dyskusja, nowe plany, a tak\u017ce kawa, herbata i co\u015b s\u0142odkiego\u2026<\/p>\n<p><strong>SADOWNE<\/strong><\/p>\n<p><strong>3 maja 2015 w Sadownem uroczy\u015bcie obchodzono 224 rocznic\u0119 uchwalenia Konstytucji 3 Maja i Dzie\u0144 Stra\u017caka.<\/strong><strong><br \/>\n<img loading=\"lazy\" decoding=\"async\" class=\"aligncenter size-full wp-image-15160\" src=\"http:\/\/www.info.sadowne.pl\/wp-content\/uploads\/2017\/03\/sad201.jpg\" alt=\"\" width=\"595\" height=\"397\" srcset=\"https:\/\/info.sadowne.pl\/wp-content\/uploads\/2017\/03\/sad201.jpg 595w, https:\/\/info.sadowne.pl\/wp-content\/uploads\/2017\/03\/sad201-300x200.jpg 300w\" sizes=\"auto, (max-width: 595px) 100vw, 595px\" \/><\/strong><\/p>\n<p>Uroczyste obchody uchwalenia Konstytucji 3 Maja i Dnia Stra\u017caka rozpocz\u0119\u0142a msza \u015bw. w naszym ko\u015bciele parafialnym, na kt\u00f3rej zgromadzi\u0142y si\u0119 poczty sztandarowe i flagowe szk\u00f3\u0142 oraz gminnych jednostek OSP.<\/p>\n<p><img loading=\"lazy\" decoding=\"async\" class=\"aligncenter size-full wp-image-15161\" src=\"http:\/\/www.info.sadowne.pl\/wp-content\/uploads\/2017\/03\/sad202.jpg\" alt=\"\" width=\"595\" height=\"397\" srcset=\"https:\/\/info.sadowne.pl\/wp-content\/uploads\/2017\/03\/sad202.jpg 595w, https:\/\/info.sadowne.pl\/wp-content\/uploads\/2017\/03\/sad202-300x200.jpg 300w\" sizes=\"auto, (max-width: 595px) 100vw, 595px\" \/><\/p>\n<p><strong>Ksi\u0105dz Tomasz Duszkiewicz<\/strong> przedstawi\u0142 istot\u0119 i wag\u0119 uchwalonego pod koniec XVIII wieku aktu prawnego oraz sylwetk\u0119 \u015aw. Floriana \u2013 Patrona Stra\u017cak\u00f3w.<\/p>\n<p>Msza zako\u0144czy\u0142a si\u0119 uroczyst\u0105 procesj\u0105 wok\u00f3\u0142 ko\u015bcio\u0142a parafialnego i przemarszem do kamienia upami\u0119tniaj\u0105cego 500-lecie powstania osady Sadowne, gdzie zosta\u0142y z\u0142o\u017cone kwiaty.<\/p>\n<div id=\"attachment_15162\" style=\"width: 605px\" class=\"wp-caption aligncenter\"><img loading=\"lazy\" decoding=\"async\" aria-describedby=\"caption-attachment-15162\" class=\"wp-image-15162 size-full\" src=\"http:\/\/www.info.sadowne.pl\/wp-content\/uploads\/2017\/03\/sad203.jpg\" alt=\"\" width=\"595\" height=\"397\" srcset=\"https:\/\/info.sadowne.pl\/wp-content\/uploads\/2017\/03\/sad203.jpg 595w, https:\/\/info.sadowne.pl\/wp-content\/uploads\/2017\/03\/sad203-300x200.jpg 300w\" sizes=\"auto, (max-width: 595px) 100vw, 595px\" \/><p id=\"caption-attachment-15162\" class=\"wp-caption-text\">Pan W\u00f3jt Waldemar Cyran w asy\u015bcie Radnych Gminy Sadowne<\/p><\/div>\n<div id=\"attachment_15163\" style=\"width: 605px\" class=\"wp-caption aligncenter\"><img loading=\"lazy\" decoding=\"async\" aria-describedby=\"caption-attachment-15163\" class=\"wp-image-15163 size-full\" src=\"http:\/\/www.info.sadowne.pl\/wp-content\/uploads\/2017\/03\/sad204.jpg\" alt=\"\" width=\"595\" height=\"397\" srcset=\"https:\/\/info.sadowne.pl\/wp-content\/uploads\/2017\/03\/sad204.jpg 595w, https:\/\/info.sadowne.pl\/wp-content\/uploads\/2017\/03\/sad204-300x200.jpg 300w\" sizes=\"auto, (max-width: 595px) 100vw, 595px\" \/><p id=\"caption-attachment-15163\" class=\"wp-caption-text\">Wszyscy zebrani s\u0142uchali przem\u00f3wienia: W\u00f3jta Gminy Sadowne p. Waldemara Cyrana i kombatanta p. Kazimierza Ksi\u0105\u017cka<\/p><\/div>\n<p><img loading=\"lazy\" decoding=\"async\" class=\"aligncenter size-full wp-image-15164\" src=\"http:\/\/www.info.sadowne.pl\/wp-content\/uploads\/2017\/03\/sad205.jpg\" alt=\"\" width=\"595\" height=\"397\" srcset=\"https:\/\/info.sadowne.pl\/wp-content\/uploads\/2017\/03\/sad205.jpg 595w, https:\/\/info.sadowne.pl\/wp-content\/uploads\/2017\/03\/sad205-300x200.jpg 300w\" sizes=\"auto, (max-width: 595px) 100vw, 595px\" \/><\/p>\n<p>Dzieci ze szk\u00f3\u0142 podstawowych w Grabinach i Sadownem wierszem i piosenk\u0105 uczci\u0142y akt konstytucyjny.<\/p>\n<p>Druga cz\u0119\u015b\u0107 uroczysto\u015bci, wy\u0142\u0105cznie zwi\u0105zana ju\u017c ze \u015awi\u0119tem Stra\u017caka, odby\u0142a si\u0119 na placu targowym przy Urz\u0119dzie Gminy Sadowne.<\/p>\n<div id=\"attachment_15165\" style=\"width: 605px\" class=\"wp-caption aligncenter\"><img loading=\"lazy\" decoding=\"async\" aria-describedby=\"caption-attachment-15165\" class=\"wp-image-15165 size-full\" src=\"http:\/\/www.info.sadowne.pl\/wp-content\/uploads\/2017\/03\/sad206.jpg\" alt=\"\" width=\"595\" height=\"397\" srcset=\"https:\/\/info.sadowne.pl\/wp-content\/uploads\/2017\/03\/sad206.jpg 595w, https:\/\/info.sadowne.pl\/wp-content\/uploads\/2017\/03\/sad206-300x200.jpg 300w\" sizes=\"auto, (max-width: 595px) 100vw, 595px\" \/><p id=\"caption-attachment-15165\" class=\"wp-caption-text\">Po uroczystej zbi\u00f3rce wszystkich Jednostek OSP, ich Komendant \u2013 p. Henryk Ga\u0142\u0105zka z\u0142o\u017cy\u0142 raport w\u0142odarzowi Gminy, W\u00f3jtowi \u2013 p. Waldemarowi Cyranowi<\/p><\/div>\n<p>W swoim przem\u00f3wieniu p. W\u00f3jt podkre\u015bli\u0142 zas\u0142ugi stra\u017cak\u00f3w \u201eochotnik\u00f3w\u201d dla spo\u0142eczno\u015bci gminnej, przekaza\u0142 im i ich rodzinom \u017cyczenia.<\/p>\n<div id=\"attachment_15166\" style=\"width: 605px\" class=\"wp-caption aligncenter\"><img loading=\"lazy\" decoding=\"async\" aria-describedby=\"caption-attachment-15166\" class=\"wp-image-15166 size-full\" src=\"http:\/\/www.info.sadowne.pl\/wp-content\/uploads\/2017\/03\/sad207.jpg\" alt=\"\" width=\"595\" height=\"397\" srcset=\"https:\/\/info.sadowne.pl\/wp-content\/uploads\/2017\/03\/sad207.jpg 595w, https:\/\/info.sadowne.pl\/wp-content\/uploads\/2017\/03\/sad207-300x200.jpg 300w\" sizes=\"auto, (max-width: 595px) 100vw, 595px\" \/><p id=\"caption-attachment-15166\" class=\"wp-caption-text\">Z okazji tego \u015awi\u0119ta p. W\u00f3jt Waldemar Cyran zosta\u0142 cz\u0142onkiem OSP i otrzyma\u0142 legitymacj\u0119 z r\u0105k przyby\u0142ej na uroczysto\u015b\u0107 Cz\u0142onka Zarz\u0105du woj. Mazowieckiego \u2013p. El\u017cbiety Lanc w asy\u015bcie Komendant\u00f3w: Gminnej i Sadowie\u0144skiej OSP. Gratulujemy!<\/p><\/div>\n<p>&nbsp;<\/p>\n<p><img loading=\"lazy\" decoding=\"async\" class=\"aligncenter size-full wp-image-15167\" src=\"http:\/\/www.info.sadowne.pl\/wp-content\/uploads\/2017\/03\/sad208.jpg\" alt=\"\" width=\"595\" height=\"397\" srcset=\"https:\/\/info.sadowne.pl\/wp-content\/uploads\/2017\/03\/sad208.jpg 595w, https:\/\/info.sadowne.pl\/wp-content\/uploads\/2017\/03\/sad208-300x200.jpg 300w\" sizes=\"auto, (max-width: 595px) 100vw, 595px\" \/><\/p>\n<p>Na uroczysto\u015bci za\u015bpiewa\u0142y <strong>SADOWIANKI<\/strong>, kt\u00f3re prezentuj\u0105c kilka wybranych utwor\u00f3w (oczywi\u015bcie o tematyce stra\u017cackiej) ze swojego bogatego repertuaru r\u00f3wnie\u017c u\u015bwietni\u0142y t\u0119 uroczysto\u015b\u0107.<\/p>\n<div id=\"attachment_15168\" style=\"width: 605px\" class=\"wp-caption aligncenter\"><img loading=\"lazy\" decoding=\"async\" aria-describedby=\"caption-attachment-15168\" class=\"wp-image-15168 size-full\" src=\"http:\/\/www.info.sadowne.pl\/wp-content\/uploads\/2017\/03\/sad209.jpg\" alt=\"\" width=\"595\" height=\"397\" srcset=\"https:\/\/info.sadowne.pl\/wp-content\/uploads\/2017\/03\/sad209.jpg 595w, https:\/\/info.sadowne.pl\/wp-content\/uploads\/2017\/03\/sad209-300x200.jpg 300w\" sizes=\"auto, (max-width: 595px) 100vw, 595px\" \/><p id=\"caption-attachment-15168\" class=\"wp-caption-text\">Andrzej Olton, Zbyszek Danaj, Andrzej Budek, Krysia Wetoszka, Ania Chojecka, Basia Wr\u00f3bel<\/p><\/div>\n<p>&nbsp;<\/p>\n<p><img loading=\"lazy\" decoding=\"async\" class=\"aligncenter size-full wp-image-15169\" src=\"http:\/\/www.info.sadowne.pl\/wp-content\/uploads\/2017\/03\/sad210.jpg\" alt=\"\" width=\"595\" height=\"397\" srcset=\"https:\/\/info.sadowne.pl\/wp-content\/uploads\/2017\/03\/sad210.jpg 595w, https:\/\/info.sadowne.pl\/wp-content\/uploads\/2017\/03\/sad210-300x200.jpg 300w\" sizes=\"auto, (max-width: 595px) 100vw, 595px\" \/><\/p>\n<p>Stra\u017cacy natomiast przygotowali dla publiczno\u015bci pokaz ratownictwa drogowego i medycznego polegaj\u0105cego na uwolnieniu z samochodu pasa\u017cera poszkodowanego w wypadku drogowym i udzieleniu mu pierwszej pomocy medycznej.<br \/>\n<img loading=\"lazy\" decoding=\"async\" class=\"aligncenter size-full wp-image-15170\" src=\"http:\/\/www.info.sadowne.pl\/wp-content\/uploads\/2017\/03\/sad211.jpg\" alt=\"\" width=\"595\" height=\"397\" srcset=\"https:\/\/info.sadowne.pl\/wp-content\/uploads\/2017\/03\/sad211.jpg 595w, https:\/\/info.sadowne.pl\/wp-content\/uploads\/2017\/03\/sad211-300x200.jpg 300w\" sizes=\"auto, (max-width: 595px) 100vw, 595px\" \/><\/p>\n<p>Popieramy pi\u0119kne s\u0142owa p. W\u00f3jta\u00a0 skierowane do mieszka\u0144c\u00f3w naszej gminy, \u017ce obchody 224 rocznicy uchwalenia <strong><em>Konstytucji 3 Maja oraz Dzie\u0144 Stra\u017caka<\/em><em>\u00a0 przywo\u0142a\u0142o pami\u0119\u0107 o dokonaniach naszych przodk\u00f3w, <\/em><em>udowodni\u0142o, \u017ce mi\u0142o\u015b\u0107 do Ojczyzny, Wiary i Tradycji jest wci\u0105\u017c \u017cywa i nale\u017cy j\u0105 piel\u0119gnowa\u0107 przy ka\u017cdej okazji. <\/em><em>Nasze \u015brodowisko, to nasza Ma\u0142a Ojczyzna<\/em><\/strong>. Ma\u0142a Ojczyzna to przesz\u0142o\u015b\u0107 i tradycja. Wszystko to, co si\u0119 z\u0142o\u017cy\u0142o na jej obecny kszta\u0142t. Ma\u0142a Ojczyzna to tera\u017aniejszo\u015b\u0107; wszystko to co sami u siebie wczoraj i dzisiaj tworzymy. Ma\u0142a Ojczyzna to przysz\u0142o\u015b\u0107, mo\u017cna j\u0105 zaplanowa\u0107 i wsp\u00f3lnie realizowa\u0107 plany.<\/p>\n<p><strong>\u0179r\u00f3d\u0142o:<\/strong>\u00a0SADOWIANKI, Barbara Wr\u00f3bel, Sadowne 2017 (kronika dost\u0119pna w zbiorach GOK Sadowne)<\/p>\n","protected":false},"excerpt":{"rendered":"<p>Wiele dawnych zwyczaj\u00f3w, obrz\u0119d\u00f3w i praktyk wraz z up\u0142ywem czasu ulega zapomnieniu. Chocia\u017c nadal nasze charaktery kszta\u0142tuj\u0105 dziadkowie i ojcowie, to jednak obyczajowo\u015b\u0107 jest ju\u017c nieco inna.<\/p>\n","protected":false},"author":1,"featured_media":0,"comment_status":"closed","ping_status":"closed","sticky":false,"template":"","format":"standard","meta":{"footnotes":""},"categories":[5,31,1202],"tags":[1218,101,960],"class_list":["post-15148","post","type-post","status-publish","format-standard","hentry","category-newsy","category-historia-gminy","category-zespol-spiewaczy-sadowianki","tag-barbara-wrobel","tag-historia-gminy-sadowne","tag-zespol-spiewaczy-sadowianki"],"views":3461,"_links":{"self":[{"href":"https:\/\/info.sadowne.pl\/index.php?rest_route=\/wp\/v2\/posts\/15148","targetHints":{"allow":["GET"]}}],"collection":[{"href":"https:\/\/info.sadowne.pl\/index.php?rest_route=\/wp\/v2\/posts"}],"about":[{"href":"https:\/\/info.sadowne.pl\/index.php?rest_route=\/wp\/v2\/types\/post"}],"author":[{"embeddable":true,"href":"https:\/\/info.sadowne.pl\/index.php?rest_route=\/wp\/v2\/users\/1"}],"replies":[{"embeddable":true,"href":"https:\/\/info.sadowne.pl\/index.php?rest_route=%2Fwp%2Fv2%2Fcomments&post=15148"}],"version-history":[{"count":1,"href":"https:\/\/info.sadowne.pl\/index.php?rest_route=\/wp\/v2\/posts\/15148\/revisions"}],"predecessor-version":[{"id":15171,"href":"https:\/\/info.sadowne.pl\/index.php?rest_route=\/wp\/v2\/posts\/15148\/revisions\/15171"}],"wp:attachment":[{"href":"https:\/\/info.sadowne.pl\/index.php?rest_route=%2Fwp%2Fv2%2Fmedia&parent=15148"}],"wp:term":[{"taxonomy":"category","embeddable":true,"href":"https:\/\/info.sadowne.pl\/index.php?rest_route=%2Fwp%2Fv2%2Fcategories&post=15148"},{"taxonomy":"post_tag","embeddable":true,"href":"https:\/\/info.sadowne.pl\/index.php?rest_route=%2Fwp%2Fv2%2Ftags&post=15148"}],"curies":[{"name":"wp","href":"https:\/\/api.w.org\/{rel}","templated":true}]}}