{"id":15210,"date":"2017-03-21T15:16:21","date_gmt":"2017-03-21T14:16:21","guid":{"rendered":"http:\/\/www.infosadowne.boo.pl\/?p=15210"},"modified":"2020-04-24T15:23:43","modified_gmt":"2020-04-24T13:23:43","slug":"spotkanie-soltysow","status":"publish","type":"post","link":"https:\/\/info.sadowne.pl\/?p=15210","title":{"rendered":"Spotkanie so\u0142tys\u00f3w"},"content":{"rendered":"<p><strong><img loading=\"lazy\" decoding=\"async\" class=\"alignleft size-thumbnail wp-image-15212\" src=\"http:\/\/www.info.sadowne.pl\/wp-content\/uploads\/2017\/03\/2017.03.21.2-180x130.jpg\" alt=\"\" width=\"180\" height=\"130\" \/>\u201e\u017bycie w\u0142odarza wsi to nie sielanka\u2026<\/strong><!--more--><\/p>\n<p>\u2026Trzeba dzia\u0142a\u0107 i cierpliwie pokonywa\u0107 trudno\u015bci. Jak aktywizowa\u0107, zara\u017ca\u0107 entuzjazmem i czego \u017cyczy\u0107 so\u0142tysom z okazji ich \u015bwi\u0119ta?\u201d<\/p>\n<p>21 marca w ciekawy spos\u00f3b o tym wszystkim opowiedzia\u0142y przedstawicielki Stowarzyszenia \u201eSo\u0142tysi Mazowsza\u201d: p. Gra\u017cyna Ja\u0142gos &#8211; D\u0119bska \u2013 Prezes i p. Maja Winiarska \u2013 Czajkowska \u2013 Sekretarz. Spotkanie odby\u0142o si\u0119 w Sali Konferencyjnej Urz\u0119du Gminy Sadowne i opr\u00f3cz so\u0142tys\u00f3w Gminy Sadowne wzi\u0119li w nim udzia\u0142 pp.: Krzysztof Fedorczyk \u2013 Starosta W\u0119growski, Waldemar Cyran \u2013 W\u00f3jt Gminy Sadowne, Piotr Olkowski \u2013 Przewodnicz\u0105cy Rady Gminy Sadowne i Zbigniew Bocian \u2013 Sekretarz Gminy.<\/p>\n<p>Bohaterki spotkania, cz\u0142onkinie Stowarzyszenia \u201eSo\u0142tysi Mazowsza\u201d na przyk\u0142adzie miejscowo\u015bci Opypy, w kt\u00f3rej zamieszkuj\u0105, ciekawie opowiedzia\u0142y o nowych inicjatywach lokalnej spo\u0142eczno\u015bci, inwestycjach, sposobach pozyskiwania \u015brodk\u00f3w na ich realizacj\u0119, funduszu so\u0142eckim i sukcesach, w\u015br\u00f3d kt\u00f3rych najwy\u017cej cenion\u0105 jest integracja mieszka\u0144c\u00f3w, a tak\u017ce o wielu, wielu innych ciekawostkach z \u017cycia so\u0142tys\u00f3w.<\/p>\n<p>W\u0142odarze naszych wsi zapewne ch\u0119tnie skorzystaj\u0105 z tych podpowiedzi, cho\u0107 ka\u017cda lokalna spo\u0142eczno\u015b\u0107 jest specyficzna i czasami ci\u0119\u017cko jest odwzorowa\u0107 ciekawe pomys\u0142y na w\u0142asnym gruncie, ale\u2026 mo\u017cna spr\u00f3bowa\u0107.<\/p>\n<p><a href=\"https:\/\/photos.app.goo.gl\/osYygdbXeGDk6E2z5\" target=\"_blank\" rel=\"noopener noreferrer\"><span style=\"color: #0000ff;\"><strong>Zdj\u0119cia w galerii Google&gt;&gt;&gt;<\/strong><\/span><\/a><\/p>\n<p><strong>Tekst\/foto:<\/strong> S\u0142awek Chyli\u0144ski<\/p>\n","protected":false},"excerpt":{"rendered":"<p>\u201e\u017bycie w\u0142odarza wsi to nie sielanka\u2026<\/p>\n","protected":false},"author":1,"featured_media":0,"comment_status":"closed","ping_status":"closed","sticky":false,"template":"","format":"standard","meta":{"footnotes":""},"categories":[5,41],"tags":[2380,2379,142],"class_list":["post-15210","post","type-post","status-publish","format-standard","hentry","category-newsy","category-wiesci-gminne","tag-spotkanie-soltysow-w-sadownem","tag-stowarzyszenie-soltysi-mazowsza","tag-urzad-gminy-sadowne"],"views":3164,"_links":{"self":[{"href":"https:\/\/info.sadowne.pl\/index.php?rest_route=\/wp\/v2\/posts\/15210","targetHints":{"allow":["GET"]}}],"collection":[{"href":"https:\/\/info.sadowne.pl\/index.php?rest_route=\/wp\/v2\/posts"}],"about":[{"href":"https:\/\/info.sadowne.pl\/index.php?rest_route=\/wp\/v2\/types\/post"}],"author":[{"embeddable":true,"href":"https:\/\/info.sadowne.pl\/index.php?rest_route=\/wp\/v2\/users\/1"}],"replies":[{"embeddable":true,"href":"https:\/\/info.sadowne.pl\/index.php?rest_route=%2Fwp%2Fv2%2Fcomments&post=15210"}],"version-history":[{"count":2,"href":"https:\/\/info.sadowne.pl\/index.php?rest_route=\/wp\/v2\/posts\/15210\/revisions"}],"predecessor-version":[{"id":23154,"href":"https:\/\/info.sadowne.pl\/index.php?rest_route=\/wp\/v2\/posts\/15210\/revisions\/23154"}],"wp:attachment":[{"href":"https:\/\/info.sadowne.pl\/index.php?rest_route=%2Fwp%2Fv2%2Fmedia&parent=15210"}],"wp:term":[{"taxonomy":"category","embeddable":true,"href":"https:\/\/info.sadowne.pl\/index.php?rest_route=%2Fwp%2Fv2%2Fcategories&post=15210"},{"taxonomy":"post_tag","embeddable":true,"href":"https:\/\/info.sadowne.pl\/index.php?rest_route=%2Fwp%2Fv2%2Ftags&post=15210"}],"curies":[{"name":"wp","href":"https:\/\/api.w.org\/{rel}","templated":true}]}}