{"id":15215,"date":"2017-03-21T19:15:35","date_gmt":"2017-03-21T18:15:35","guid":{"rendered":"http:\/\/www.infosadowne.boo.pl\/?p=15215"},"modified":"2020-04-24T15:22:38","modified_gmt":"2020-04-24T13:22:38","slug":"spotkanie-z-mariola-pryzwan","status":"publish","type":"post","link":"https:\/\/info.sadowne.pl\/?p=15215","title":{"rendered":"Spotkanie z Mariol\u0105 Pryzwan"},"content":{"rendered":"<p><strong><img loading=\"lazy\" decoding=\"async\" class=\"alignleft size-thumbnail wp-image-15217\" src=\"http:\/\/www.info.sadowne.pl\/wp-content\/uploads\/2017\/03\/2017.03.21.3-180x130.jpg\" alt=\"\" width=\"180\" height=\"130\" \/>Sadowie\u0144ski Klub Seniora tym razem zaprosi\u0142 do siebie pisark\u0119 p. Mariol\u0119 Pryzwan. Spotkanie odby\u0142o si\u0119 w Gminnym O\u015brodku Kultury w Sadownem.<\/strong><!--more--><\/p>\n<p><strong>Mariola Pryzwan<\/strong> &#8211; polonistka, publicystka i biografistka, z zawodu bibliotekarz, pracuje w Pedagogicznej Bibliotece Wojew\u00f3dzkiej w Warszawie.\u00a0Jest autork\u0105 biografii literackich Marii D\u0105browskiej, Haliny Po\u015bwiatowskiej, Marii Pawlikowskiej-Jasnorzewskiej, W\u0142adys\u0142awa Broniewskiego, Anny Jantar, Anny German czy te\u017c Zbigniewa Cybulskiego.<\/p>\n<p>Podczas spotkania z Sadowie\u0144skim Klubem Seniora nie starczy\u0142o czasu na prezentacj\u0119 sylwetek bohater\u00f3w wszystkich ksi\u0105\u017cek pisarki, dlatego te\u017c \u2013 na pro\u015bb\u0119 s\u0142uchaczy \u2013 ograniczy\u0142a si\u0119 do przekazania najciekawszych fakt\u00f3w z \u017cycia Anny Jantar i Zbigniewa Cybulskiego.<\/p>\n<p><strong>O pierwszej z bohaterek Mariola Pryzwan opowiada w pozycjach ksi\u0105\u017ckowych:<\/strong> \u201eWspomnienia o Annie Jantar\u201d, \u201eS\u0142o\u0144ca jakby mniej. Wspomnienia o Annie Jantar\u201d i \u201eBursztynowa dziewczyna. Anna Jantar we wspomnieniach\u201d. S\u0105 to ksi\u0105\u017cki po\u015bwi\u0119cone jednej z najlepszych i najpopularniejszych gwiazd polskiej estrady \u2013 Annie Jantar, kt\u00f3ra \u015bpiewa\u0142a pogodne przeboje i liryczne, sk\u0142aniaj\u0105ce do refleksji piosenki. W latach siedemdziesi\u0105tych jej niezapomniane przeboje <em>Tyle s\u0142o\u0144ca w ca\u0142ym mie\u015bcie, Najtrudniejszy pierwszy krok, \u017beby szcz\u0119\u015bliwym by\u0107 <\/em>czy <em>Nic nie mo\u017ce wiecznie<\/em> trwa\u0107 zna\u0142a i nuci\u0142a ca\u0142a Polska. Ze wspomnie\u0144 wy\u0142ania si\u0119 posta\u0107 wra\u017cliwej, utalentowanej piosenkarki, pi\u0119knej kobiety i \u015bwietnego kumpla. Jej estradow\u0105 karier\u0119 przerwa\u0142a tragiczna \u015bmier\u0107 &#8211; Anna Jantar zgin\u0119\u0142a 14 marca 1980 roku, maj\u0105c zaledwie 29 lat.<\/p>\n<p><strong>Drug\u0105 omawian\u0105 przez pisark\u0119 postaci\u0105 by\u0142 Zbigniew Cybulski<\/strong>, kt\u00f3rego burzliwe \u017cycie autorka przedstawi\u0142a w pozycjach ksi\u0105\u017ckowych swojego autorstwa: \u201eCybulski o sobie\u201d, \u201eCze\u015b\u0107, starenia! Cybulski we wspomnieniach\u201d i \u201eCze\u015b\u0107, starenia! Wspomnienia o Zbyszku Cybulskim\u201d.<\/p>\n<p>C\u00f3\u017c mo\u017cna powiedzie\u0107 o nim? \u017by\u0142 kr\u00f3tko, w latach 1927 \u2013 1967. Aktor, legenda polskiego kina, wsp\u00f3\u0142tw\u00f3rca Studenckiego Teatrzyku Bim-Bom. Niezapomniany Staszek w <em>Giuseppe w Warszawie<\/em>, Jacek w <em>Do widzenia, do jutra<\/em> czy kapitan van Worden w <em>R\u0119kopisie znalezionym w Saragossie<\/em>.<br \/>\nNajwi\u0119kszy sukces odni\u00f3s\u0142 jednak w <em>Popiele i diamencie<\/em>. Rola Ma\u0107ka Che\u0142mickiego pozosta\u0142a jego \u017cyciow\u0105 kreacj\u0105. By\u0142 fenomenem aktorskim, idolem swego pokolenia, obiektem uwielbienia i na\u015bladowania. Niekt\u00f3rzy twierdz\u0105, \u017ce by\u0142 op\u0119tany aktorstwem, \u017ce przemienia\u0142 w\u0142asne uczucia w role. Ju\u017c za \u017cycia by\u0142 legend\u0105, legendy za\u015b nie umieraj\u0105.<br \/>\n<strong>A przy okazji\u2026 jeszcze jedna pozycja ksi\u0105\u017ckowa<\/strong><strong> \u2013 \u201e<\/strong><strong>Moje fascynacje\u201d<\/strong>, arcyciekawa ksi\u0105\u017cka, w kt\u00f3rej rasowa dziennikarka Agata Rokicka zadawanymi pytaniami wydobywa od Marioli Pryzwan ciekawostki, nieznane rzeczy i fakty na temat znanych os\u00f3b estrady polskiej. Tu mo\u017cemy dowiedzie\u0107 si\u0119 np.: Jak rozpocz\u0119\u0142a si\u0119 kariera muzyczna Ireny Jarockiej? Jakimi lud\u017ami byli prywatnie Maria D\u0105browska, W\u0142adys\u0142aw Broniewski czy Maria Pawlikowska-Jasnorzewska? Co denerwowa\u0142o Zbyszka Cybulskiego? Dlaczego do dzisiaj m\u00f3wimy o Annie Jantar i Annie German? Czy Halina Po\u015bwiatowska by\u0142a poetk\u0105 wybitn\u0105? Nie przeoczmy tej pozycji ksi\u0105\u017ckowej!<\/p>\n<p><strong>A spotkanie z pisark\u0105?<\/strong> Fascynuj\u0105ce, pouczaj\u0105ce i dostarczaj\u0105ce multum wiedzy, nieznanych fakt\u00f3w z \u017cycia znanych wszystkim: Anny Jantar i Zbigniewa Cybulskiego. Zapewniam, \u017ce wszyscy obecni wys\u0142uchali tych opowie\u015bci z wielkim zainteresowaniem. Tak jest podczas ka\u017cdego spotkania z Mariol\u0105 Pryzwan, a w ostatnich latach Sadowne mia\u0142o okazj\u0119 go\u015bci\u0107 pisark\u0119 kilkana\u015bcie razy. Zawsze ch\u0119tnie nas odwiedza \u2013 jak m\u00f3wi: \u201eOstr\u00f3w Mazowiecka, gdzie s\u0105 moje korzenie, jest bardzo blisko\u201d.<\/p>\n<p><strong>Dzi\u0119kujemy za to spotkanie i czekamy ju\u017c na kolejne.<\/strong><\/p>\n<p><a href=\"https:\/\/photos.app.goo.gl\/a7HxDXz6RPcZ7iTP8\" target=\"_blank\" rel=\"noopener noreferrer\"><span style=\"color: #0000ff;\"><strong>Zdj\u0119cia w galerii Google&gt;&gt;&gt;<\/strong><\/span><\/a><\/p>\n<p><strong>Tekst\/foto:<\/strong> S\u0142awek Chyli\u0144ski<\/p>\n<p><strong>\u0179r\u00f3d\u0142o:<\/strong> www.lubimyczytac.pl<\/p>\n","protected":false},"excerpt":{"rendered":"<p>Sadowie\u0144ski Klub Seniora tym razem zaprosi\u0142 do siebie pisark\u0119 p. Mariol\u0119 Pryzwan. Spotkanie odby\u0142o si\u0119 w Gminnym O\u015brodku Kultury w Sadownem.<\/p>\n","protected":false},"author":1,"featured_media":0,"comment_status":"closed","ping_status":"closed","sticky":false,"template":"","format":"standard","meta":{"footnotes":""},"categories":[5,91,6],"tags":[169,1582,2198],"class_list":["post-15215","post","type-post","status-publish","format-standard","hentry","category-newsy","category-gminny-osrodek-kultury","category-kultura-rozrywka-edukacja","tag-gminny-osrodek-kultury-w-sadownem","tag-sadowienski-klub-seniora","tag-spotkanie-z-mariola-pryzwan"],"views":2747,"_links":{"self":[{"href":"https:\/\/info.sadowne.pl\/index.php?rest_route=\/wp\/v2\/posts\/15215","targetHints":{"allow":["GET"]}}],"collection":[{"href":"https:\/\/info.sadowne.pl\/index.php?rest_route=\/wp\/v2\/posts"}],"about":[{"href":"https:\/\/info.sadowne.pl\/index.php?rest_route=\/wp\/v2\/types\/post"}],"author":[{"embeddable":true,"href":"https:\/\/info.sadowne.pl\/index.php?rest_route=\/wp\/v2\/users\/1"}],"replies":[{"embeddable":true,"href":"https:\/\/info.sadowne.pl\/index.php?rest_route=%2Fwp%2Fv2%2Fcomments&post=15215"}],"version-history":[{"count":2,"href":"https:\/\/info.sadowne.pl\/index.php?rest_route=\/wp\/v2\/posts\/15215\/revisions"}],"predecessor-version":[{"id":23153,"href":"https:\/\/info.sadowne.pl\/index.php?rest_route=\/wp\/v2\/posts\/15215\/revisions\/23153"}],"wp:attachment":[{"href":"https:\/\/info.sadowne.pl\/index.php?rest_route=%2Fwp%2Fv2%2Fmedia&parent=15215"}],"wp:term":[{"taxonomy":"category","embeddable":true,"href":"https:\/\/info.sadowne.pl\/index.php?rest_route=%2Fwp%2Fv2%2Fcategories&post=15215"},{"taxonomy":"post_tag","embeddable":true,"href":"https:\/\/info.sadowne.pl\/index.php?rest_route=%2Fwp%2Fv2%2Ftags&post=15215"}],"curies":[{"name":"wp","href":"https:\/\/api.w.org\/{rel}","templated":true}]}}