{"id":15220,"date":"2017-03-22T07:07:11","date_gmt":"2017-03-22T06:07:11","guid":{"rendered":"http:\/\/www.infosadowne.boo.pl\/?p=15220"},"modified":"2020-04-24T15:21:23","modified_gmt":"2020-04-24T13:21:23","slug":"wiosna-ach-to-ty","status":"publish","type":"post","link":"https:\/\/info.sadowne.pl\/?p=15220","title":{"rendered":"\u201eWiosna, ach to Ty\u2026\u201d"},"content":{"rendered":"<p><strong><img loading=\"lazy\" decoding=\"async\" class=\"alignleft size-thumbnail wp-image-15222\" src=\"http:\/\/www.info.sadowne.pl\/wp-content\/uploads\/2017\/03\/2-180x130.jpg\" alt=\"\" width=\"180\" height=\"130\" \/>Wtorek 21 marca by\u0142 dniem kolor\u00f3w: \u017c\u00f3\u0142tego i zielonego <\/strong><!--more--><\/p>\n<p>&#8211; symboli wiosny budz\u0105cej si\u0119 do \u017cycia, wiosny pe\u0142nej ptasich treli, kluczy ptak\u00f3w ci\u0105gn\u0105cych z odleg\u0142ych land\u00f3w, delikatnych, ale odwa\u017cnych przebi\u015bnieg\u00f3w i nie\u015bmia\u0142ych \u017conkili, krokus\u00f3w czy tulipan\u00f3w. Dla ka\u017cdego ta symboliczna data jest momentem, kiedy \u015bwiat zaczyna stawa\u0107 si\u0119 bardziej kolorowy. Niestety symboliczna, bo aura za oknem nie wskazuje na wiosn\u0119 &#8211; co najwy\u017cej przedwio\u015bnie.<\/p>\n<p>Nastr\u00f3j ka\u017cdego cz\u0142owieka, tego dnia staje si\u0119 bardziej pogodny i w takiej w\u0142a\u015bnie kolorowej oraz radosnej atmosferze \u00a0\u015bwi\u0119towali nadej\u015bcie wiosny uczniowie sadowie\u0144skiej \u201epodstaw\u00f3wki\u201d.<\/p>\n<p>Z tej okazji ka\u017cda klasa ubrana by\u0142a w stroje w barwach wiosennych. Uczniowie prezentowali si\u0119 fantastycznie!\u00a0 Ka\u017cda klasa wyst\u0119powa\u0142a na \u015brodku sali gimnastycznej deklamuj\u0105c i obrazuj\u0105c wiersze Juliana Tuwima, Jana Brzechwy min.: Rzepka, Lokomotywa, \u017baba, Zosia Samosia, Okulary; oraz \u015bpiewaj\u0105c piosenki o tematyce wiosennej i przedstawiaj\u0105c scenki humorystyczne. Ka\u017cdy oddzia\u0142 mia\u0142 te\u017c wytypowan\u0105 osob\u0119 do pokazu mody MISS WIOSNY 2017. I tu niespodzianka- jedn\u0105 z przebranych os\u00f3b by\u0142 MISTER WIOSNY. Jurorzy wybrali najpi\u0119kniejszych, kt\u00f3rzy zostali obdarowani drobnymi \u0142akociami.<\/p>\n<p>Ostatnim punktem wsp\u00f3lnej imprezy by\u0142 fantastyczny pokaz ta\u0144c\u00f3w, w wykonaniu grupy starszych i m\u0142odszych uczni\u00f3w naszej szko\u0142y, pod okiem p. Blanki Malinowskiej.<\/p>\n<p>Pani Dyrektor Ma\u0142gorzata Koro\u015b, podsumowuj\u0105c ca\u0142y dzie\u0144 serdecznie podzi\u0119kowa\u0142a za zaanga\u017cowanie i wspania\u0142\u0105 zabaw\u0119, wyra\u017caj\u0105c nadziej\u0119, \u017ce to skutecznie odstraszy zim\u0119 i ju\u017c do nas nie wr\u00f3ci.<\/p>\n<p><strong>Sylwia Ilczuk<\/strong><\/p>\n<p><a href=\"https:\/\/photos.app.goo.gl\/LVKzgPadAbtL2DxY9\" target=\"_blank\" rel=\"noopener noreferrer\"><span style=\"color: #0000ff;\"><strong>Zdj\u0119cia w galerii Google&gt;&gt;&gt;<\/strong><\/span><\/a><\/p>\n","protected":false},"excerpt":{"rendered":"<p>Wtorek 21 marca by\u0142 dniem kolor\u00f3w: \u017c\u00f3\u0142tego i zielonego<\/p>\n","protected":false},"author":1,"featured_media":0,"comment_status":"closed","ping_status":"closed","sticky":false,"template":"","format":"standard","meta":{"footnotes":""},"categories":[5,1752,84],"tags":[1879,361,16],"class_list":["post-15220","post","type-post","status-publish","format-standard","hentry","category-newsy","category-edukacja","category-szkola-podstawowa-im-cz-wycecha","tag-pierwszy-dzien-wiosny-w-sadownem","tag-sylwia-ilczuk","tag-szkola-podstawowa-w-sadownem"],"views":2824,"_links":{"self":[{"href":"https:\/\/info.sadowne.pl\/index.php?rest_route=\/wp\/v2\/posts\/15220","targetHints":{"allow":["GET"]}}],"collection":[{"href":"https:\/\/info.sadowne.pl\/index.php?rest_route=\/wp\/v2\/posts"}],"about":[{"href":"https:\/\/info.sadowne.pl\/index.php?rest_route=\/wp\/v2\/types\/post"}],"author":[{"embeddable":true,"href":"https:\/\/info.sadowne.pl\/index.php?rest_route=\/wp\/v2\/users\/1"}],"replies":[{"embeddable":true,"href":"https:\/\/info.sadowne.pl\/index.php?rest_route=%2Fwp%2Fv2%2Fcomments&post=15220"}],"version-history":[{"count":2,"href":"https:\/\/info.sadowne.pl\/index.php?rest_route=\/wp\/v2\/posts\/15220\/revisions"}],"predecessor-version":[{"id":23152,"href":"https:\/\/info.sadowne.pl\/index.php?rest_route=\/wp\/v2\/posts\/15220\/revisions\/23152"}],"wp:attachment":[{"href":"https:\/\/info.sadowne.pl\/index.php?rest_route=%2Fwp%2Fv2%2Fmedia&parent=15220"}],"wp:term":[{"taxonomy":"category","embeddable":true,"href":"https:\/\/info.sadowne.pl\/index.php?rest_route=%2Fwp%2Fv2%2Fcategories&post=15220"},{"taxonomy":"post_tag","embeddable":true,"href":"https:\/\/info.sadowne.pl\/index.php?rest_route=%2Fwp%2Fv2%2Ftags&post=15220"}],"curies":[{"name":"wp","href":"https:\/\/api.w.org\/{rel}","templated":true}]}}