{"id":15225,"date":"2017-03-22T07:26:52","date_gmt":"2017-03-22T06:26:52","guid":{"rendered":"http:\/\/www.infosadowne.boo.pl\/?p=15225"},"modified":"2017-03-22T07:26:52","modified_gmt":"2017-03-22T06:26:52","slug":"puchar-orkana-dla-iii-lo","status":"publish","type":"post","link":"https:\/\/info.sadowne.pl\/?p=15225","title":{"rendered":"Puchar Orkana dla III LO"},"content":{"rendered":"<p><strong><a href=\"http:\/\/www.info.sadowne.pl\/wp-content\/uploads\/2017\/03\/2017.03.22.2.jpg\" target=\"_blank\"><img loading=\"lazy\" decoding=\"async\" class=\"alignleft wp-image-15227 size-thumbnail\" src=\"http:\/\/www.info.sadowne.pl\/wp-content\/uploads\/2017\/03\/2017.03.22.2-180x130.jpg\" alt=\"\" width=\"180\" height=\"130\" \/><\/a>Tradycyjnie, jak co roku, w pierwszy dzie\u0144 wiosny w naszej szkole odby\u0142 si\u0119 turniej pi\u0142ki halowej o &#8222;Puchar Orkana&#8221;.<\/strong><!--more--><\/p>\n<p>Jako pierwsi podajemy oficjalne wyniki turnieju:<br \/>\n1 miejsce oraz Puchar Orkana zdoby\u0142a klasa III LO<br \/>\n2 miejsce klasa IV TG<br \/>\n3 miejsce klasa III TG<br \/>\nKr\u00f3lem strzelc\u00f3w mistrzostw zosta\u0142 Konrad Wojciechowski z klasy III LO z rezultatem 11 bramek.<br \/>\nOpr\u00f3cz zawodnik\u00f3w, w turnieju rywalizowa\u0142y r\u00f3wnie\u017c zawodniczki. Dru\u017cyny \u017ce\u0144skie rozegra\u0142y kilka spotka\u0144, lecz z powodu zaciek\u0142ej rywalizacji w tej kategorii turniej jeszcze si\u0119 nie zako\u0144czy\u0142. Pozosta\u0142e mecze ju\u017c wkr\u00f3tce.<br \/>\nWszystkim gratulujemy i dzi\u0119kujemy za super zabaw\u0119!<\/p>\n<p><span style=\"color: #0000ff;\"><strong><a style=\"color: #0000ff;\" href=\"https:\/\/www.facebook.com\/Zesp%C3%B3%C5%82-Szk%C3%B3%C5%82-Ponadgimnazjalnych-w-Sadownem-354101188030435\/\" target=\"_blank\">Wi\u0119cej na Facebooku ZSP Sadowne&gt;&gt;&gt;<\/a><\/strong><\/span><\/p>\n<p><strong>\u0179r\u00f3d\u0142o:<\/strong> https:\/\/www.facebook.com\/Zesp%C3%B3%C5%82-Szk%C3%B3%C5%82-Ponadgimnazjalnych-w-Sadownem-354101188030435\/<\/p>\n","protected":false},"excerpt":{"rendered":"<p>Tradycyjnie, jak co roku, w pierwszy dzie\u0144 wiosny w naszej szkole odby\u0142 si\u0119 turniej pi\u0142ki halowej o &#8222;Puchar Orkana&#8221;.<\/p>\n","protected":false},"author":1,"featured_media":0,"comment_status":"closed","ping_status":"closed","sticky":false,"template":"","format":"standard","meta":{"footnotes":""},"categories":[5,1752,85],"tags":[1879,2381,182],"class_list":["post-15225","post","type-post","status-publish","format-standard","hentry","category-newsy","category-edukacja","category-zsp","tag-pierwszy-dzien-wiosny-w-sadownem","tag-turniej-o-puchar-orkana","tag-zespol-szkol-ponadgimnazjalnych-w-sadownem"],"views":2811,"_links":{"self":[{"href":"https:\/\/info.sadowne.pl\/index.php?rest_route=\/wp\/v2\/posts\/15225","targetHints":{"allow":["GET"]}}],"collection":[{"href":"https:\/\/info.sadowne.pl\/index.php?rest_route=\/wp\/v2\/posts"}],"about":[{"href":"https:\/\/info.sadowne.pl\/index.php?rest_route=\/wp\/v2\/types\/post"}],"author":[{"embeddable":true,"href":"https:\/\/info.sadowne.pl\/index.php?rest_route=\/wp\/v2\/users\/1"}],"replies":[{"embeddable":true,"href":"https:\/\/info.sadowne.pl\/index.php?rest_route=%2Fwp%2Fv2%2Fcomments&post=15225"}],"version-history":[{"count":1,"href":"https:\/\/info.sadowne.pl\/index.php?rest_route=\/wp\/v2\/posts\/15225\/revisions"}],"predecessor-version":[{"id":15229,"href":"https:\/\/info.sadowne.pl\/index.php?rest_route=\/wp\/v2\/posts\/15225\/revisions\/15229"}],"wp:attachment":[{"href":"https:\/\/info.sadowne.pl\/index.php?rest_route=%2Fwp%2Fv2%2Fmedia&parent=15225"}],"wp:term":[{"taxonomy":"category","embeddable":true,"href":"https:\/\/info.sadowne.pl\/index.php?rest_route=%2Fwp%2Fv2%2Fcategories&post=15225"},{"taxonomy":"post_tag","embeddable":true,"href":"https:\/\/info.sadowne.pl\/index.php?rest_route=%2Fwp%2Fv2%2Ftags&post=15225"}],"curies":[{"name":"wp","href":"https:\/\/api.w.org\/{rel}","templated":true}]}}