{"id":15257,"date":"2017-03-24T07:01:05","date_gmt":"2017-03-24T06:01:05","guid":{"rendered":"http:\/\/www.infosadowne.boo.pl\/?p=15257"},"modified":"2017-03-24T07:01:05","modified_gmt":"2017-03-24T06:01:05","slug":"brazowe-medale","status":"publish","type":"post","link":"https:\/\/info.sadowne.pl\/?p=15257","title":{"rendered":"Br\u0105zowe medale&#8230;"},"content":{"rendered":"<p><strong><a href=\"http:\/\/www.info.sadowne.pl\/wp-content\/uploads\/2017\/03\/2017.03.24.1.jpg\" target=\"_blank\"><img loading=\"lazy\" decoding=\"async\" class=\"alignleft wp-image-15259 size-thumbnail\" src=\"http:\/\/www.info.sadowne.pl\/wp-content\/uploads\/2017\/03\/2017.03.24.1-180x130.jpg\" alt=\"\" width=\"180\" height=\"130\" \/><\/a>\u00a0\u2026na Mistrzostwach Makroregionu Wschodniego.<\/strong><!--more--><\/p>\n<p>W dniu 19 marca 2017 r. w Radomiu odby\u0142y si\u0119 Mistrzostwa Makroregionu Wschodniego i Mi\u0119dzywojew\u00f3dzkie Mistrzostwa M\u0142odzik\u00f3w w Karate Kyokushin. W Turnieju udzia\u0142 wzi\u0119\u0142o 350 zawodnik\u00f3w z 42. klub\u00f3w. Brokowski Klub Karate Kyokushinkai reprezentowa\u0142o dwoje zawodnik\u00f3w: Zofia Sobotka i Rafa\u0142 Szul\u0119cki.<\/p>\n<p><a href=\"http:\/\/www.info.sadowne.pl\/wp-content\/uploads\/2017\/03\/2017.03.24.2.jpg\" target=\"_blank\"><img loading=\"lazy\" decoding=\"async\" class=\"alignright wp-image-15260 size-medium\" src=\"http:\/\/www.info.sadowne.pl\/wp-content\/uploads\/2017\/03\/2017.03.24.2-225x300.jpg\" alt=\"\" width=\"225\" height=\"300\" srcset=\"https:\/\/info.sadowne.pl\/wp-content\/uploads\/2017\/03\/2017.03.24.2-225x300.jpg 225w, https:\/\/info.sadowne.pl\/wp-content\/uploads\/2017\/03\/2017.03.24.2.jpg 600w\" sizes=\"auto, (max-width: 225px) 100vw, 225px\" \/><\/a>Zosia startowa\u0142a w\u015br\u00f3d m\u0142odziczek w kategorii plus 55 kg. Pewnie zwyci\u0119\u017cy\u0142a w eliminacjach. W strefie medalowej nie uda\u0142o si\u0119 pokona\u0107 r\u00f3wie\u015bniczki i Zosia musia\u0142a zadowoli\u0107 si\u0119 w tym dniu trzeci\u0105 lokat\u0105. Br\u0105zowy medal jest dla naszej zawodniczki pierwszym trofeum sportowym na zawodach rangi mistrzowskiej.<\/p>\n<p>Rafa\u0142 natomiast nie mia\u0142 mo\u017cliwo\u015bci pokazania ca\u0142ego zakresu swoich technik. Po nieprzepisowym kopni\u0119ciu w kolano ze strony zawodnika z \u0141om\u017cy, Rafa\u0142 nie by\u0142 w stanie kontynuowa\u0107 walki. Dyskwalifikacja rywala i niezdolno\u015b\u0107 do dalszej walki naszego reprezentanta da\u0142a nam br\u0105zowy medal.<\/p>\n<p><a href=\"http:\/\/www.info.sadowne.pl\/wp-content\/uploads\/2017\/03\/2017.03.24.3.jpg\" target=\"_blank\"><img loading=\"lazy\" decoding=\"async\" class=\"alignleft wp-image-15261 size-medium\" src=\"http:\/\/www.info.sadowne.pl\/wp-content\/uploads\/2017\/03\/2017.03.24.3-300x262.jpg\" alt=\"\" width=\"300\" height=\"262\" srcset=\"https:\/\/info.sadowne.pl\/wp-content\/uploads\/2017\/03\/2017.03.24.3-300x262.jpg 300w, https:\/\/info.sadowne.pl\/wp-content\/uploads\/2017\/03\/2017.03.24.3.jpg 686w\" sizes=\"auto, (max-width: 300px) 100vw, 300px\" \/><\/a>Dwa medale na tak licznie obsadzonych Mistrzostwach Makroregionu s\u0105 du\u017cym sukcesem. Rywalizacja z mocnymi klubami nie jest \u0142atwa.<\/p>\n<p><strong>Zbigniew W\u00f3jcicki<\/strong><\/p>\n","protected":false},"excerpt":{"rendered":"<p>\u00a0\u2026na Mistrzostwach Makroregionu Wschodniego.<\/p>\n","protected":false},"author":1,"featured_media":0,"comment_status":"closed","ping_status":"closed","sticky":false,"template":"","format":"standard","meta":{"footnotes":""},"categories":[5,2029,7],"tags":[794,2337,2030,793],"class_list":["post-15257","post","type-post","status-publish","format-standard","hentry","category-newsy","category-karate","category-sport","tag-brokowski-klub-karate-kyokushinkai","tag-rafal-szulecki","tag-zbigniew-wojcicki","tag-zofia-sobotka"],"views":2657,"_links":{"self":[{"href":"https:\/\/info.sadowne.pl\/index.php?rest_route=\/wp\/v2\/posts\/15257","targetHints":{"allow":["GET"]}}],"collection":[{"href":"https:\/\/info.sadowne.pl\/index.php?rest_route=\/wp\/v2\/posts"}],"about":[{"href":"https:\/\/info.sadowne.pl\/index.php?rest_route=\/wp\/v2\/types\/post"}],"author":[{"embeddable":true,"href":"https:\/\/info.sadowne.pl\/index.php?rest_route=\/wp\/v2\/users\/1"}],"replies":[{"embeddable":true,"href":"https:\/\/info.sadowne.pl\/index.php?rest_route=%2Fwp%2Fv2%2Fcomments&post=15257"}],"version-history":[{"count":1,"href":"https:\/\/info.sadowne.pl\/index.php?rest_route=\/wp\/v2\/posts\/15257\/revisions"}],"predecessor-version":[{"id":15262,"href":"https:\/\/info.sadowne.pl\/index.php?rest_route=\/wp\/v2\/posts\/15257\/revisions\/15262"}],"wp:attachment":[{"href":"https:\/\/info.sadowne.pl\/index.php?rest_route=%2Fwp%2Fv2%2Fmedia&parent=15257"}],"wp:term":[{"taxonomy":"category","embeddable":true,"href":"https:\/\/info.sadowne.pl\/index.php?rest_route=%2Fwp%2Fv2%2Fcategories&post=15257"},{"taxonomy":"post_tag","embeddable":true,"href":"https:\/\/info.sadowne.pl\/index.php?rest_route=%2Fwp%2Fv2%2Ftags&post=15257"}],"curies":[{"name":"wp","href":"https:\/\/api.w.org\/{rel}","templated":true}]}}