{"id":15359,"date":"2017-03-29T17:54:52","date_gmt":"2017-03-29T15:54:52","guid":{"rendered":"http:\/\/www.infosadowne.boo.pl\/?p=15359"},"modified":"2017-03-29T17:54:52","modified_gmt":"2017-03-29T15:54:52","slug":"sadowianki-zlotki","status":"publish","type":"post","link":"https:\/\/info.sadowne.pl\/?p=15359","title":{"rendered":"&#8222;Sadowianki&#8221; &#8211; Z\u0142otki"},"content":{"rendered":"<p><strong><img loading=\"lazy\" decoding=\"async\" class=\"alignleft size-thumbnail wp-image-9007\" src=\"http:\/\/www.info.sadowne.pl\/wp-content\/uploads\/2015\/06\/sad190-180x130.jpg\" alt=\"\" width=\"180\" height=\"130\" \/>Z\u0142otki &#8211; niedziela 24 maja 2015 \u2013 w \u015bwietlicy wiejskiej w Z\u0142otkach spotkali si\u0119 rodzice, dzieci, dziadkowie, zaproszeni go\u015bcie oraz mieszka\u0144cy s\u0105siednich wsi. <\/strong><!--more--><\/p>\n<p>Okazj\u0105 do zorganizowania tej ma\u0142ej imprezy by\u0142a uroczysto\u015b\u0107 Dnia Matki oraz Dnia Rodziny. Wszystkich przyby\u0142ych powita\u0142a <strong>so\u0142tys Z\u0142otek p. Ma\u0142gorzata Lipka-Bartosik. <\/strong><\/p>\n<p><img loading=\"lazy\" decoding=\"async\" class=\"aligncenter size-full wp-image-15361\" src=\"http:\/\/www.info.sadowne.pl\/wp-content\/uploads\/2017\/03\/sad212.jpg\" alt=\"\" width=\"112\" height=\"148\" \/><\/p>\n<p>Najpierw na scen\u0119 wesz\u0142y dzieci z wierszami wyra\u017caj\u0105cymi mi\u0142o\u015b\u0107 i wdzi\u0119czno\u015b\u0107 swoim Rodzicom.<\/p>\n<p><img loading=\"lazy\" decoding=\"async\" class=\"alignleft size-full wp-image-15362\" src=\"http:\/\/www.info.sadowne.pl\/wp-content\/uploads\/2017\/03\/sad213.jpg\" alt=\"\" width=\"226\" height=\"123\" \/><\/p>\n<p><img loading=\"lazy\" decoding=\"async\" class=\"alignleft size-full wp-image-15363\" src=\"http:\/\/www.info.sadowne.pl\/wp-content\/uploads\/2017\/03\/sad214.jpg\" alt=\"\" width=\"241\" height=\"121\" \/><\/p>\n<p>&nbsp;<\/p>\n<p>&nbsp;<\/p>\n<p>&nbsp;<\/p>\n<p>&nbsp;<\/p>\n<p>&nbsp;<\/p>\n<p>Nast\u0119pnie odby\u0142 si\u0119 wyst\u0119p zespo\u0142u wokalno-instrumentalnego z Zespo\u0142u Szk\u00f3\u0142 Gminnych im. Jana Paw\u0142a II w Prostyni pod kierunkiem pp. Ewy i Wojciecha Jakubik\u00f3w. Cz\u0142onkowie zespo\u0142u s\u0105 uczestnikami zaj\u0119\u0107 muzycznych prowadzonych w Gminnym O\u015brodku Kultury w Sadownem.<\/p>\n<p>Na tle kanonu gitarowego \u201ePanie Janie\u201d dzieci ze Z\u0142otek rozda\u0142y wszystkim obecnym pi\u0119kne, bibu\u0142kowe kwiaty z cukierkiem lub lizakiem w \u015brodku.<\/p>\n<div id=\"attachment_15364\" style=\"width: 344px\" class=\"wp-caption aligncenter\"><img loading=\"lazy\" decoding=\"async\" aria-describedby=\"caption-attachment-15364\" class=\"wp-image-15364 size-full\" src=\"http:\/\/www.info.sadowne.pl\/wp-content\/uploads\/2017\/03\/sad215.jpg\" alt=\"\" width=\"334\" height=\"300\" srcset=\"https:\/\/info.sadowne.pl\/wp-content\/uploads\/2017\/03\/sad215.jpg 334w, https:\/\/info.sadowne.pl\/wp-content\/uploads\/2017\/03\/sad215-300x269.jpg 300w\" sizes=\"auto, (max-width: 334px) 100vw, 334px\" \/><p id=\"caption-attachment-15364\" class=\"wp-caption-text\">Kwiatki te wykonane by\u0142y przez dzieci i ich rodzic\u00f3w, ale pomys\u0142 i ostateczny kszta\u0142t nada\u0142a im p. Bogumi\u0142a Oni\u015bk<\/p><\/div>\n<p>Po ponownych wyst\u0119pach dzieci na scenie pojawi\u0142a si\u0119 \u00a0<strong>p. El\u017cbieta S\u00f3wka<\/strong> \u2013 poetka z miejscowo\u015bci Wilczog\u0119by. Przeczyta\u0142a kilka swoich wierszy opiewaj\u0105cych nadbu\u017ca\u0144sk\u0105 przyrod\u0119 i opowiadaj\u0105cych o codziennym \u017cyciu.<\/p>\n<div id=\"attachment_15365\" style=\"width: 545px\" class=\"wp-caption aligncenter\"><img loading=\"lazy\" decoding=\"async\" aria-describedby=\"caption-attachment-15365\" class=\"wp-image-15365 size-full\" src=\"http:\/\/www.info.sadowne.pl\/wp-content\/uploads\/2017\/03\/sad216.jpg\" alt=\"\" width=\"535\" height=\"275\" srcset=\"https:\/\/info.sadowne.pl\/wp-content\/uploads\/2017\/03\/sad216.jpg 535w, https:\/\/info.sadowne.pl\/wp-content\/uploads\/2017\/03\/sad216-300x154.jpg 300w\" sizes=\"auto, (max-width: 535px) 100vw, 535px\" \/><p id=\"caption-attachment-15365\" class=\"wp-caption-text\">Po ludowej poetce scen\u0105 zaw\u0142adn\u0105\u0142 nasz zesp\u00f3\u0142 z Sadownego \u2013 SADOWIANKI<\/p><\/div>\n<p>Przy skocznym akompaniamencie akordeonu naszego kolegi <strong>Andrzeja Oltona <\/strong>kolorowo ubrani cz\u0142onkowie zespo\u0142u wykonali szereg ludowych piosenek.<\/p>\n<p><img loading=\"lazy\" decoding=\"async\" class=\"aligncenter size-full wp-image-15366\" src=\"http:\/\/www.info.sadowne.pl\/wp-content\/uploads\/2017\/03\/sad217.jpg\" alt=\"\" width=\"522\" height=\"267\" srcset=\"https:\/\/info.sadowne.pl\/wp-content\/uploads\/2017\/03\/sad217.jpg 522w, https:\/\/info.sadowne.pl\/wp-content\/uploads\/2017\/03\/sad217-300x153.jpg 300w\" sizes=\"auto, (max-width: 522px) 100vw, 522px\" \/><\/p>\n<p>Kierownik Zespo\u0142u <strong>p. Krysia Wetoszka<\/strong> zaprosi\u0142a wszystkich zebranych do wsp\u00f3lnego \u015bpiewania. Wi\u0119kszo\u015b\u0107 piosenek znana by\u0142a publiczno\u015bci, dlatego w\u0142a\u015bnie ca\u0142\u0105 sal\u0119 wype\u0142nia\u0142 wsp\u00f3lny \u015bpiew.<\/p>\n<p><img loading=\"lazy\" decoding=\"async\" class=\"aligncenter size-full wp-image-15367\" src=\"http:\/\/www.info.sadowne.pl\/wp-content\/uploads\/2017\/03\/sad218.jpg\" alt=\"\" width=\"552\" height=\"302\" srcset=\"https:\/\/info.sadowne.pl\/wp-content\/uploads\/2017\/03\/sad218.jpg 552w, https:\/\/info.sadowne.pl\/wp-content\/uploads\/2017\/03\/sad218-300x164.jpg 300w\" sizes=\"auto, (max-width: 552px) 100vw, 552px\" \/><\/p>\n<p>Na scenie z\u0142otkowskiej \u015bwietlicy wyst\u0105pi\u0142 tak\u017ce <strong>p. Dariusz Chudy \u2013<\/strong> organista, kt\u00f3ry nawi\u0105zuj\u0105c do Dnia Matki, zaintonowa\u0142 maryjn\u0105 pie\u015b\u0144 \u201eBy\u0142a cicha i pi\u0119kna jak wiosna\u201d. Podczas uroczysto\u015bci by\u0142a mo\u017cliwo\u015b\u0107 wzi\u0119cia udzia\u0142u w loterii fantowej.<\/p>\n<p>Organizatorem tej wspania\u0142ej uroczysto\u015bci by\u0142a so\u0142tys Z\u0142otek wraz z Rad\u0105 So\u0142eck\u0105 wsi Z\u0142otki.<\/p>\n<p><strong><img loading=\"lazy\" decoding=\"async\" class=\"alignleft size-full wp-image-15368\" src=\"http:\/\/www.info.sadowne.pl\/wp-content\/uploads\/2017\/03\/sad219.jpg\" alt=\"\" width=\"120\" height=\"43\" \/>SADOWNE<\/strong><\/p>\n<p><strong>27 maja 2015 roku SADOWIANKI <\/strong>\u00a0uczestniczy\u0142y w uroczysto\u015bci \u017ca\u0142obnej, w po\u017cegnaniu naszej starszej kole\u017canki <strong>p. Geni Sych<\/strong>. Pani Genia zna\u0142a wiele ludowych piosenek, kt\u00f3re nauczy\u0142a nas wszystkich. I chocia\u017c ju\u017c od kilku lat nie przychodzi\u0142a na spotkania zespo\u0142u ze wzgl\u0119du na sw\u00f3j wiek i chorob\u0119, to zesp\u00f3\u0142 ku Jej pami\u0119ci \u015bpiewa te piosenki.<\/p>\n<p style=\"text-align: center;\"><strong>Po\u017cegnanie Geni<\/strong><\/p>\n<p style=\"text-align: center;\"><strong>Spotykamy si\u0119 tutaj w miejscu, w kt\u00f3rym nikt tak naprawd\u0119 nie lubi si\u0119 znale\u017a\u0107.<\/strong><\/p>\n<p style=\"text-align: center;\"><strong>\u015amier\u0107 zawsze pozostaje smutnym fina\u0142em tej odrobiny \u017cycia, jakiego dane jest nam zakosztowa\u0107 na tej ziemi. I nigdy nie powiemy, \u017ce jest ona oczekiwanym go\u015bciem.<\/strong><\/p>\n<p style=\"text-align: center;\"><strong>Przyszli\u015bmy tu droga Geniu, aby towarzyszy\u0107 Ci <\/strong><\/p>\n<p style=\"text-align: center;\"><strong>w ostatniej drodze i po\u017cegna\u0107 Ci\u0119. Jednak, czy naprawd\u0119 \u017cegnamy si\u0119?<\/strong><\/p>\n<p style=\"text-align: center;\"><strong>Ot\u00f3\u017c nie, bowiem kiedy\u015b spotkamy si\u0119<\/strong><\/p>\n<p style=\"text-align: center;\"><strong>z Tob\u0105, gdzie\u015b tam, na tych niebia\u0144skich \u0142\u0105kach, bo przecie\u017c takie jest przeznaczenie ka\u017cdego z nas.<\/strong><\/p>\n<p style=\"text-align: center;\"><strong>Tymczasem pami\u0119tamy Ci\u0119 i zawsze b\u0119dziemy pami\u0119ta\u0107 ze wsp\u00f3lnych spotka\u0144<\/strong><\/p>\n<p style=\"text-align: center;\"><strong>w naszym zespole SADOWIANKI. To Ty nauczy\u0142a\u015b nas wielu piosenek, kt\u00f3re do dzisiaj \u015bpiewamy i b\u0119dziemy \u015bpiewa\u0107 ku Twej pami\u0119ci.<\/strong><\/p>\n<p style=\"text-align: center;\"><span style=\"color: #3366ff;\"><strong><em>(Tu lekki u\u015bmiech)!!!!!!<\/em><\/strong><\/span><\/p>\n<p style=\"text-align: center;\"><strong>No mo\u017ce tylko nie za\u015bpiewamy Twojego s\u0142ynnego kozio\u0142eczka Fik-Mik, ale to tylko, dlatego, \u017ce nikt z nas nie potrafi tak doskonale odzwierciedli\u0107 wyraz tej weso\u0142ej piosenki.<\/strong><\/p>\n<p style=\"text-align: center;\"><strong>Ty to potrafi\u0142a\u015b.<\/strong><\/p>\n<p style=\"text-align: center;\"><strong>Na Twoich ustach zawsze by\u0142 u\u015bmiech, zawsze dowcip.<\/strong><\/p>\n<p style=\"text-align: center;\"><strong>A czasami te\u017c krzykn\u0119\u0142a\u015b na nas:- ,,To nie tak si\u0119 \u015bpiewa, to nie takie s\u0142owa!\u201d .<\/strong><\/p>\n<p style=\"text-align: center;\"><strong>Rzeczywi\u015bcie pami\u0119\u0107 mia\u0142a\u015b wspania\u0142\u0105, jak to m\u00f3wili\u015bmy: ,,Od pierwszej do dwudziestej trzeciej zwrotki\u201d.<\/strong><\/p>\n<p style=\"text-align: center;\"><strong>Droga Geniu teraz za\u015bpiewasz tam wysoko, przed Panem Bogiem<\/strong><em><strong> i zobaczysz, \u017ce te\u017c b\u0119dzie mu si\u0119 podoba\u0107,<\/strong><\/em> <strong>bo od niego otrzyma\u0142a\u015b sw\u00f3j talent.<\/strong><\/p>\n<p style=\"text-align: center;\"><strong>Wyra\u017camy g\u0142\u0119boki smutek zwi\u0105zany<\/strong><\/p>\n<p style=\"text-align: center;\"><strong>z Twoim odej\u015bciem, \u0142\u0105czymy si\u0119 w b\u00f3lu<\/strong><\/p>\n<p style=\"text-align: center;\"><strong>z Twoimi bliskimi i sk\u0142adamy im szczere wyrazy wsp\u00f3\u0142czucia od zespo\u0142u SADOWIANKI i tych, kt\u00f3rzy tu dzisiaj przybyli.<\/strong><\/p>\n<p style=\"text-align: center;\"><strong>Wszystkim zebranym w imieniu rodziny naszej zmar\u0142ej Geni sk\u0142adamy B\u00f3g zap\u0142a\u0107 za towarzyszenie w jej ostatniej drodze.<\/strong><\/p>\n<p style=\"text-align: center;\"><strong>\u00a0<\/strong><\/p>\n<p style=\"text-align: center;\"><strong>Pami\u0119\u0107 o Tobie, pozostanie \u017cywa w naszych sercach, wspomnieniach i modlitwie.<\/strong><\/p>\n<p><strong>\u00a0<img loading=\"lazy\" decoding=\"async\" class=\"alignleft size-full wp-image-15368\" src=\"http:\/\/www.info.sadowne.pl\/wp-content\/uploads\/2017\/03\/sad219.jpg\" alt=\"\" width=\"120\" height=\"43\" \/><\/strong><strong>Do zobaczenia.<\/strong><\/p>\n<p><strong>\u00a0\u00a0\u00a0 \u00a0\u00a0\u00a0\u00a0\u00a0\u00a0\u00a0\u00a0\u00a0\u00a0\u00a0\u00a0\u00a0\u00a0\u00a0\u00a0\u00a0\u00a0\u00a0\u00a0\u00a0\u00a0\u00a0\u00a0\u00a0\u00a0\u00a0\u00a0<\/strong><\/p>\n<p><strong>SADOWNE<\/strong><\/p>\n<p><strong><img loading=\"lazy\" decoding=\"async\" class=\"alignleft size-full wp-image-15369\" src=\"http:\/\/www.info.sadowne.pl\/wp-content\/uploads\/2017\/03\/sad220.jpg\" alt=\"\" width=\"76\" height=\"96\" \/>4 czerwca 2016 r. \u2013 Uroczysto\u015b\u0107 Bo\u017cego Cia\u0142a.<\/strong><\/p>\n<p>Pierwsze procesje w to \u015bwi\u0119to odbywa\u0142y si\u0119 w latach 1265-1275<\/p>\n<p>w Kolonii w Niemczech. Pod koniec XV wieku procesje by\u0142y tak\u017ce w Anglii, Francji, w p\u00f3\u0142nocnej Italii a tak\u017ce w Polsce.<\/p>\n<p>W Sadownem przygotowano cztery o\u0142tarze, do kt\u00f3rych wyruszy\u0142a procesja. W uroczystym pochodzie ze \u015bpiewem uczestniczy\u0142o duchowie\u0144stwo, dzieci sypi\u0105ce kwiatki, mieszka\u0144cy naszej parafii z ko\u015bcielnymi chor\u0105gwiami i obrazami. Na czele procesji niesiona jest przez kolejnych ksi\u0119\u017cy monstrancja z Naj\u015bwi\u0119tszym Sakramentem. Przy ka\u017cdym o\u0142tarzu czytane s\u0105 fragmenty z jednej Ewangelii Mateusza, Marka, \u0141ukasza i Jana.<\/p>\n<p><strong>SADOWIANKI<\/strong> ubrane w swoje kolorowe stroje wzorem ubieg\u0142ego roku r\u00f3wnie\u017c uczestniczy\u0142y w procesji.<\/p>\n<p><strong>STOCZEK W\u0118GROWSKI<\/strong><\/p>\n<p><strong>W dniu 16 czerwca 2015 roku<\/strong> w Zespole O\u015bwiatowym w Stoczku odby\u0142 si\u0119 X Festyn Rodzinny pod has\u0142em <strong>\u201ePi\u0119kna nasza Polska ca\u0142a\u201d.<\/strong> Uroczystego otwarcia imprezy dokona\u0142a o godzinie 15<sup>00<\/sup> pani dyrektor \u2013 Dorota \u00a0K\u0142usek.<\/p>\n<p><img loading=\"lazy\" decoding=\"async\" class=\"aligncenter size-full wp-image-15370\" src=\"http:\/\/www.info.sadowne.pl\/wp-content\/uploads\/2017\/03\/sad221.jpg\" alt=\"\" width=\"304\" height=\"175\" srcset=\"https:\/\/info.sadowne.pl\/wp-content\/uploads\/2017\/03\/sad221.jpg 304w, https:\/\/info.sadowne.pl\/wp-content\/uploads\/2017\/03\/sad221-300x173.jpg 300w\" sizes=\"auto, (max-width: 304px) 100vw, 304px\" \/><img loading=\"lazy\" decoding=\"async\" class=\"aligncenter size-full wp-image-15371\" src=\"http:\/\/www.info.sadowne.pl\/wp-content\/uploads\/2017\/03\/sad222.jpg\" alt=\"\" width=\"531\" height=\"46\" srcset=\"https:\/\/info.sadowne.pl\/wp-content\/uploads\/2017\/03\/sad222.jpg 531w, https:\/\/info.sadowne.pl\/wp-content\/uploads\/2017\/03\/sad222-300x26.jpg 300w\" sizes=\"auto, (max-width: 531px) 100vw, 531px\" \/><\/p>\n<div id=\"attachment_15372\" style=\"width: 431px\" class=\"wp-caption aligncenter\"><img loading=\"lazy\" decoding=\"async\" aria-describedby=\"caption-attachment-15372\" class=\"wp-image-15372 size-full\" src=\"http:\/\/www.info.sadowne.pl\/wp-content\/uploads\/2017\/03\/sad223.jpg\" alt=\"\" width=\"421\" height=\"317\" srcset=\"https:\/\/info.sadowne.pl\/wp-content\/uploads\/2017\/03\/sad223.jpg 421w, https:\/\/info.sadowne.pl\/wp-content\/uploads\/2017\/03\/sad223-300x226.jpg 300w\" sizes=\"auto, (max-width: 421px) 100vw, 421px\" \/><p id=\"caption-attachment-15372\" class=\"wp-caption-text\">Zesp\u00f3\u0142 \u015apiewaczy SADOWIANKI przedstawi\u0142 program artystyczny o charakterze ludowym<\/p><\/div>\n<p>&nbsp;<\/p>\n<p><strong>MA\u0141KINIA\u00a0 G\u00d3RNA<\/strong><\/p>\n<p><strong>W sobot\u0119 27 czerwca i w niedziel\u0119 28 czerwca 2015 roku<\/strong> w Zawistach Nadbu\u017cnych odby\u0142a si\u0119 XVI Nadbu\u017ca\u0144ska Noc \u015awi\u0119toja\u0144ska .<\/p>\n<div id=\"attachment_15374\" style=\"width: 504px\" class=\"wp-caption aligncenter\"><img loading=\"lazy\" decoding=\"async\" aria-describedby=\"caption-attachment-15374\" class=\"wp-image-15374 size-full\" src=\"http:\/\/www.info.sadowne.pl\/wp-content\/uploads\/2017\/03\/sad224.jpg\" alt=\"\" width=\"494\" height=\"320\" srcset=\"https:\/\/info.sadowne.pl\/wp-content\/uploads\/2017\/03\/sad224.jpg 494w, https:\/\/info.sadowne.pl\/wp-content\/uploads\/2017\/03\/sad224-300x194.jpg 300w\" sizes=\"auto, (max-width: 494px) 100vw, 494px\" \/><p id=\"caption-attachment-15374\" class=\"wp-caption-text\">SADOWIANKI w oczekiwaniu na sw\u00f3j wyst\u0119p<\/p><\/div>\n<div id=\"attachment_15375\" style=\"width: 505px\" class=\"wp-caption aligncenter\"><img loading=\"lazy\" decoding=\"async\" aria-describedby=\"caption-attachment-15375\" class=\"wp-image-15375 size-full\" src=\"http:\/\/www.info.sadowne.pl\/wp-content\/uploads\/2017\/03\/sad225.jpg\" alt=\"\" width=\"495\" height=\"326\" srcset=\"https:\/\/info.sadowne.pl\/wp-content\/uploads\/2017\/03\/sad225.jpg 495w, https:\/\/info.sadowne.pl\/wp-content\/uploads\/2017\/03\/sad225-300x198.jpg 300w\" sizes=\"auto, (max-width: 495px) 100vw, 495px\" \/><p id=\"caption-attachment-15375\" class=\"wp-caption-text\">SADOWIANKI na scenie<\/p><\/div>\n<p>&nbsp;<\/p>\n<p>Niedzielne \u015bwi\u0119towanie rozpocz\u0119\u0142o si\u0119 ju\u017c o godzinie 13<sup>00<\/sup>, kiedy to ch\u0119tni wzi\u0119li udzia\u0142 w turnieju siatkarskim o Puchar Dyrektora GOKiS. Nied\u0142ugo p\u00f3\u017aniej odby\u0142o si\u0119 oficjalne wr\u0119czenie nagr\u00f3d najlepszym uczniom szk\u00f3\u0142 gminnych przez W\u00f3jta Gminy Ma\u0142kinia G\u00f3rna.<\/p>\n<p>Nast\u0119pnie na scenie odby\u0142 si\u0119 Przegl\u0105d Tw\u00f3rczo\u015bci Dzieci i M\u0142odzie\u017cy ze szk\u00f3\u0142 gminnych oraz wyst\u0119py zespo\u0142\u00f3w ludowych z okolicznych gmin i miejscowo\u015bci. By\u0142y tam: Sadowianki z Sadownego, Jarz\u0119bina z Broku, Ma\u0142kinianka z Ma\u0142kini, Cantilena z Ma\u0142kini i Kwiaty Polskie.<\/p>\n<div id=\"attachment_15376\" style=\"width: 402px\" class=\"wp-caption aligncenter\"><img loading=\"lazy\" decoding=\"async\" aria-describedby=\"caption-attachment-15376\" class=\"wp-image-15376 size-full\" src=\"http:\/\/www.info.sadowne.pl\/wp-content\/uploads\/2017\/03\/sad226.jpg\" alt=\"\" width=\"392\" height=\"281\" srcset=\"https:\/\/info.sadowne.pl\/wp-content\/uploads\/2017\/03\/sad226.jpg 392w, https:\/\/info.sadowne.pl\/wp-content\/uploads\/2017\/03\/sad226-180x130.jpg 180w, https:\/\/info.sadowne.pl\/wp-content\/uploads\/2017\/03\/sad226-300x215.jpg 300w\" sizes=\"auto, (max-width: 392px) 100vw, 392px\" \/><p id=\"caption-attachment-15376\" class=\"wp-caption-text\">Sadowianki i Jarz\u0119bina w ta\u0144cach i zabawie podczas wyst\u0119pu innych zespo\u0142\u00f3w<\/p><\/div>\n<div id=\"attachment_15373\" style=\"width: 438px\" class=\"wp-caption aligncenter\"><img loading=\"lazy\" decoding=\"async\" aria-describedby=\"caption-attachment-15373\" class=\"wp-image-15373 size-full\" src=\"http:\/\/www.info.sadowne.pl\/wp-content\/uploads\/2017\/03\/sad227.jpg\" alt=\"\" width=\"428\" height=\"281\" srcset=\"https:\/\/info.sadowne.pl\/wp-content\/uploads\/2017\/03\/sad227.jpg 428w, https:\/\/info.sadowne.pl\/wp-content\/uploads\/2017\/03\/sad227-300x197.jpg 300w\" sizes=\"auto, (max-width: 428px) 100vw, 428px\" \/><p id=\"caption-attachment-15373\" class=\"wp-caption-text\">Soli\u015bci zespo\u0142u SADOWIANKI w Ma\u0142kini G\u00f3rnej: Krysia Wetoszka, Ania Chojecka i Andrzej Budek<\/p><\/div>\n<p>&nbsp;<\/p>\n<p>&nbsp;<\/p>\n<p>Podczas kilkugodzinnego koncertu widzowie mieli szans\u0119 zapozna\u0107 si\u0119 z bardzo r\u00f3\u017cnorodnym repertuarem tych kilku zespo\u0142\u00f3w. W trakcie koncertu biegacze wzi\u0119li udzia\u0142 w Biegu Prze\u0142ajowym o Nagrod\u0119 W\u00f3jta Gminy Ma\u0142kinia G\u00f3rna.<\/p>\n<p><strong><img loading=\"lazy\" decoding=\"async\" class=\"alignleft size-full wp-image-15377\" src=\"http:\/\/www.info.sadowne.pl\/wp-content\/uploads\/2017\/03\/sad228.jpg\" alt=\"\" width=\"154\" height=\"103\" \/>KIE\u0141CZEW<\/strong><\/p>\n<p><strong>1 lipca 2015 roku<\/strong> dzi\u0119ki staraniom Dyrektora szko\u0142y, ksi\u0119\u017cy, w\u0142adz samorz\u0105dowych Ma\u0142kinia g\u00f3rna, nauczycieli, rodzic\u00f3w i wielu innych os\u00f3b, zorganizowano kolejny<\/p>\n<h3 style=\"text-align: center;\">\u00a0\u00a0\u00a0\u00a0\u00a0\u00a0\u00a0\u00a0\u00a0\u00a0\u00a0\u00a0\u00a0\u00a0\u00a0\u00a0\u00a0\u00a0 \u00a0<span style=\"color: #3366ff;\"><strong>\u201eDzie\u0144 Rado\u015bci Wakacyjnej\u201d.<\/strong><\/span><\/h3>\n<p>Impreza trwa\u0142a od samego rana. W tym dniu dzieci mog\u0142y za darmo korzysta\u0107 z weso\u0142ego miasteczka, ufundowanego przez sponsor\u00f3w, by\u0142y te\u017c liczne zabawy i konkursy, a tak\u017ce stragany z \u0142akociami i potrawy regionalne. By\u0142y pokazy stra\u017cackie.<\/p>\n<div id=\"attachment_15378\" style=\"width: 517px\" class=\"wp-caption aligncenter\"><img loading=\"lazy\" decoding=\"async\" aria-describedby=\"caption-attachment-15378\" class=\"wp-image-15378 size-full\" src=\"http:\/\/www.info.sadowne.pl\/wp-content\/uploads\/2017\/03\/sad229.jpg\" alt=\"\" width=\"507\" height=\"225\" srcset=\"https:\/\/info.sadowne.pl\/wp-content\/uploads\/2017\/03\/sad229.jpg 507w, https:\/\/info.sadowne.pl\/wp-content\/uploads\/2017\/03\/sad229-300x133.jpg 300w\" sizes=\"auto, (max-width: 507px) 100vw, 507px\" \/><p id=\"caption-attachment-15378\" class=\"wp-caption-text\">Wsp\u00f3\u0142organizatorzy rodzinnej zabawy: ,,Dzie\u0144 Rado\u015bci Wakacyjnej\u201d Dyrektor szko\u0142y w Kie\u0142czewie, ks. Proboszcz z Prostyni, p-i W\u00f3jt z Ma\u0142kini oraz nasza kierownik zespo\u0142u Krysia Wetoszka<\/p><\/div>\n<p>&nbsp;<\/p>\n<p>Kiedy plac zabaw ko\u0144czy\u0142 swoj\u0105 prac\u0119 na scenie pojawi\u0142 si\u0119 nasz zesp\u00f3\u0142 <strong>SADOWIANKI<\/strong>. W swoim wyst\u0119pie arty\u015bci zaprezentowali wiele piosenek i przy\u015bpiewek ludowych. Punktualnie o godz.21.00, zebrani utworzyli jeden wsp\u00f3lny kr\u0105g i pod przewodnictwem zespo\u0142u <strong>SADOWIANKI <\/strong>od\u015bpiewali \u201eApel Jasnog\u00f3rski\u201d oraz \u201eBark\u0119\u201d.<\/p>\n<div id=\"attachment_15379\" style=\"width: 510px\" class=\"wp-caption aligncenter\"><img loading=\"lazy\" decoding=\"async\" aria-describedby=\"caption-attachment-15379\" class=\"wp-image-15379 size-full\" src=\"http:\/\/www.info.sadowne.pl\/wp-content\/uploads\/2017\/03\/sad230.jpg\" alt=\"\" width=\"500\" height=\"337\" srcset=\"https:\/\/info.sadowne.pl\/wp-content\/uploads\/2017\/03\/sad230.jpg 500w, https:\/\/info.sadowne.pl\/wp-content\/uploads\/2017\/03\/sad230-300x202.jpg 300w\" sizes=\"auto, (max-width: 500px) 100vw, 500px\" \/><p id=\"caption-attachment-15379\" class=\"wp-caption-text\">W\u00f3jt gminy Ma\u0142kinia G\u00f3rna p. Bo\u017cena Kordek na r\u0119ce kierownik zespo\u0142u Krysi Wetoszka sk\u0142ada podzi\u0119kowanie za przedstawienie pi\u0119knego programu dla dzieci i doros\u0142ych<\/p><\/div>\n<p>&nbsp;<\/p>\n<p><strong>\u201eDzie\u0144 Rado\u015bci Wakacyjnej\u201d<\/strong> ju\u017c 16 lat \u0142\u0105czy ca\u0142e rodziny na wsp\u00f3lnej zabawie, a rado\u015b\u0107, jak\u0105 maj\u0105 w sercach uczestnicy zatacza coraz wi\u0119ksze kr\u0119gi, o czym \u015bwiadczy\u0107 mo\u017ce cho\u0107by powi\u0119kszaj\u0105ca si\u0119 z roku na rok liczba przybywaj\u0105cych i ich zaanga\u017cowanie. Czasem inicjatywa ma\u0142ej spo\u0142eczno\u015bci mo\u017ce przerodzi\u0107 si\u0119 w co\u015b pi\u0119knego, zw\u0142aszcza, je\u015bli jej odbiorcami s\u0105 dzieci, kt\u00f3re to promieniuj\u0105 rado\u015bci\u0105 i nios\u0105 j\u0105 w \u015bwiat.<\/p>\n<p>Zwie\u0144czeniem dnia by\u0142a zabawa przy akompaniamencie zespo\u0142u \u201eSami Swoi\u201d.<\/p>\n<p><strong>BROK<\/strong><\/p>\n<p><strong>W dniach 4-5 lipca 2015roku<\/strong>, na pla\u017cy miejskiej w Broku odby\u0142y si\u0119:\u00a0<span style=\"color: #008000;\"><strong>XXXVII Dni Broku i Puszczy Bia\u0142ej.<\/strong><\/span><\/p>\n<p>Jest to wydarzenie kulturalne, kt\u00f3rego bogaty program artystyczny sw\u0105 r\u00f3\u017cnorodno\u015bci\u0105 pozwala na dotarcie do bardzo szerokiego grona odbiorc\u00f3w.<br \/>\nR\u00f3wnie\u017c i w tym roku nie zabrak\u0142o licznych atrakcji, a na \u015awi\u0119to Miasta i Gminy przybyli nie tylko mieszka\u0144cy, ale r\u00f3wnie\u017c go\u015bcie z s\u0105siednich gmin oraz tury\u015bci, kt\u00f3rzy przyjechali do Broku odpoczywa\u0107.<br \/>\nW ci\u0105gu dw\u00f3ch dni, na licznych koncertach, wyst\u0119pach, zawodach, przy wielu atrakcjach, pi\u0119knej pogodzie i rodzinnej atmosferze bawi\u0142o si\u0119 kilka tysi\u0119cy ludzi.<\/p>\n<p>Nast\u0119pnie, \u00a0tradycyjnie na scenie odby\u0142 si\u0119 przegl\u0105d muzyki ludowej i biesiadnej, podczas kt\u00f3rego zaprezentowa\u0142y sw\u00f3j repertuar zespo\u0142y: Retro Band, Ma\u0142kinianka,<strong> Sadowianki<\/strong>, \u015awitanki oraz Jarz\u0119bina umilaj\u0105c czas\u00a0 wszystkim tym, kt\u00f3rzy s\u0142oneczne popo\u0142udnie postanowili sp\u0119dzi\u0107 na pla\u017cy miejskiej.<\/p>\n<div id=\"attachment_15380\" style=\"width: 251px\" class=\"wp-caption aligncenter\"><img loading=\"lazy\" decoding=\"async\" aria-describedby=\"caption-attachment-15380\" class=\"wp-image-15380 size-full\" src=\"http:\/\/www.info.sadowne.pl\/wp-content\/uploads\/2017\/03\/sad232.jpg\" alt=\"\" width=\"241\" height=\"362\" srcset=\"https:\/\/info.sadowne.pl\/wp-content\/uploads\/2017\/03\/sad232.jpg 241w, https:\/\/info.sadowne.pl\/wp-content\/uploads\/2017\/03\/sad232-200x300.jpg 200w\" sizes=\"auto, (max-width: 241px) 100vw, 241px\" \/><p id=\"caption-attachment-15380\" class=\"wp-caption-text\">Andrzej Olton akompaniuje zespo\u0142owi ,,Jarz\u0119bina\u201d z Broku<\/p><\/div>\n<p>&nbsp;<\/p>\n<p>Znane utwory ludowe \u015bpiewali nie tylko wykonawcy, ale te\u017c rozradowana publiczno\u015b\u0107, kt\u00f3rej atmosfera wyst\u0119p\u00f3w przypad\u0142a do gustu.<\/p>\n<div id=\"attachment_15381\" style=\"width: 492px\" class=\"wp-caption aligncenter\"><img loading=\"lazy\" decoding=\"async\" aria-describedby=\"caption-attachment-15381\" class=\"wp-image-15381 size-full\" src=\"http:\/\/www.info.sadowne.pl\/wp-content\/uploads\/2017\/03\/sad233.jpg\" alt=\"\" width=\"482\" height=\"238\" srcset=\"https:\/\/info.sadowne.pl\/wp-content\/uploads\/2017\/03\/sad233.jpg 482w, https:\/\/info.sadowne.pl\/wp-content\/uploads\/2017\/03\/sad233-300x148.jpg 300w\" sizes=\"auto, (max-width: 482px) 100vw, 482px\" \/><p id=\"caption-attachment-15381\" class=\"wp-caption-text\">Zesp\u00f3\u0142 \u015apiewaczy SADOWIANKI &#8211; BROK<\/p><\/div>\n<p><strong>\u0179r\u00f3d\u0142o:<\/strong>\u00a0SADOWIANKI, Barbara Wr\u00f3bel, Sadowne 2017 (kronika dost\u0119pna w zbiorach GOK Sadowne)<\/p>\n<p>&nbsp;<\/p>\n","protected":false},"excerpt":{"rendered":"<p>Z\u0142otki &#8211; niedziela 24 maja 2015 \u2013 w \u015bwietlicy wiejskiej w Z\u0142otkach spotkali si\u0119 rodzice, dzieci, dziadkowie, zaproszeni go\u015bcie oraz mieszka\u0144cy s\u0105siednich wsi.<\/p>\n","protected":false},"author":1,"featured_media":0,"comment_status":"closed","ping_status":"closed","sticky":false,"template":"","format":"standard","meta":{"footnotes":""},"categories":[5,31,1202],"tags":[1218,101,960],"class_list":["post-15359","post","type-post","status-publish","format-standard","hentry","category-newsy","category-historia-gminy","category-zespol-spiewaczy-sadowianki","tag-barbara-wrobel","tag-historia-gminy-sadowne","tag-zespol-spiewaczy-sadowianki"],"views":4409,"_links":{"self":[{"href":"https:\/\/info.sadowne.pl\/index.php?rest_route=\/wp\/v2\/posts\/15359","targetHints":{"allow":["GET"]}}],"collection":[{"href":"https:\/\/info.sadowne.pl\/index.php?rest_route=\/wp\/v2\/posts"}],"about":[{"href":"https:\/\/info.sadowne.pl\/index.php?rest_route=\/wp\/v2\/types\/post"}],"author":[{"embeddable":true,"href":"https:\/\/info.sadowne.pl\/index.php?rest_route=\/wp\/v2\/users\/1"}],"replies":[{"embeddable":true,"href":"https:\/\/info.sadowne.pl\/index.php?rest_route=%2Fwp%2Fv2%2Fcomments&post=15359"}],"version-history":[{"count":1,"href":"https:\/\/info.sadowne.pl\/index.php?rest_route=\/wp\/v2\/posts\/15359\/revisions"}],"predecessor-version":[{"id":15383,"href":"https:\/\/info.sadowne.pl\/index.php?rest_route=\/wp\/v2\/posts\/15359\/revisions\/15383"}],"wp:attachment":[{"href":"https:\/\/info.sadowne.pl\/index.php?rest_route=%2Fwp%2Fv2%2Fmedia&parent=15359"}],"wp:term":[{"taxonomy":"category","embeddable":true,"href":"https:\/\/info.sadowne.pl\/index.php?rest_route=%2Fwp%2Fv2%2Fcategories&post=15359"},{"taxonomy":"post_tag","embeddable":true,"href":"https:\/\/info.sadowne.pl\/index.php?rest_route=%2Fwp%2Fv2%2Ftags&post=15359"}],"curies":[{"name":"wp","href":"https:\/\/api.w.org\/{rel}","templated":true}]}}