{"id":15452,"date":"2017-04-01T22:26:43","date_gmt":"2017-04-01T20:26:43","guid":{"rendered":"http:\/\/www.infosadowne.boo.pl\/?p=15452"},"modified":"2020-04-24T15:16:13","modified_gmt":"2020-04-24T13:16:13","slug":"noc-sow-2017","status":"publish","type":"post","link":"https:\/\/info.sadowne.pl\/?p=15452","title":{"rendered":"Noc S\u00f3w 2017"},"content":{"rendered":"<p><strong><img loading=\"lazy\" decoding=\"async\" class=\"alignleft size-thumbnail wp-image-15454\" src=\"http:\/\/www.info.sadowne.pl\/wp-content\/uploads\/2017\/04\/2017.04.01.31-180x130.jpg\" alt=\"\" width=\"180\" height=\"130\" \/>Noc S\u00f3w &#8211; og\u00f3lnopolskie wydarzenie edukacyjne po\u015bwi\u0119cone tym tajemniczym ptakom.<\/strong> \u00a0<!--more-->Jedyna taka noc w Polsce!<\/p>\n<p>Marcowe noce pachn\u0105 ju\u017c wiosn\u0105 i budz\u0105cym si\u0119 \u017cyciem, a wieczorny spacer skrajem lasu mo\u017ce okaza\u0107 si\u0119 bardziej pasjonuj\u0105cy ni\u017c my\u015blimy.<br \/>\nTo najbardziej aktywny okres w roku dla wi\u0119kszo\u015bci naszych s\u00f3w. Rozpoczynaj\u0105 sw\u00f3j okres godowy \u2013 i pohukuj\u0105 tak, \u017ce w\u0142os je\u017cy si\u0119 na g\u0142owie &#8211; albo pi\u00f3ra oczywi\u015bcie. Sowom z podniecenia \u2013 innym mieszka\u0144com las\u00f3w z przera\u017cenia\u2026<\/p>\n<p>W tym roku 31 marca oraz 1 i 2 kwietnia to czas, kiedy mo\u017cna zg\u0142\u0119bi\u0107 niekt\u00f3re z ich tajemnic. Dowiedzie\u0107 si\u0119, dlaczego by\u0142y ptakami Ateny i symbolem m\u0105dro\u015bci, jak postrzegali je Rzymianie, a jak S\u0142owianie, w jaki spos\u00f3b mo\u017cna by\u0142o je sprowadzi\u0107 do swego domostwa, odkry\u0107 tajemnic\u0119 hipnotyzuj\u0105cych oczu, bezszelestnych lot\u00f3w i odg\u0142os\u00f3w rodem z horroru&#8230;<\/p>\n<p>W pi\u0105tkowy, p\u00f3\u017any wiecz\u00f3r, w sadowie\u0144skim GOK-u, w spotkaniu wzi\u0119\u0142o udzia\u0142 ok. 60 os\u00f3b. Wsp\u00f3lnie odkrywali\u015bmy \u015bwiat s\u00f3w, opowiedzieli\u015bmy o poszczeg\u00f3lnych gatunkach i ich biologii, poznali\u015bmy ich znacz\u0105c\u0105 rol\u0119 w kulturze i religii nacji ca\u0142ego \u015bwiata. Sprawdzili\u015bmy jak wygl\u0105daj\u0105 budki l\u0119gowe dla r\u00f3\u017cnych gatunk\u00f3w s\u00f3w- nie tylko z zewn\u0105trz, ale r\u00f3wnie\u017c w \u015brodku. Zgromadzeni mogli r\u00f3wnie\u017c obejrze\u0107 mn\u00f3stwo przedmiot\u00f3w przyniesionych przez uczestnik\u00f3w spotkania z wizerunkami s\u00f3w jak np. kubki, koszulki, bi\u017cuteri\u0119, pokrowce, zdj\u0119cia, plakaty, skarbonki, podk\u0142adki i wiele, wiele innych. Ch\u0119tni uczestnicy wzi\u0119li udzia\u0142 w konkursie wiedzy zorganizowanym przez p. Wojciecha Zakrzewskiego, oraz w konkursie rozpoznawania g\u0142os\u00f3w s\u00f3w. Komisja konkursowa, w kt\u00f3rej sk\u0142ad weszli pracownicy GOK-u, rozstrzygn\u0119\u0142a r\u00f3wnie\u017c konkurs plastyczny pt. \u201ePortret mojej ulubionej sowy\u201d, og\u0142oszony wcze\u015bniej.<\/p>\n<p>A laureatami zostali:<\/p>\n<p>w konkursie wiedzy i rozpoznawania g\u0142os\u00f3w:<\/p>\n<p>I miejsce \u2013 Wiktoria Wielgat &#8211; SP Sadowne kl. VI b<\/p>\n<p>II miejsce &#8211; Szymon Zakrzewski \u2013 SP Sadowne kl. IV b<\/p>\n<p>III miejsce &#8211; Izabela Ilczuk \u2013 SP Sadowne kl. V b<\/p>\n<p>Wyr\u00f3\u017cnienie, po d\u0142ugiej i za\u017cartej dogrywce wywalczy\u0142 Karol Wierzbicki &#8211; r\u00f3wnie\u017c ucze\u0144 naszej podstaw\u00f3wki z kl. VI b.<\/p>\n<p>Plastycznie uzdolnionymi okazali si\u0119:<\/p>\n<p>I miejsce \u2013 Izabela Ilczuk<\/p>\n<p>II miejsce &#8211; Wiktoria Wielgat<\/p>\n<p>III miejsce &#8211; Wiktoria Decyk<\/p>\n<p>IV miejsce &#8211; Zofia Bojanowska<\/p>\n<p>Wszyscy zostali obdarowani nagrodami oraz gad\u017cetami \u201esowiarskimi\u201d r\u00f3\u017cnego typu,<\/p>\n<p>Co wi\u0119cej, wyszli\u015bmy w teren gdzie wabili\u015bmy puszczyka, co do kt\u00f3rego mieli\u015bmy pewno\u015b\u0107, \u017ce gnie\u017adzi si\u0119 w okolicy le\u015bnicz\u00f3wki p. Zakrzewskiego. Jednak\u017ce nie chcia\u0142 on z nami \u201erozmawia\u0107\u201d\u2026Szkoda, bo kilka dni wcze\u015bniej \u201ekrzycza\u0142\u201d w ciemno\u015bciach budz\u0105c postrach, a przecie\u017c jest taki sympatyczny i po\u017cyteczny.<\/p>\n<p>Serdeczne dzi\u0119kuj\u0119 pracownikom GOK-u za u\u017cyczenie sali i ogromn\u0105 pomoc oraz panu le\u015bniczemu, a tak\u017ce pani Ewelinie Pu\u015bcian za pomoc w organizacji przedsi\u0119wzi\u0119cia.<\/p>\n<p>Akcja organizowana jest przez stowarzyszenie Ptaki polskie, a wszelkie informacje mo\u017cna uzyska\u0107 ze stron internetowych <a href=\"http:\/\/www.ptakipolskie.pl\" target=\"_blank\" rel=\"noopener noreferrer\">www.ptakipolskie.pl<\/a> lub <a href=\"http:\/\/www.jestemnaptak.pl\" target=\"_blank\" rel=\"noopener noreferrer\">www.jestemnaptak.pl<\/a>.<\/p>\n<p><strong>Przewodnik Nocy S\u00f3w<\/strong><\/p>\n<p><strong>Sylwia Ilczuk<\/strong><\/p>\n<p><a href=\"https:\/\/photos.app.goo.gl\/U8zRgwHKatuFUtxt9\" target=\"_blank\" rel=\"noopener noreferrer\"><span style=\"color: #0000ff;\"><strong>Zdj\u0119cia w galerii Google&gt;&gt;&gt;<\/strong><\/span><\/a><\/p>\n","protected":false},"excerpt":{"rendered":"<p>Noc S\u00f3w &#8211; og\u00f3lnopolskie wydarzenie edukacyjne po\u015bwi\u0119cone tym tajemniczym ptakom. \u00a0<\/p>\n","protected":false},"author":1,"featured_media":0,"comment_status":"closed","ping_status":"closed","sticky":false,"template":"","format":"standard","meta":{"footnotes":""},"categories":[5,83,1752,84],"tags":[169,1867,361],"class_list":["post-15452","post","type-post","status-publish","format-standard","hentry","category-newsy","category-gimnazjum","category-edukacja","category-szkola-podstawowa-im-cz-wycecha","tag-gminny-osrodek-kultury-w-sadownem","tag-noc-sow-w-sadownem","tag-sylwia-ilczuk"],"views":2908,"_links":{"self":[{"href":"https:\/\/info.sadowne.pl\/index.php?rest_route=\/wp\/v2\/posts\/15452","targetHints":{"allow":["GET"]}}],"collection":[{"href":"https:\/\/info.sadowne.pl\/index.php?rest_route=\/wp\/v2\/posts"}],"about":[{"href":"https:\/\/info.sadowne.pl\/index.php?rest_route=\/wp\/v2\/types\/post"}],"author":[{"embeddable":true,"href":"https:\/\/info.sadowne.pl\/index.php?rest_route=\/wp\/v2\/users\/1"}],"replies":[{"embeddable":true,"href":"https:\/\/info.sadowne.pl\/index.php?rest_route=%2Fwp%2Fv2%2Fcomments&post=15452"}],"version-history":[{"count":2,"href":"https:\/\/info.sadowne.pl\/index.php?rest_route=\/wp\/v2\/posts\/15452\/revisions"}],"predecessor-version":[{"id":23148,"href":"https:\/\/info.sadowne.pl\/index.php?rest_route=\/wp\/v2\/posts\/15452\/revisions\/23148"}],"wp:attachment":[{"href":"https:\/\/info.sadowne.pl\/index.php?rest_route=%2Fwp%2Fv2%2Fmedia&parent=15452"}],"wp:term":[{"taxonomy":"category","embeddable":true,"href":"https:\/\/info.sadowne.pl\/index.php?rest_route=%2Fwp%2Fv2%2Fcategories&post=15452"},{"taxonomy":"post_tag","embeddable":true,"href":"https:\/\/info.sadowne.pl\/index.php?rest_route=%2Fwp%2Fv2%2Ftags&post=15452"}],"curies":[{"name":"wp","href":"https:\/\/api.w.org\/{rel}","templated":true}]}}