{"id":15481,"date":"2017-04-04T20:03:35","date_gmt":"2017-04-04T18:03:35","guid":{"rendered":"http:\/\/www.infosadowne.boo.pl\/?p=15481"},"modified":"2020-04-24T15:14:41","modified_gmt":"2020-04-24T13:14:41","slug":"zyczymy-dwustu-lat","status":"publish","type":"post","link":"https:\/\/info.sadowne.pl\/?p=15481","title":{"rendered":"\u017byczymy dwustu lat!!!"},"content":{"rendered":"<p><strong><img loading=\"lazy\" decoding=\"async\" class=\"alignleft size-thumbnail wp-image-15483\" src=\"http:\/\/www.info.sadowne.pl\/wp-content\/uploads\/2017\/04\/2017.04.04.1-180x130.jpg\" alt=\"\" width=\"180\" height=\"130\" \/>Takie \u017cyczenia us\u0142ysza\u0142 Jubilat p. Ryszard W\u00f3dka podczas wtorkowego spotkania Sadowie\u0144skiego Klubu Seniora.<\/strong><br \/>\n<!--more--><\/p>\n<p>Cz\u0142onkowie SKS popo\u0142udniem 4 kwietnia spotkali si\u0119 w Gminnym O\u015brodku Kultury w Sadownem. Tym razem jednak odby\u0142y si\u0119 wcze\u015bniejsze przygotowania, kt\u00f3rych celem by\u0142o uhonorowanie najstarszego cz\u0142onka Klubu p. Ryszarda W\u00f3dki z Sadownego &#8211; obchodzi on w tych dniach swoje 90-te urodziny.<\/p>\n<p>Du\u017co, du\u017co zdrowia i oczywi\u015bcie nie stu, ale dwustu lat w imieniu klubowicz\u00f3w ju\u017c na wst\u0119pie \u017cyczy\u0142a p. Gra\u017cyna K\u0105dziela. Wt\u00f3rowa\u0142 jej przyby\u0142y specjalnie z tej okazji na spotkanie W\u00f3jt Gminy Sadowne p. Waldemar Cyran, kt\u00f3ry \u017cyczy\u0142 r\u00f3wnie\u017c Klubowi tak dobrej formy, jak\u0105 prezentuje Pan Ryszard. By\u0142y te\u017c \u201eoficjalne\u201d \u017cyczenia od wszystkich cz\u0142onk\u00f3w SKS, na pi\u015bmie i z okoliczno\u015bciowym wierszykiem, a tak\u017ce\u2026 poka\u017any tort ze \u015bwieczkami urodzinowymi, kt\u00f3rych p\u0142omie\u0144 jednym dmuchni\u0119ciem ugasi\u0142 p. Ryszard.<\/p>\n<p>Kr\u00f3tka przerwa z toastem i kawa\u0142kiem tortu na os\u0142od\u0119, a dalej prezentacja multimedialna i ciekawe opowie\u015bci o \u015bwiecie dalekim, podr\u00f3\u017cach\u2026 i Indiach. Tak\u0105 niespodziank\u0119 dla wszystkich obecnych przygotowa\u0142 p. Stanis\u0142aw Januchowski \u2013 r\u00f3wnie\u017c cz\u0142onek SKS. Opowie\u015bci ciekawe, szczeg\u00f3\u0142owo opisuj\u0105ce podr\u00f3\u017ce po Indiach, kraju jak\u017ce innym od naszego, z niebywa\u0142\u0105 histori\u0105 i mieszka\u0144cami przyjaznymi podr\u00f3\u017cnikom.<\/p>\n<p>Opowie\u015bci mo\u017cna s\u0142ucha\u0107 bez ko\u0144ca i marzy\u0107 o w\u0142asnych podr\u00f3\u017cach w tak odleg\u0142e zak\u0105tki \u015bwiata, ale pora p\u00f3\u017ana i pozostaj\u0105 jeszcze sprawy organizacyjne Klubu, w tym wyjazdu do \u0141ysych na Niedziel\u0119 Palmow\u0105, kolejnego, po\u015bwi\u0105tecznego spotkania z ta\u0144cami w tle oraz przysz\u0142ych wsp\u00f3lnych spotka\u0144 i wyjazd\u00f3w, r\u00f3wnie\u017c na jesienne wczasy nad polskie morze. To tylko tematy w skr\u00f3cie, kt\u00f3re niebawem b\u0119d\u0105 realizowane po\u015br\u00f3d innych, a kt\u00f3re planuje Zarz\u0105d SKS.<\/p>\n<p><a href=\"https:\/\/photos.app.goo.gl\/ofzEGEYPyucJNkKh6\" target=\"_blank\" rel=\"noopener noreferrer\"><span style=\"color: #0000ff;\"><strong>Zdj\u0119cia w galerii Google&gt;&gt;&gt;<\/strong><\/span><\/a><\/p>\n<p><strong>Tekst\/foto:<\/strong> S\u0142awek Chyli\u0144ski<\/p>\n","protected":false},"excerpt":{"rendered":"<p>Takie \u017cyczenia us\u0142ysza\u0142 Jubilat p. Ryszard W\u00f3dka podczas wtorkowego spotkania Sadowie\u0144skiego Klubu Seniora.<\/p>\n","protected":false},"author":1,"featured_media":0,"comment_status":"closed","ping_status":"closed","sticky":false,"template":"","format":"standard","meta":{"footnotes":""},"categories":[5,91,6],"tags":[169,1582,1750],"class_list":["post-15481","post","type-post","status-publish","format-standard","hentry","category-newsy","category-gminny-osrodek-kultury","category-kultura-rozrywka-edukacja","tag-gminny-osrodek-kultury-w-sadownem","tag-sadowienski-klub-seniora","tag-spotkanie-sks"],"views":3228,"_links":{"self":[{"href":"https:\/\/info.sadowne.pl\/index.php?rest_route=\/wp\/v2\/posts\/15481","targetHints":{"allow":["GET"]}}],"collection":[{"href":"https:\/\/info.sadowne.pl\/index.php?rest_route=\/wp\/v2\/posts"}],"about":[{"href":"https:\/\/info.sadowne.pl\/index.php?rest_route=\/wp\/v2\/types\/post"}],"author":[{"embeddable":true,"href":"https:\/\/info.sadowne.pl\/index.php?rest_route=\/wp\/v2\/users\/1"}],"replies":[{"embeddable":true,"href":"https:\/\/info.sadowne.pl\/index.php?rest_route=%2Fwp%2Fv2%2Fcomments&post=15481"}],"version-history":[{"count":2,"href":"https:\/\/info.sadowne.pl\/index.php?rest_route=\/wp\/v2\/posts\/15481\/revisions"}],"predecessor-version":[{"id":23147,"href":"https:\/\/info.sadowne.pl\/index.php?rest_route=\/wp\/v2\/posts\/15481\/revisions\/23147"}],"wp:attachment":[{"href":"https:\/\/info.sadowne.pl\/index.php?rest_route=%2Fwp%2Fv2%2Fmedia&parent=15481"}],"wp:term":[{"taxonomy":"category","embeddable":true,"href":"https:\/\/info.sadowne.pl\/index.php?rest_route=%2Fwp%2Fv2%2Fcategories&post=15481"},{"taxonomy":"post_tag","embeddable":true,"href":"https:\/\/info.sadowne.pl\/index.php?rest_route=%2Fwp%2Fv2%2Ftags&post=15481"}],"curies":[{"name":"wp","href":"https:\/\/api.w.org\/{rel}","templated":true}]}}