{"id":15527,"date":"2017-04-07T19:51:01","date_gmt":"2017-04-07T17:51:01","guid":{"rendered":"http:\/\/www.infosadowne.boo.pl\/?p=15527"},"modified":"2020-04-24T15:10:53","modified_gmt":"2020-04-24T13:10:53","slug":"sadowienskie-forum-kobiet","status":"publish","type":"post","link":"https:\/\/info.sadowne.pl\/?p=15527","title":{"rendered":"Sadowie\u0144skie Forum Kobiet"},"content":{"rendered":"<p><strong><img loading=\"lazy\" decoding=\"async\" class=\"alignleft size-thumbnail wp-image-15532\" src=\"http:\/\/www.info.sadowne.pl\/wp-content\/uploads\/2017\/04\/2017.04.08.1-180x130.jpg\" alt=\"\" width=\"180\" height=\"130\" \/>7 kwietnia w Sali Lustrzanej Zespo\u0142u Szk\u00f3\u0142 Ponadgimnazjalnych w Sadownem odby\u0142a si\u0119 pierwsza edycja Sadowie\u0144skiego Forum Kobiet pod has\u0142em &#8222;Wyzwania dla aktywnej kobiety w XXI wieku&#8221;. <\/strong><!--more--><\/p>\n<p>Z pomys\u0142em zorganizowania spotkania aktywnych zawodowo kobiet wyszed\u0142 W\u00f3jt Gminy Sadowne, a z pomoc\u0105 w organizacji Gminny O\u015brodek Kultury, a tak\u017ce ZSP Sadowne, kt\u00f3rego zadaniem by\u0142a oprawa gastronomiczna.<\/p>\n<p>Spotkanie prowadzi\u0142a p. Gra\u017cyna K\u0105dziela &#8211; przewodnicz\u0105ca naszego Klubu Seniora, kt\u00f3ra w profesjonalny spos\u00f3b krok po kroku realizowa\u0142a kolejne punkty programu.<\/p>\n<p>Gdy sala wype\u0142ni\u0142a si\u0119 po godz. 11.00 do ostatniego miejsca, a media by\u0142y gotowe do upami\u0119tnienia tego historycznego wydarzenia, g\u0142os zabra\u0142 W\u00f3jt Gminy Sadowne p. Waldemar Cyran, kt\u00f3ry powita\u0142 wszystkich zgromadzonych Go\u015bci.<\/p>\n<p>Nast\u0119pnie, jak to bywa u kobiet, zgodnie ze \u015bcis\u0142ym harmonogramem spotkania swoje spostrze\u017cenia i uwagi na temat wyzwa\u0144 dla aktywnych kobiet w XXI wieku zabiera\u0142y:<\/p>\n<p>&#8211; p. Maria Koc \u2013 senator RP \u2013 opowiedzia\u0142a o roli kobiety w polityce, jej pracy na \u201edw\u00f3ch etatach\u201d, parytetach i oczekiwanym zaanga\u017cowaniu w polityk\u0119 bez \u017cadnego przymusu,<\/p>\n<p>&#8211; p. Janina Orze\u0142owska \u2013 Wicemarsza\u0142ek Wojew\u00f3dztwa Mazowieckiego\u00a0 &#8211; o kobiecie w samorz\u0105dzie, kt\u00f3ra posiada prospo\u0142eczne spojrzenie na rzeczywisto\u015b\u0107 i jest bardzo aktywna. Og\u00f3lne podsumowanie prelegentki: kobiety s\u0105 potrzebne, chocia\u017c m\u0119\u017cczy\u017ani jeszcze o tym nie wiedz\u0105,<\/p>\n<p>&#8211; p. Dorota Skrzypek \u2013 Mazowiecki Wicekurator O\u015bwiaty \u2013 obowi\u0105zki i mo\u017cliwo\u015bci spe\u0142nienia kobiety w o\u015bwiacie,<\/p>\n<p>&#8211; p. Maria Dobies \u2013 nauczyciel sadowie\u0144skiego Technikum Gastronomicznego \u2013 struktura i osi\u0105gni\u0119cia ZSP Sadowne, rola i sukcesy kobiet, wychowawc\u00f3w w tej Szkole, plany, pomys\u0142y na rozw\u00f3j plac\u00f3wki o\u015bwiatowej,<\/p>\n<p>&#8211; p. Ma\u0142gorzata Olton \u2013 pedagog szkolny ZSP Sadowne \u2013 realizacja ciekawych projekt\u00f3w w ZSP Sadowne, dzia\u0142alno\u015b\u0107 Szkolnego Ko\u0142a Wolontariatu, szkolnej grupy taneczno \u2013 teatralnej.<\/p>\n<p>Po tych wyst\u0105pieniach nast\u0105pi\u0142a przerwa kawowa, w trakcie kt\u00f3rej w s\u0105siedniej Sali Gimnastycznej odby\u0142o si\u0119 podsumowanie Wielkanocnego Konkursu Gastronomicznego. Zgromadzonych tam go\u015bci i uczni\u00f3w powita\u0142 dyrektor ZSP Sadowne p. S\u0142awomir Ryszawa, po czym komisja konkursowa przyst\u0105pi\u0142a do oceny efekt\u00f3w pracy uczni\u00f3w Technikum \u017bywienia i Us\u0142ug Gastronomicznych.<\/p>\n<p>Ocenie podlega\u0142y wykonane ciasta \u015bwi\u0105teczne, babki i mazurki wielkanocne (oceniano 21 ciast) oraz wystr\u00f3j sto\u0142u wielkanocnego (oceniano 16 kompozycji). Najwy\u017cej oceniono:<\/p>\n<p>w kategorii ciast:<\/p>\n<p>&#8211; I miejsce &#8211; Kamil Puchta \u2013 klasa III Technikum (ciasto nr 19) oraz Szymon Matusik \u2013 klasa I Technikum (ciasto nr 11),<\/p>\n<p>&#8211; II miejsce \u2013 Patrycja Zi\u00f3\u0142kowska \u2013 klasa II Technikum (ciasto nr 14),<\/p>\n<p>&#8211; III miejsce \u2013 Natalia Rafalik \u2013 klasa III Technikum (ciasto nr 12).<\/p>\n<p>w kategorii wystroju sto\u0142u wielkanocnego:<\/p>\n<p>&#8211; I miejsce \u2013 Karolina Dzieci\u0105tko i Kinga Wyszogrodzka \u2013 klasa III Technikum (st\u00f3\u0142 nr 14),<\/p>\n<p>&#8211; II miejsce \u2013 Paulina Wieliczko i Micha\u0142 Glinka \u2013 klasa II Technikum (st\u00f3\u0142 nr 1),<\/p>\n<p>&#8211; III miejsce \u2013 Weronika Wiska i Emilia G\u00f3ral \u2013 klasa I Technikum (st\u00f3\u0142 nr 3).<\/p>\n<p>Po przerwie, ponownie w Sali Lustrzanej kontynuowano spotkanie kobiet aktywnych. Swoje uwagi przekaza\u0142y s\u0142uchaczkom:<\/p>\n<p>&#8211; p. Halina Uli\u0144ska \u2013 Wicestarosta W\u0119growski \u2013 o wsp\u00f3\u0142pracy z m\u0119\u017cczyznami i kobietach w turystyce, a tak\u017ce o pozytywnym my\u015bleniu i promocji powiatu,<\/p>\n<p>&#8211; p. Danuta Grodzka \u2013 Wojdyna \u2013 w\u0142a\u015bcicielka Galerii Zambrzyniec \u2013 o kobiecie w kulturze, pomys\u0142ach na turystyk\u0119 i spe\u0142nianiu w\u0142asnych marze\u0144, a tak\u017ce wydawaniu w\u0142asnych pozycji ksi\u0105\u017ckowych,<\/p>\n<p>&#8211; p. Edyta D\u0105browska \u2013 w\u0142a\u015bciciel Centrum Opieku\u0144czo \u2013 Rehabilitacyjnego ITAMED w Sadolesiu \u2013 o kobiecie w biznesie, realizacji plan\u00f3w i pomys\u0142ach na biznes.<\/p>\n<p>W podsumowaniu prowadz\u0105ca spotkanie p. Gra\u017cyna K\u0105dziela i W\u00f3jt Gminy Sadowne p. Waldemar Cyran ju\u017c teraz zapraszali wszystkie uczestniczki na drug\u0105 edycj\u0119 Sadowie\u0144skiego Forum Kobiet, kt\u00f3re by\u0107 mo\u017ce odb\u0119dzie si\u0119 w przysz\u0142ym roku i w szerszym zakresie \u2013 oczywi\u015bcie w Sadownem. A w jakim celu? Jak powiedzia\u0142 Pan W\u00f3jt, by zainspirowa\u0107 nasze mieszkanki do dzia\u0142ania i pokaza\u0107 mo\u017cliwo\u015bci samorealizacji. I s\u0142usznie!<\/p>\n<p><a href=\"https:\/\/photos.app.goo.gl\/V63M5FjDzMb5FgNX8\" target=\"_blank\" rel=\"noopener noreferrer\"><span style=\"color: #0000ff;\"><strong>Zdj\u0119cia w galerii Google&gt;&gt;&gt;<\/strong><\/span><\/a><\/p>\n<p><strong>Tekst:<\/strong> S\u0142awek Chyli\u0144ski\/Karolina Klimek<\/p>\n<p><strong>Foto:<\/strong>\u00a0S\u0142awek Chyli\u0144ski<\/p>\n","protected":false},"excerpt":{"rendered":"<p>7 kwietnia w Sali Lustrzanej Zespo\u0142u Szk\u00f3\u0142 Ponadgimnazjalnych w Sadownem odby\u0142a si\u0119 pierwsza edycja Sadowie\u0144skiego Forum Kobiet pod has\u0142em &#8222;Wyzwania dla aktywnej kobiety w XXI wieku&#8221;.<\/p>\n","protected":false},"author":1,"featured_media":0,"comment_status":"closed","ping_status":"closed","sticky":false,"template":"","format":"standard","meta":{"footnotes":""},"categories":[5,41],"tags":[2406,25],"class_list":["post-15527","post","type-post","status-publish","format-standard","hentry","category-newsy","category-wiesci-gminne","tag-sadowienskie-forum-kobiet","tag-sadowne"],"views":4248,"_links":{"self":[{"href":"https:\/\/info.sadowne.pl\/index.php?rest_route=\/wp\/v2\/posts\/15527","targetHints":{"allow":["GET"]}}],"collection":[{"href":"https:\/\/info.sadowne.pl\/index.php?rest_route=\/wp\/v2\/posts"}],"about":[{"href":"https:\/\/info.sadowne.pl\/index.php?rest_route=\/wp\/v2\/types\/post"}],"author":[{"embeddable":true,"href":"https:\/\/info.sadowne.pl\/index.php?rest_route=\/wp\/v2\/users\/1"}],"replies":[{"embeddable":true,"href":"https:\/\/info.sadowne.pl\/index.php?rest_route=%2Fwp%2Fv2%2Fcomments&post=15527"}],"version-history":[{"count":5,"href":"https:\/\/info.sadowne.pl\/index.php?rest_route=\/wp\/v2\/posts\/15527\/revisions"}],"predecessor-version":[{"id":23144,"href":"https:\/\/info.sadowne.pl\/index.php?rest_route=\/wp\/v2\/posts\/15527\/revisions\/23144"}],"wp:attachment":[{"href":"https:\/\/info.sadowne.pl\/index.php?rest_route=%2Fwp%2Fv2%2Fmedia&parent=15527"}],"wp:term":[{"taxonomy":"category","embeddable":true,"href":"https:\/\/info.sadowne.pl\/index.php?rest_route=%2Fwp%2Fv2%2Fcategories&post=15527"},{"taxonomy":"post_tag","embeddable":true,"href":"https:\/\/info.sadowne.pl\/index.php?rest_route=%2Fwp%2Fv2%2Ftags&post=15527"}],"curies":[{"name":"wp","href":"https:\/\/api.w.org\/{rel}","templated":true}]}}