{"id":15579,"date":"2017-04-12T09:44:29","date_gmt":"2017-04-12T07:44:29","guid":{"rendered":"http:\/\/www.infosadowne.boo.pl\/?p=15579"},"modified":"2020-04-24T15:09:43","modified_gmt":"2020-04-24T13:09:43","slug":"wielkanoc-z-wanda","status":"publish","type":"post","link":"https:\/\/info.sadowne.pl\/?p=15579","title":{"rendered":"Wielkanoc z Wand\u0105&#8230;"},"content":{"rendered":"<p><strong><img loading=\"lazy\" decoding=\"async\" class=\"alignleft size-thumbnail wp-image-15580\" src=\"http:\/\/www.info.sadowne.pl\/wp-content\/uploads\/2017\/04\/2017.04.12-180x130.jpg\" alt=\"\" width=\"180\" height=\"130\" \/>\u2026to has\u0142o tegorocznego biwaku harcerskiego zorganizowanego przez 23 DH Wataha w Miedznie. \u00a0Uczestniczyli w nim harcerze z Hufca Doliny Liwca w W\u0119growie. W sumie 110 harcerzy, w tym 22 druh\u00f3w z dru\u017cyny sadowie\u0144skiej. <\/strong><!--more--><\/p>\n<p>Dlaczego \u201ez Wand\u0105\u201d? Ot\u00f3\u017c Wanda Rutkiewicz &#8211; polska alpinistka i himalaistka, jedna z najbardziej znanych Polek \u015bwiatowego himalaizmu, kt\u00f3ra jako trzecia kobieta na \u015bwiecie, pierwsza Europejka i pierwsza Polka, stan\u0119\u0142a na Mount Everest, najwy\u017cszym szczycie\u00a0Ziemi, jako pierwsza kobieta na \u015bwiecie na szczycie K2, na co dzie\u0144 jest patronk\u0105 23 DH \u201eWATAHA\u201d.<\/p>\n<p>Biwak rozpocz\u0105\u0142 si\u0119 od pi\u0105tkowego wieczoru (a \u015bci\u015blej nocy), bo tu\u017c po ciszy nocnej zadzwoni\u0142 alarm na nocn\u0105 gr\u0119 terenow\u0105 \u201eW poszukiwaniu skarbu\u201d. Gra ciekawa, \u015bmieszna, ale i nieco trudna, bo po nieznanym terenie, w nowym \u015brodowisku i w dodatku w ciemno\u015bciach z mn\u00f3stwem pu\u0142apek i niespodzianek. Ale czas na poszukiwania zosta\u0142 wykorzystany efektywnie i tu\u017c przed p\u00f3\u0142noc\u0105 wszystkie dru\u017cyny wr\u00f3ci\u0142y z trofeami.<\/p>\n<p>W sobot\u0119 pobudka, szybkie \u015bniadanie i znowu w teren. Rajd patrolowy! Harcerze, podzieleni na zast\u0119py patrolowe, wyposa\u017ceni w map\u0119 okolicy wyruszyli na 4-godzinn\u0105 w\u0119dr\u00f3wk\u0119 po Miedznie i okolicach. Ka\u017cdy patrol musia\u0142 wykaza\u0107 si\u0119 umiej\u0119tno\u015bciami z zakresu terenoznawstwa (umiej\u0119tno\u015bci\u0105 czytania mapy) oraz wiadomo\u015bciami z zakresu wiedzy harcerskiej. Na punktach patrolowych sprawdzano m.in. umiej\u0119tno\u015bci z zakresu pierwszej pomocy oraz survivalu, trzeba by\u0142o wykaza\u0107 si\u0119 sprawno\u015bci\u0105 fizyczn\u0105, znajomo\u015bci\u0105 harcerskich piosenek, jak r\u00f3wnie\u017c wiedz\u0105 o patronce gospodarzy. Ka\u017cdy zast\u0119p walczy\u0142 o najwy\u017csze laury, ale jak to w sportowej rywalizacji \u2013 zwyci\u0119zca jest tylko jeden.\u00a0 W patrolu, kt\u00f3ry zaj\u0105\u0142 pierwsze miejsca w rywalizacji, znale\u017ali si\u0119 r\u00f3wnie\u017c druhowie z naszej dru\u017cyny.<\/p>\n<p>Popo\u0142udnie harcerze sp\u0119dzili na przygotowaniu wielkanocnej palmy &#8211; trzymetrowej d\u0142ugo\u015bci, kolorowa niew\u0105tpliwie by\u0142a ozdob\u0105 niedzielnej procesji. Mi\u0142\u0105 niespodziank\u0119 przyni\u00f3s\u0142 sobotni wiecz\u00f3r, sp\u0119dzony w miedze\u0144skim GOK-u, gdzie uczestniczyli\u015bmy w niecodziennym widowisku przygotowanym przez m\u0142odzie\u017c z tamtejszego KSM-u. Spektakl \u201eKrew jego na nas\u201d, wprowadzi\u0142 bardzo licznie zgromadzon\u0105 widowni\u0119 w refleksj\u0119 i \u015bwi\u0105teczny nastr\u00f3j Niedzieli Palmowej i \u015awi\u0105t Wielkiej Nocy.<\/p>\n<p>Kulminacyjnym punktem biwakowego programu by\u0142o sobotnie, wieczorne \u015bwiecowisko, kt\u00f3re przynios\u0142o niespodziank\u0119 siedmiorgu naszym druhnom i druhom: Marcie Szymanik, Oliwii Feli\u0144skiej, Natalii Decyk, Bartkowi Cyranowi, Kacprowi K\u0105dzieli, Bartkowi Jaruchowskiemu, Ma\u0107kowi Szcze\u015bnikowi, kt\u00f3rzy w obecno\u015bci zgromadzonych harcerzy oraz go\u015bci z\u0142o\u017cyli swoje przyrzeczenie harcerskie i otrzymali harcerski krzy\u017c. Spo\u015br\u00f3d naszych harcerzy wyr\u00f3\u017cni\u0107 nale\u017cy r\u00f3wnie\u017c Michalin\u0119 Zakrzewsk\u0105 i Ol\u0119 Zi\u00f3\u0142kowsk\u0105, kt\u00f3re zadba\u0142y o opraw\u0119 muzyczn\u0105 \u015bwiecowiska, akompaniuj\u0105c na gitarach. Dalsza cz\u0119\u015b\u0107 wieczoru up\u0142yn\u0119\u0142a na prezentacjach przedbiwakowego zadania, czyli film\u00f3w \u2013 wywiad\u00f3w na temat \u015awi\u0105t Wielkanocnych. I tu s\u0142owa uznania druh\u00f3w: dla Bartka Cyrana, Oliwii Feli\u0144skiej, Marty Szymanik i Ma\u0107ka Szcze\u015bnika, kt\u00f3rzy byli autorami filmu prezentowanego przez nasz\u0105 dru\u017cyn\u0119.<\/p>\n<p>W niedzielny poranek, po \u015bniadaniu udali\u015bmy si\u0119, wraz z przygotowan\u0105 dzie\u0144 wcze\u015bniej palm\u0105, na Msz\u0119 \u015awi\u0119t\u0105 w miejscowym ko\u015bciele. Po Mszy wr\u00f3cili\u015bmy do szko\u0142y na \u201eko\u0144cowe odliczanie\u201d \u2013 apel, w trakcie kt\u00f3rego podsumowano trzydniowy biwak, wr\u0119czono nagrody za biwakow\u0105 rywalizacj\u0119 oraz zas\u0142u\u017cone podzi\u0119kowania.<\/p>\n<p>A my ze swojej strony sk\u0142adamy podzi\u0119kowania na r\u0119ce pana Waldemara Cyrana \u2013 W\u00f3jta Gminy Sadowne za zorganizowanie przejazdu dru\u017cyny do Miedzny.<\/p>\n<p>Z harcerskim pozdrowieniem i \u017cyczeniami radosnych i spokojnych \u015awiat Wielkanocnych druhny i druhowie 123 DH \u201eW\u0142\u00f3czykije\u201d wraz z druhn\u0105 dru\u017cynow\u0105 Sylwi\u0105 Ilczuk.<\/p>\n<p><a href=\"https:\/\/photos.app.goo.gl\/mJt29EnYjGwHKQD49\" target=\"_blank\" rel=\"noopener noreferrer\"><span style=\"color: #0000ff;\"><strong>Zdj\u0119cia w galerii Google&gt;&gt;&gt;<\/strong><\/span><\/a><\/p>\n<p><strong>Sylwia Ilczuk<\/strong><\/p>\n","protected":false},"excerpt":{"rendered":"<p>\u2026to has\u0142o tegorocznego biwaku harcerskiego zorganizowanego przez 23 DH Wataha w Miedznie. \u00a0Uczestniczyli w nim harcerze z Hufca Doliny Liwca w W\u0119growie. W sumie 110 harcerzy, w tym 22 druh\u00f3w z dru\u017cyny sadowie\u0144skiej.<\/p>\n","protected":false},"author":1,"featured_media":0,"comment_status":"closed","ping_status":"closed","sticky":false,"template":"","format":"standard","meta":{"footnotes":""},"categories":[5,1670,1752],"tags":[1937,2422,361],"class_list":["post-15579","post","type-post","status-publish","format-standard","hentry","category-newsy","category-druzyna-harcerska-wloczykije","category-edukacja","tag-123-druzyna-harcerska-wloczykije-w-sadownem","tag-biwak-harcerski-w-miedznie","tag-sylwia-ilczuk"],"views":2829,"_links":{"self":[{"href":"https:\/\/info.sadowne.pl\/index.php?rest_route=\/wp\/v2\/posts\/15579","targetHints":{"allow":["GET"]}}],"collection":[{"href":"https:\/\/info.sadowne.pl\/index.php?rest_route=\/wp\/v2\/posts"}],"about":[{"href":"https:\/\/info.sadowne.pl\/index.php?rest_route=\/wp\/v2\/types\/post"}],"author":[{"embeddable":true,"href":"https:\/\/info.sadowne.pl\/index.php?rest_route=\/wp\/v2\/users\/1"}],"replies":[{"embeddable":true,"href":"https:\/\/info.sadowne.pl\/index.php?rest_route=%2Fwp%2Fv2%2Fcomments&post=15579"}],"version-history":[{"count":2,"href":"https:\/\/info.sadowne.pl\/index.php?rest_route=\/wp\/v2\/posts\/15579\/revisions"}],"predecessor-version":[{"id":23143,"href":"https:\/\/info.sadowne.pl\/index.php?rest_route=\/wp\/v2\/posts\/15579\/revisions\/23143"}],"wp:attachment":[{"href":"https:\/\/info.sadowne.pl\/index.php?rest_route=%2Fwp%2Fv2%2Fmedia&parent=15579"}],"wp:term":[{"taxonomy":"category","embeddable":true,"href":"https:\/\/info.sadowne.pl\/index.php?rest_route=%2Fwp%2Fv2%2Fcategories&post=15579"},{"taxonomy":"post_tag","embeddable":true,"href":"https:\/\/info.sadowne.pl\/index.php?rest_route=%2Fwp%2Fv2%2Ftags&post=15579"}],"curies":[{"name":"wp","href":"https:\/\/api.w.org\/{rel}","templated":true}]}}