{"id":15684,"date":"2017-05-01T18:11:39","date_gmt":"2017-05-01T16:11:39","guid":{"rendered":"http:\/\/www.infosadowne.medhost.com.pl\/?p=15684"},"modified":"2020-04-24T15:06:43","modified_gmt":"2020-04-24T13:06:43","slug":"zsp-otwarlo-swoje-wrota","status":"publish","type":"post","link":"https:\/\/info.sadowne.pl\/?p=15684","title":{"rendered":"ZSP otwar\u0142o swoje wrota\u2026"},"content":{"rendered":"<p><strong><img loading=\"lazy\" decoding=\"async\" class=\"alignleft size-thumbnail wp-image-15685\" src=\"http:\/\/www.info.sadowne.pl\/wp-content\/uploads\/2017\/05\/2017.04.26.1-180x130.jpg\" alt=\"\" width=\"180\" height=\"130\" \/>Na 26 kwietnia zaplanowano Dzie\u0144 Otwarty w Zespole Szk\u00f3\u0142 Ponadgimnazjalnych w Sadownem. Na wszystkich go\u015bci czeka\u0142o wiele atrakcji. <\/strong><!--more--><\/p>\n<p>Wkr\u00f3tce, bo ju\u017c od 8 maja gimnazjali\u015bci b\u0119d\u0105 mogli sk\u0142ada\u0107 wnioski o przyj\u0119cie do wybranej przez siebie \u015bredniej szko\u0142y. A wi\u0119c rozpocz\u0105\u0142 si\u0119 czas na promocje tych ostatnich, a w przypadku Sadownego mo\u017cna ju\u017c m\u00f3wi\u0107, \u017ce\u2026 przez du\u017ce \u201eP\u201d.<\/p>\n<p>Sadowie\u0144skie szko\u0142y \u015brednie, kt\u00f3re wchodz\u0105 w sk\u0142ad Zespo\u0142u Szk\u00f3\u0142 Ponadgimnazjalnych, przygotowa\u0142y si\u0119 solidnie do spotkania z przysz\u0142ymi swoimi uczniami. Przysz\u0142ych absolwent\u00f3w Gimnazjum z Sadownego i s\u0105siednich gmin powita\u0142 w Sali gimnastycznej Dyrektor plac\u00f3wki p. S\u0142awomir Ryszawa, po czym podlegli mu pedagodzy w prezentacji przedstawili wszystkie atuty swojej szko\u0142y. W \u015blad za tym posz\u0142y wyst\u0119py Zespo\u0142u Tanecznego, a szkolna gwiazda ZSP Inga Tarapata da\u0142a \u015bwietny popis wokalu \u2013 oczywi\u015bcie przy akompaniamencie swojego Wicedyrektora p. Kamila Kie\u0142ka.<\/p>\n<p>By\u0142a te\u017c przerwa na zwiedzanie szko\u0142y, kt\u00f3r\u0105 po\u0142\u0105czono z ciekaw\u0105 gr\u0105 terenow\u0105, w tym przypadku zwi\u0105zan\u0105 z poznaniem struktury, pomieszcze\u0144 i historii ZSP. W mi\u0119dzyczasie w Sali lustrzanej czeka\u0142y te\u017c na gimnazjalist\u00f3w inne ciekawostki, kt\u00f3re stanowi\u0105 atrakcj\u0119 naszej szko\u0142y \u2013 zalety realizowanego projektu \u201eErasmus+\u201d prezentowali jego uczestnicy, Technikum \u017bywienia i Us\u0142ug Gastronomicznych, pod kierunkiem swoich pedagog\u00f3w pp.: El\u017cbiety Rukat, Marii Dobies i Magdaleny Figo\u0144, przygotowa\u0142o s\u0142odko\u015bci i prezentacj\u0119 carvingu oraz sporz\u0105dzania dietetycznych koktajli, gdzie za bufetem brylowa\u0142 wsp\u00f3\u0142pracuj\u0105cy ze Szko\u0142\u0105 Mistrz Barist\u00f3w p. Jerzy Czapla. Zach\u0119cano te\u017c do stosowania produkt\u00f3w fit, Szkolne Ko\u0142o Wolontariatu i p. Ma\u0142gorzata Olton, opr\u00f3cz uwydatnienia swojej dzia\u0142alno\u015bci, proponowali udzia\u0142 w ciekawych akcjach, a Stowarzyszenie Kulturalno \u2013 O\u015bwiatowe \u201eDzia\u0142am\u201d i p. Miros\u0142awa Renik \u2013 w cyklicznych obozach tanecznych. Je\u015bli podr\u00f3\u017ce i natura, to tylko z Sadowie\u0144skim Klubem Rowerowym \u2018Bike-club\u201d, kt\u00f3ry r\u00f3wnie\u017c dzia\u0142a w ZSP pod kierownictwem p. Paw\u0142a Stysia.<\/p>\n<p>Podr\u00f3\u017ce po Szkole zako\u0144czy\u0142o ponowne spotkanie w Sali gimnastycznej, gdzie podsumowano Quizem gr\u0119 terenow\u0105 \u2013 najlepszymi w tej dziedzinie okazali si\u0119 gimnazjali\u015bci z Broku. Jeszcze tylko prezentacja \u201eRolnictwo i \u017cywno\u015b\u0107 ekologiczna\u201d z projektu \u201eCzas na zdrowie\u201d, kt\u00f3r\u0105 prezentowali uczniowie Technikum i\u2026<\/p>\n<p>\u2026g\u0142\u00f3wna cz\u0119\u015b\u0107 tego spotkania \u2013 wr\u0119czenie pucharu i dyplom\u00f3w przez organizator\u00f3w Targ\u00f3w \u201eWarsaw Gastro Show\u201d, w kt\u00f3rych ZSP Sadowne wygra\u0142o konkurs na najpopularniejsz\u0105 szko\u0142\u0119 uczestnicz\u0105c\u0105 w tych Targach. A w \u015blad za tym: g\u0142\u00f3wna nagroda i warsztaty z go\u015bciem specjalnym p. Ani\u0105 Starmach, jurork\u0105 polskich edycji Master Chef i Master Chef Junior, kt\u00f3re emitowane s\u0105 w TVN, autork\u0105 ksi\u0105\u017cek kucharskich i portalu kulinarnego. Mo\u017cna by\u0142o podejrze\u0107 przygotowanie w jej wykonaniu potraw tak\u017ce z rzadko u nas stosowanych produkt\u00f3w, ale te\u017c wzi\u0105\u0107 udzia\u0142 w degustacji powstaj\u0105cych w trakcie warsztat\u00f3w potraw z przepis\u00f3w prowadz\u0105cej.<\/p>\n<p>Oj dzia\u0142o si\u0119! Szkoda, \u017ce Dzie\u0144 Otwarty zdarza si\u0119 tak rzadko, ale dla absolwent\u00f3w gimnazj\u00f3w nic straconego \u2013 ZSP w Sadownem czeka na nich z otwartymi ramionami. Powt\u00f3rk\u0105 takiego dnia, ale ju\u017c w formie Eko, mo\u017ce okaza\u0107 si\u0119 Festyn \u201eCzas na zdrowie\u201d, kt\u00f3ry przygotowywany jest przez ZSP Sadowne 4 czerwca. Serdecznie zapraszamy!<\/p>\n<p><a href=\"https:\/\/photos.app.goo.gl\/5ZHAYnP8CReEtRB69\" target=\"_blank\" rel=\"noopener noreferrer\"><span style=\"color: #0000ff;\"><strong>Zdj\u0119cia w galerii Google&gt;&gt;&gt;<\/strong><\/span><\/a><\/p>\n<p><span style=\"color: #0000ff;\"><a style=\"color: #0000ff;\" href=\"https:\/\/youtu.be\/yAoEio8-w6s\"><strong>Zobacz te\u017c film&gt;&gt;&gt;<\/strong><\/a><\/span><\/p>\n<p><strong>Tekst\/foto:<\/strong> S\u0142awek Chyli\u0144ski<\/p>\n","protected":false},"excerpt":{"rendered":"<p>Na 26 kwietnia zaplanowano Dzie\u0144 Otwarty w Zespole Szk\u00f3\u0142 Ponadgimnazjalnych w Sadownem. Na wszystkich go\u015bci czeka\u0142o wiele atrakcji.<\/p>\n","protected":false},"author":1,"featured_media":0,"comment_status":"closed","ping_status":"closed","sticky":false,"template":"","format":"standard","meta":{"footnotes":""},"categories":[5,1752,85],"tags":[2409,254,182],"class_list":["post-15684","post","type-post","status-publish","format-standard","hentry","category-newsy","category-edukacja","category-zsp","tag-dzien-otwarty-w-zsp-sadowne","tag-technikum-zywienia-i-uslug-gastronomicznych-w-sadownem","tag-zespol-szkol-ponadgimnazjalnych-w-sadownem"],"views":2913,"_links":{"self":[{"href":"https:\/\/info.sadowne.pl\/index.php?rest_route=\/wp\/v2\/posts\/15684","targetHints":{"allow":["GET"]}}],"collection":[{"href":"https:\/\/info.sadowne.pl\/index.php?rest_route=\/wp\/v2\/posts"}],"about":[{"href":"https:\/\/info.sadowne.pl\/index.php?rest_route=\/wp\/v2\/types\/post"}],"author":[{"embeddable":true,"href":"https:\/\/info.sadowne.pl\/index.php?rest_route=\/wp\/v2\/users\/1"}],"replies":[{"embeddable":true,"href":"https:\/\/info.sadowne.pl\/index.php?rest_route=%2Fwp%2Fv2%2Fcomments&post=15684"}],"version-history":[{"count":2,"href":"https:\/\/info.sadowne.pl\/index.php?rest_route=\/wp\/v2\/posts\/15684\/revisions"}],"predecessor-version":[{"id":23140,"href":"https:\/\/info.sadowne.pl\/index.php?rest_route=\/wp\/v2\/posts\/15684\/revisions\/23140"}],"wp:attachment":[{"href":"https:\/\/info.sadowne.pl\/index.php?rest_route=%2Fwp%2Fv2%2Fmedia&parent=15684"}],"wp:term":[{"taxonomy":"category","embeddable":true,"href":"https:\/\/info.sadowne.pl\/index.php?rest_route=%2Fwp%2Fv2%2Fcategories&post=15684"},{"taxonomy":"post_tag","embeddable":true,"href":"https:\/\/info.sadowne.pl\/index.php?rest_route=%2Fwp%2Fv2%2Ftags&post=15684"}],"curies":[{"name":"wp","href":"https:\/\/api.w.org\/{rel}","templated":true}]}}