{"id":15702,"date":"2017-05-01T18:27:48","date_gmt":"2017-05-01T16:27:48","guid":{"rendered":"http:\/\/www.infosadowne.medhost.com.pl\/?p=15702"},"modified":"2020-04-24T15:02:55","modified_gmt":"2020-04-24T13:02:55","slug":"strazacy-swietuja","status":"publish","type":"post","link":"https:\/\/info.sadowne.pl\/?p=15702","title":{"rendered":"Stra\u017cacy \u015bwi\u0119tuj\u0105!"},"content":{"rendered":"<p><strong><img loading=\"lazy\" decoding=\"async\" class=\"alignleft size-thumbnail wp-image-15703\" src=\"http:\/\/www.info.sadowne.pl\/wp-content\/uploads\/2017\/05\/2017.04.30.1-180x130.jpg\" alt=\"\" width=\"180\" height=\"130\" \/>Dzie\u0144 Stra\u017caka obchodzony jest 4 maja, ale w Sadownem ju\u017c rozpocz\u0119\u0142y si\u0119 uroczysto\u015bci.<\/strong><!--more--><\/p>\n<p>30 kwietnia msz\u0105 \u015bw. w intencji wszystkich stra\u017cak\u00f3w w miejscowym ko\u015bciele parafialnym rozpocz\u0119to uroczyste, gminne obchody Dnia Stra\u017caka. Przyby\u0142o na nie wielu znamienitych go\u015bci, w tym przedstawicieli parlamentu, w\u0142adz wojew\u00f3dzkich, powiatowych i gminnych. Najwa\u017cniejsi tego dnia byli jednak stra\u017cacy \u2013 druhny i druhowie, kt\u00f3rzy ka\u017cdego dnia strzeg\u0105 naszego bezpiecze\u0144stwa, nara\u017caj\u0105c cz\u0119sto swoje zdrowie, a nawet \u017cycie.<\/p>\n<p>Na uroczysto\u015bci stawi\u0142y si\u0119 wszystkie Jednostki Ochotniczej Stra\u017cy Po\u017carnej Gminy Sadowne, a tak\u017ce zaprzyja\u017anieni druhowie z s\u0105siednich gmin. Tego dnia by\u0142 jeszcze jeden pow\u00f3d spotkania \u2013 uroczyste nadanie sztandaru Jednostce Ochotniczej Stra\u017cy Po\u017carnej w Sok\u00f3\u0142ce, do czego dosz\u0142o z inicjatywy W\u00f3jta Gminy p. Waldemara Cyrana i Zarz\u0105du OSP Sok\u00f3\u0142ka.<\/p>\n<p>Wiele by m\u00f3wi\u0107 o zas\u0142ugach i historii Ochotniczej Stra\u017cy w Naszej Gminie, a podczas tej uroczysto\u015bci zawiera\u0142y te elementy prawie wszystkie wyst\u0105pienia go\u015bci, jednak najdok\u0142adniej m\u00f3wi\u0105 o sobie sami bohaterowie uroczysto\u015bci \u2013 stra\u017cacy z Sok\u00f3\u0142ki. Poczytajmy o ich historii:<\/p>\n<p><em>W 2002 roku 11 mieszka\u0144c\u00f3w miejscowo\u015bci Sok\u00f3\u0142ka przesz\u0142o szkolenie szeregowc\u00f3w organizowane przez Komend\u0119 Powiatow\u0105 Stra\u017cy Po\u017carnej w W\u0119growie. Fakt ten by\u0142 jednym z pierwszych krok\u00f3w ku powstaniu Jednostki Ochotniczej Stra\u017cy Po\u017carnej w Sok\u00f3\u0142ce. Inicjatorem powstania tej organizacji by\u0142 Marcin Gulski, kt\u00f3ry &#8211; przy wsparciu do\u015bwiadczonego wieloletniego stra\u017caka druha Zdzis\u0142awa Smolewskiego oraz Zdzis\u0142awa Tracza &#8211; doprowadzi\u0142 29.01.2005 roku do formalnego za\u0142o\u017cenia jednostki.<\/em><\/p>\n<p>Pierwszy Zarz\u0105d oraz sk\u0142ad Komisji Rewizyjnej stanowili:<br \/>\n1.Zarz\u0105d<br \/>\nPrezes -Makarski Dariusz<br \/>\nNaczelnik-Gulski Marcin<br \/>\nWiceprezes-K\u0142\u00f3sek Zbigniew<br \/>\nSekretarz-Pr\u00f3chno Damian<br \/>\nSkarbnik-Nozderka Andrzej<br \/>\nZ-ca Naczelnika-Kopania Przemys\u0142aw<\/p>\n<p>2. Komisja Rewizyjna<br \/>\nPrzewodnicz\u0105cy- Tyszka Remigiusz<br \/>\nZ-ca Przewodnicz\u0105cego-Gr\u0105dzki Jacek<br \/>\nSekretarz-Wysocka Anna<br \/>\nCz\u0142onek KR -Jab\u0142o\u0144ski Karol<\/p>\n<p>Pierwszy sk\u0142ad osobowy Jednostki w chwili jej za\u0142o\u017cenia:<br \/>\nGulski Marcin, Tyszka Ludwik, Makarski Dariusz, K\u0142\u00f3\u015bek Zbigniew, Tracz Zdzis\u0142aw, Kopania Przemys\u0142aw, Pr\u00f3chno Damian, Nozderka Andrzej, Gr\u0105dzki Jacek, Pisarek Piotr, \u0141aniewicz Piotr, \u0141aniewicz Artur, Wysocka Anna, Jab\u0142o\u0144ski Karol, Grochowski Grzegorz, Tyszka Remigiusz, Wieliczko Grzegorz, Kaczmarczyk Adam, Wycech Wies\u0142aw, K\u0105dziela Adrian.<\/p>\n<p>Nowo powsta\u0142a Stra\u017c od pocz\u0105tku swego istnienia boryka\u0142a si\u0119 z trudno\u015bciami wyposa\u017cenia w niezb\u0119dny sprz\u0119t ga\u015bniczy, umundurowanie, pojazd oraz przede wszystkim lokum gdzie ochotnicy mieliby spotyka\u0107 si\u0119 na zebraniach, szkoleniach, a tak\u017ce przechowywa\u0107 nabywane wyposa\u017cenie.<\/p>\n<p>02.09.2005 r. Zarz\u0105d Ochotniczej Stra\u017cy Po\u017carnej w Sok\u00f3\u0142ce reprezentowany przez Dariusza Makarskiego oraz Marcina Gulskiego zawar\u0142 pierwsz\u0105 umow\u0119 u\u017cyczenia z Gmin\u0105 Sadowne dotycz\u0105c\u0105 cz\u0119\u015bci budynku po by\u0142ej szkole podstawowej w Sok\u00f3\u0142ce na cele Ochotniczej Stra\u017cy Po\u017carnej w Sok\u00f3\u0142ce. Od tego czasu druhowie mogli spotyka\u0107 si\u0119 kulturalnie na spotkaniach w przyzwoitych warunkach, a tak\u017ce sk\u0142adowa\u0107 ,,pod kluczem\u201d powoli nabywany sprz\u0119t.<\/p>\n<p>M\u0142odzi druhowie, kt\u00f3rym przewodniczy\u0142 w szczeg\u00f3lno\u015bci Marcin Gulski, powoli i wytrwale d\u0105\u017cyli do rozwoju jednostki nabywaj\u0105c od Ochotniczych Stra\u017cy Po\u017carnych z Zalesia, Starych Lipek i Zielonki cz\u0119sto ju\u017c mocno zu\u017cyty sprz\u0119t oraz elementy umundurowania, kt\u00f3re przez d\u0142ugi czas by\u0142y jedynym i podstawowym wyposa\u017ceniem jednostki.<\/p>\n<p>W 2006 roku do jednostki przyj\u0119to kilku nowych, bardzo m\u0142odych druh\u00f3w, kt\u00f3rzy zacz\u0119li tworzy\u0107 M\u0142odzie\u017cow\u0105 Dru\u017cyn\u0119 Po\u017carnicz\u0105 jednostki. Byli nimi mi\u0119dzy innymi: Adam Kami\u0144ski, Marcin Maliszewski, Mateusz Suski, Daniel Sty\u015b, Patrycjusz Tracz, a od 2007 Kamil Wieliczko oraz Mateusz Maliszewski.<\/p>\n<p>14 stycznia 2007 roku Jednostka ochotniczej Stra\u017cy Po\u017carnej z Zalesia przekaza\u0142a nieodp\u0142atnie na rzecz Jednostki w Sok\u00f3\u0142ce samoch\u00f3d ga\u015bniczy GLM -8 marki \u017bUK. Niestety samoch\u00f3d z powodu bardzo z\u0142ego stanu technicznego zosta\u0142 wycofany z podzia\u0142u bojowego Jednostki wraz z ko\u0144cem roku 2008.<\/p>\n<p>W 2008 roku Stra\u017cacy OSP Sok\u00f3\u0142ka wzi\u0119li po raz pierwszy udzia\u0142 w zawodach sportowo-po\u017carniczych Ochotniczych Stra\u017cy Po\u017carnych, kt\u00f3re odby\u0142y si\u0119 w miejscowo\u015bci Sadowne. M\u0142oda jednostka, mimo brak\u00f3w w sprz\u0119cie (startowa\u0142a w umundurowaniu oraz z wyposa\u017ceniem zaprzyja\u017anionych jednostek, kt\u00f3re u\u017cyczy\u0142y niezb\u0119dnych rzeczy do wystartowania w zawodach.) W wyniku zmaga\u0144 stra\u017cak\u00f3w z ca\u0142ej gminy OSP Sok\u00f3\u0142ka zaj\u0119\u0142a V miejsce.<br \/>\nW dniu 5 kwietnia 2009 roku przeprowadzono walne zebranie sprawozdawczo wyborcze, w wyniku \u00a0kt\u00f3rego nast\u0105pi\u0142y nast\u0119puj\u0105ce zmiany w zarz\u0105dzie OSP Sok\u00f3\u0142ka oraz Komisji Rewizyjnej:<br \/>\n1.Zarz\u0105d<br \/>\nPrezes \u2013Tracz Zdzis\u0142aw<br \/>\nNaczelnik-Gulski Marcin<br \/>\nWiceprezes- Makarski Dariusz<br \/>\nSekretarz- K\u0142\u00f3sek Zbigniew<br \/>\nSkarbnik-Nozderka Andrzej<br \/>\nZ-ca Naczelnika-Kopania Przemys\u0142aw<br \/>\n2.Komisja Rewizyjna<br \/>\nPrzewodnicz\u0105cy- Grzegorz Wieliczko<br \/>\nZ-ca Przewodnicz\u0105cego-Artur \u0141aniewicz<br \/>\nSekretarz-Anna Wysocka<\/p>\n<p>Zarz\u0105d wybrany w 2009 roku pracowa\u0142 bardzo kr\u00f3tko, bo niespe\u0142na rok. Powodem tak kr\u00f3tkiej kadencji tego zarz\u0105du by\u0142 fakt wykruszenia si\u0119 jego sk\u0142adu osobowego z \u017cycia jednostki, oraz prawo niepozwalaj\u0105ce jednemu z cz\u0142onk\u00f3w zarz\u0105du \u0142\u0105czenia swojej funkcji w OSP z funkcj\u0105 w samorz\u0105dzie terytorialnym. Dlatego te\u017c 20 marca 2010 roku podczas Walnego zebrania Sprawozdawczo- wyborczego OSP powo\u0142ano Zarz\u0105d i Komisj\u0119 Rewizyjn\u0105 w nast\u0119puj\u0105cym sk\u0142adzie:<br \/>\n1.Zarz\u0105d<br \/>\nPrezes \u2013Kopania Przemys\u0142aw<br \/>\nNaczelnik-Tyszka Remigiusz<br \/>\nWiceprezes- Kozanka \u2013Lipka Jaros\u0142aw<br \/>\nSekretarz- Kucharek Piotr<br \/>\nSkarbnik-\u0141aniewicz Artur<br \/>\nZ-ca Naczelnika-Tyszka Ludwik<br \/>\nCz\u0142onek \u2013K\u0142\u00f3sek Zbigniew<br \/>\n2.Komisja Rewizyjna<br \/>\nPrzewodnicz\u0105cy- Jaworski Tomasz<br \/>\nZ-ca Przewodnicz\u0105cego-Dziewa Bart\u0142omiej<br \/>\nSekretarz-Gr\u0105dzki Jacek<br \/>\nCz\u0142onek-Polkowski Daniel<\/p>\n<p>W 2010 roku powsta\u0142a oficjalna strona Ochotniczej Stra\u017cy Po\u017carnej w Sok\u00f3\u0142c, kt\u00f3rej pomys\u0142odawc\u0105 powstania oraz g\u0142\u00f3wnym tw\u00f3rc\u0105 by\u0142 w\u00f3wczas cz\u0142onek MDP Marcin Maliszewski, kt\u00f3ry jest obecnie Naczelnikiem OSP Sok\u00f3\u0142ka. Od tamtej pory na bie\u017c\u0105co mo\u017cna \u015bledzi\u0107 \u017cycie oraz rozw\u00f3j naszej jednostki, dlatego je\u015bli ktokolwiek chce dowiedzie\u0107 si\u0119 czego\u015b wi\u0119cej o naszej organizacji z ch\u0119ci\u0105 zapraszamy na stron\u0119:\u00a0<a href=\"https:\/\/www.facebook.com\/ospsokolka\/\" target=\"_blank\" rel=\"noopener noreferrer\">https:\/\/www.facebook.com\/ospsokolka\/<\/a>.<\/p>\n<p><strong>A 30 kwietnia?<\/strong> Wspania\u0142a uroczysto\u015b\u0107, kt\u00f3rej gospodarzami tym razem byli w\u0142a\u015bnie druhowie z OSP Sok\u00f3\u0142ka, a u\u015bwietnia\u0142y j\u0105 sztandary i sami stra\u017cacy w galowych mundurach, dostojnie prezentuj\u0105c si\u0119 w oficjalnym szyku na placu przy Urz\u0119dzie Gminy Sadowne i przy akompaniamencie stra\u017cackiej orkiestry d\u0119tej z Soko\u0142owa Podlaskiego. \u015awi\u0119to sta\u0142o si\u0119 te\u017c okazj\u0105 do podzi\u0119kowa\u0144 za s\u0142u\u017cb\u0119 \u2013 wyr\u00f3\u017cnieni druhowie otrzymali medale i odznaczenia, a ich wsp\u00f3\u0142pracownicy \u2013 pisemne podzi\u0119kowania.<\/p>\n<p>Nowy sztandar, kt\u00f3rego honorowymi chrzestnymi by\u0142a Wicemarsza\u0142ek Senatu p. Maria Koc i W\u00f3jt Gminy Sadowne p. Waldemar Cyran, uroczy\u015bcie po\u015bwi\u0119cono i przekazano we w\u0142a\u015bciwe r\u0119ce &#8211; &#8222;BOGU NA CHWA\u0141\u0118 &#8211; BLI\u0179NIEMU NA RATUNEK&#8221; (m\u00f3wi\u0105 druhowie z OSP Sok\u00f3\u0142ka).<\/p>\n<p><strong>Wszystkiego najlepszego w Dniu Waszego \u015awi\u0119ta Drodzy Druhowie!!!<\/strong><\/p>\n<p><a href=\"https:\/\/photos.app.goo.gl\/i6FsHgbhdBeubjDQ8\" target=\"_blank\" rel=\"noopener noreferrer\"><span style=\"color: #0000ff;\"><strong>Zdj\u0119cia w galerii Google&gt;&gt;&gt;<\/strong><\/span><\/a><\/p>\n<p><strong>Tekst\/foto: <\/strong>S\u0142awek Chyli\u0144ski<\/p>\n<p><strong>\u0179r\u00f3d\u0142o:<\/strong> <a href=\"http:\/\/www.facebook.com\/ospsokolka\" target=\"_blank\" rel=\"noopener noreferrer\">www.facebook.com\/ospsokolka<\/a><\/p>\n","protected":false},"excerpt":{"rendered":"<p>Dzie\u0144 Stra\u017caka obchodzony jest 4 maja, ale w Sadownem ju\u017c rozpocz\u0119\u0142y si\u0119 uroczysto\u015bci.<\/p>\n","protected":false},"author":1,"featured_media":0,"comment_status":"closed","ping_status":"closed","sticky":false,"template":"","format":"standard","meta":{"footnotes":""},"categories":[5,2395,2396,2391,2392,2393,2397,2394,2389,4,267],"tags":[1327,2434],"class_list":["post-15702","post","type-post","status-publish","format-standard","hentry","category-newsy","category-osp-morzyczyn-wloki","category-osp-morzyczyn-wloscianski","category-osp-sadowne","category-osp-sokolka","category-osp-szynkarzyzna","category-osp-wilczogeby","category-osp-zalesie","category-osp-zieleniec","category-policja-straz-pozarna-pogotowie-ratunkowe","category-straz-pozarna-policja-straz-pozarna-pogotowie-ratunkowe","tag-dzien-strazaka-w-sadownem","tag-ochotnicza-straz-pozarna-w-sokolce"],"views":3369,"_links":{"self":[{"href":"https:\/\/info.sadowne.pl\/index.php?rest_route=\/wp\/v2\/posts\/15702","targetHints":{"allow":["GET"]}}],"collection":[{"href":"https:\/\/info.sadowne.pl\/index.php?rest_route=\/wp\/v2\/posts"}],"about":[{"href":"https:\/\/info.sadowne.pl\/index.php?rest_route=\/wp\/v2\/types\/post"}],"author":[{"embeddable":true,"href":"https:\/\/info.sadowne.pl\/index.php?rest_route=\/wp\/v2\/users\/1"}],"replies":[{"embeddable":true,"href":"https:\/\/info.sadowne.pl\/index.php?rest_route=%2Fwp%2Fv2%2Fcomments&post=15702"}],"version-history":[{"count":2,"href":"https:\/\/info.sadowne.pl\/index.php?rest_route=\/wp\/v2\/posts\/15702\/revisions"}],"predecessor-version":[{"id":23137,"href":"https:\/\/info.sadowne.pl\/index.php?rest_route=\/wp\/v2\/posts\/15702\/revisions\/23137"}],"wp:attachment":[{"href":"https:\/\/info.sadowne.pl\/index.php?rest_route=%2Fwp%2Fv2%2Fmedia&parent=15702"}],"wp:term":[{"taxonomy":"category","embeddable":true,"href":"https:\/\/info.sadowne.pl\/index.php?rest_route=%2Fwp%2Fv2%2Fcategories&post=15702"},{"taxonomy":"post_tag","embeddable":true,"href":"https:\/\/info.sadowne.pl\/index.php?rest_route=%2Fwp%2Fv2%2Ftags&post=15702"}],"curies":[{"name":"wp","href":"https:\/\/api.w.org\/{rel}","templated":true}]}}