{"id":15807,"date":"2017-05-17T12:14:15","date_gmt":"2017-05-17T10:14:15","guid":{"rendered":"http:\/\/info.sadowne.pl\/?p=15807"},"modified":"2017-05-17T12:14:15","modified_gmt":"2017-05-17T10:14:15","slug":"sadowianki-sadowne-ociete","status":"publish","type":"post","link":"https:\/\/info.sadowne.pl\/?p=15807","title":{"rendered":"&#8222;Sadowianki&#8221; &#8211; Sadowne &#8211; Oci\u0119te"},"content":{"rendered":"<p><strong><img loading=\"lazy\" decoding=\"async\" class=\"alignleft size-thumbnail wp-image-15808\" src=\"http:\/\/info.sadowne.pl\/wp-content\/uploads\/2017\/05\/sad234-180x85.jpg\" alt=\"\" width=\"180\" height=\"85\" \/>Agroturystyka &#8211;\u00a0 <\/strong><strong>&#8222;Przy lesie &#8211; Na G\u00f3rce&#8221;- Piotr Olkowski.<\/strong><!--more--><\/p>\n<p><strong>Witamy Polskich Mi\u0142o\u015bnik\u00f3w Caravaningu<\/strong><\/p>\n<p>,,Firma <strong>HEKA-Mobilreisen<\/strong> od 10 lat zajmuje si\u0119 organizowaniem \u00a0wycieczek\u00a0dla posiadaczy samochod\u00f3w \/przyczep campingowych\/. Zainteresowanie ze strony\u00a0czasopisma <strong>&#8222;Polski Caravaning&#8221;<\/strong> sk\u0142oni\u0142o nas do zwr\u00f3cenia uwagi na\u00a0rozwijaj\u0105cy si\u0119 polski rynek caravaningowy. Po wielu spotkaniach z\u00a0Polskimi camperowiczami postanowili\u015bmy przedstawi\u0107 ofert\u0119 r\u00f3wnie\u017c dla\u00a0polskiego turysty. Poniewa\u017c mamy polskie korzenie z mi\u0142\u0105 ch\u0119ci\u0105\u00a0zabierzemy Pa\u0144stwa do najpi\u0119kniejszych zak\u0105tk\u00f3w \u015bwiata, na pocz\u0105tek\u00a0<strong>Maroko<\/strong> oraz <strong>kraje nad ba\u0142tyckie, czyli Litwa, \u0141otwa, Estonia oraz Sankt\u00a0Petersburg.<\/strong> Je\u017celi jeste\u015bcie Pa\u0144stwo zainteresowani nasz\u0105 ofert\u0105\u00a0prosimy o kontakt telefoniczny b\u0105d\u017a E-Mail, naturalnie po polsku i\u00a0ch\u0119tnie udzielimy odpowiedzi na ka\u017cde pytanie. <strong>Pracujemy r\u00f3wnie\u017c dla grup zorganizowanych i klub\u00f3w camperowych.\u201d<\/strong><\/p>\n<p>Na pocz\u0105tku zamie\u015bci\u0142am ma\u0142\u0105 reklam\u0119 turystycznej firmy pod nazw\u0105 <strong>HEKA-Mobilreisen<\/strong>, poniewa\u017c w sierpniu drogi SADOWIANEK i drogi niemieckich turyst\u00f3w korzystaj\u0105cych z us\u0142ug tej firmy na kr\u00f3tko splot\u0142y si\u0119 ze sob\u0105. Pa\u0144stwo Iwona i Piotr Olkowscy prowadz\u0105 gospodarstwo agroturystyczne o nazwie: <strong>,,Przy lesie \u2013 Na g\u00f3rce\u201d<\/strong>. Gospodarstwo znajduje si\u0119 w Oci\u0119tem, gmina Sadowne, w pobli\u017cu rzeki Ugoszcz i bezpo\u015brednim s\u0105siedztwie lasu.<\/p>\n<p>Miejsce urocze ciesz\u0105ce wzrok a przy trym bogate w jad\u0142o i picie. Pa\u0144stwo Olkowscy przygotowali wspania\u0142\u0105 go\u015bcin\u0119 dla przyby\u0142ych turyst\u00f3w, a ca\u0142\u0105 okras\u0105 imprezy by\u0142y <strong>SADOWIANKI<\/strong>, kt\u00f3re w \u015bpiewie i ta\u0144cu zaprezentowa\u0142y polskie ludowe piosenki, zwyczaje i tradycje.<\/p>\n<p>Ca\u0142a impreza trwa\u0142a do p\u00f3\u017anej nocy.<\/p>\n<p style=\"text-align: center;\"><span style=\"color: #ff0000;\"><em>A ja, chocia\u017c wtedy tam nie by\u0142am, pysznego jad\u0142a nie pr\u00f3bowa\u0142am <\/em><\/span><\/p>\n<p style=\"text-align: center;\"><span style=\"color: #ff0000;\"><em>i wina nie pi\u0142am, wszystko dok\u0142adnie z opowiada\u0144 zas\u0142ysza\u0142am i tu w\u0142a\u015bnie opisa\u0142am!<\/em><\/span><\/p>\n<p><strong>SADOWNE &#8211;\u00a0<\/strong><strong>FESTYN WAKACYJNY<\/strong><\/p>\n<p><strong>12 lipca 2015,<\/strong> od po\u0142udnia na placu targowym w Sadownem zacz\u0119li gromadzi\u0107 si\u0119 uczestnicy Festynu Wakacyjnego. Pierwsza cz\u0119\u015b\u0107 Festynu, kt\u00f3r\u0105 prowadzi\u0142 wodzirej \u2013 p. Micha\u0142 Rokicki, to prezentacja Gminy i nawi\u0105zanie do tradycji regionu oraz zabawy dla dzieci.<\/p>\n<p>Na skwerku dost\u0119pna by\u0142a wystawa obrazuj\u0105ca wyniki ostatnich wydarze\u0144 i inwestycji na terenie gminy Sadowne.<\/p>\n<p>Po rozpocz\u0119ciu imprezy kolejno prezentowa\u0142y swoje umiej\u0119tno\u015bci zespo\u0142y ludowe:<\/p>\n<p>&#8211; \u201eKapela \u0141ochowska\u201d,<\/p>\n<p>&#8211; \u201eGwizdalanki\u201d,<\/p>\n<p>&#8211; \u00a0Zesp\u00f3\u0142 \u015apiewaczy \u201eSadowianki,<\/p>\n<div id=\"attachment_15809\" style=\"width: 616px\" class=\"wp-caption aligncenter\"><img loading=\"lazy\" decoding=\"async\" aria-describedby=\"caption-attachment-15809\" class=\"wp-image-15809 size-full\" src=\"http:\/\/info.sadowne.pl\/wp-content\/uploads\/2017\/05\/sad235.jpg\" alt=\"\" width=\"606\" height=\"224\" srcset=\"https:\/\/info.sadowne.pl\/wp-content\/uploads\/2017\/05\/sad235.jpg 606w, https:\/\/info.sadowne.pl\/wp-content\/uploads\/2017\/05\/sad235-300x111.jpg 300w\" sizes=\"auto, (max-width: 606px) 100vw, 606px\" \/><p id=\"caption-attachment-15809\" class=\"wp-caption-text\">,,Gwizdalanki\u201d \u2013 z miejscowo\u015bci Gwizda\u0142y ko\u0142o \u0141ochowa<\/p><\/div>\n<p>&nbsp;<\/p>\n<div id=\"attachment_15810\" style=\"width: 592px\" class=\"wp-caption aligncenter\"><img loading=\"lazy\" decoding=\"async\" aria-describedby=\"caption-attachment-15810\" class=\"wp-image-15810 size-full\" src=\"http:\/\/info.sadowne.pl\/wp-content\/uploads\/2017\/05\/sad236.jpg\" alt=\"\" width=\"582\" height=\"259\" srcset=\"https:\/\/info.sadowne.pl\/wp-content\/uploads\/2017\/05\/sad236.jpg 582w, https:\/\/info.sadowne.pl\/wp-content\/uploads\/2017\/05\/sad236-300x134.jpg 300w\" sizes=\"auto, (max-width: 582px) 100vw, 582px\" \/><p id=\"caption-attachment-15810\" class=\"wp-caption-text\">Zesp\u00f3\u0142 \u015apiewaczy SADOWIANKI<\/p><\/div>\n<p>&nbsp;<\/p>\n<p>Bezpo\u015brednio po wyst\u0119pach zespo\u0142\u00f3w ludowych mogli\u015bmy obejrze\u0107 prezentacj\u0119 taneczn\u0105 m\u0142odzie\u017cowego zgrupowania Neon Pink z Zespo\u0142u Szkolno \u2013 Przedszkolnego w Grabinach. By\u0142y te\u017c zabawy dla dzieci, kt\u00f3re przygotowali i z udzia\u0142em m\u0142odej publiczno\u015bci przeprowadzili animatorzy tej sztuki DeeDee &amp; Tonio.<\/p>\n<div id=\"attachment_15811\" style=\"width: 615px\" class=\"wp-caption aligncenter\"><img loading=\"lazy\" decoding=\"async\" aria-describedby=\"caption-attachment-15811\" class=\"wp-image-15811 size-full\" src=\"http:\/\/info.sadowne.pl\/wp-content\/uploads\/2017\/05\/sad237.jpg\" alt=\"\" width=\"605\" height=\"304\" srcset=\"https:\/\/info.sadowne.pl\/wp-content\/uploads\/2017\/05\/sad237.jpg 605w, https:\/\/info.sadowne.pl\/wp-content\/uploads\/2017\/05\/sad237-300x151.jpg 300w\" sizes=\"auto, (max-width: 605px) 100vw, 605px\" \/><p id=\"caption-attachment-15811\" class=\"wp-caption-text\">Andrzej Olton, Zbyszek Danaj, Krysia Wetoszka, Andrzej Budek i Ania Chojecka<\/p><\/div>\n<p>&nbsp;<\/p>\n<div id=\"attachment_15812\" style=\"width: 595px\" class=\"wp-caption aligncenter\"><img loading=\"lazy\" decoding=\"async\" aria-describedby=\"caption-attachment-15812\" class=\"wp-image-15812 size-full\" src=\"http:\/\/info.sadowne.pl\/wp-content\/uploads\/2017\/05\/sad238.jpg\" alt=\"\" width=\"585\" height=\"370\" srcset=\"https:\/\/info.sadowne.pl\/wp-content\/uploads\/2017\/05\/sad238.jpg 585w, https:\/\/info.sadowne.pl\/wp-content\/uploads\/2017\/05\/sad238-300x190.jpg 300w\" sizes=\"auto, (max-width: 585px) 100vw, 585px\" \/><p id=\"caption-attachment-15812\" class=\"wp-caption-text\">W\u00f3jt gminy Sadowne p. Waldemar Cyran wraz z dyr. GOK-u p. Ew\u0105 Pi\u00f3rkowsk\u0105 podzi\u0119kowali SADOWIANKOM za u\u015bwietnienie wyst\u0119pem festynu a nast\u0119pnie wsp\u00f3lnie z zespo\u0142em za\u015bpiewali piosenk\u0119 pt. ,,Polskie Kwiaty\u201d<\/p><\/div>\n<p>&nbsp;<\/p>\n<div id=\"attachment_15813\" style=\"width: 549px\" class=\"wp-caption aligncenter\"><img loading=\"lazy\" decoding=\"async\" aria-describedby=\"caption-attachment-15813\" class=\"wp-image-15813 size-full\" src=\"http:\/\/info.sadowne.pl\/wp-content\/uploads\/2017\/05\/sad239.jpg\" alt=\"\" width=\"539\" height=\"345\" srcset=\"https:\/\/info.sadowne.pl\/wp-content\/uploads\/2017\/05\/sad239.jpg 539w, https:\/\/info.sadowne.pl\/wp-content\/uploads\/2017\/05\/sad239-300x192.jpg 300w\" sizes=\"auto, (max-width: 539px) 100vw, 539px\" \/><p id=\"caption-attachment-15813\" class=\"wp-caption-text\">Przed godz. 1600 dokonano uroczystego otwarcia Festynu. W imieniu organizator\u00f3w uczestnik\u00f3w Festynu powita\u0142 w\u0142a\u015bnie W\u00f3jt Gminy Sadowne \u2013 p. Waldemar Cyran i Dyrektor Gminnego O\u015brodka Kultury w Sadownem \u2013 p. Ewa Pi\u00f3rkowska<\/p><\/div>\n<p>Popo\u0142udnie przeznaczone zosta\u0142o na wyst\u0119py zespo\u0142\u00f3w prezentuj\u0105cych muzyk\u0119 m\u0142odzie\u017cow\u0105 i disco polo. T\u0119 cz\u0119\u015b\u0107 Festynu rozpocz\u0105\u0142 koncertem Zesp\u00f3\u0142 FAJTERS, a przerywnikiem przed kolejn\u0105 fal\u0105 muzyki by\u0142 pokaz sokolnika.<\/p>\n<p>T\u0142umy fan\u00f3w muzyki zosta\u0142y w ko\u0144cu usatysfakcjonowane \u2013 ze sceny g\u0142o\u015bno rozbrzmia\u0142 Zesp\u00f3\u0142 REAVEN, po nim znany nam ju\u017c wcze\u015bniej \u2013 SAMI SWOI, a\u017c w ko\u0144cu pojawi\u0142 si\u0119 <strong>Zenek Martyniuk i Zesp\u00f3\u0142 AKCENT.<\/strong><\/p>\n<p>Widzowie, jak to podczas ka\u017cdego wyst\u0119pu p. Zenka oszaleli\u2026<\/p>\n<p>A\u017c szkoda by\u0142o ko\u0144czy\u0107 t\u0119 zabaw\u0119 i wraca\u0107 do domu, ale\u2026 mo\u017ce spotkamy si\u0119 na podobnej imprezie za rok. Dzi\u0119kujemy organizatorom za jej przygotowanie\u2026<\/p>\n<p>Sadowne jeszcze chyba takich t\u0142um\u00f3w nie widzia\u0142o.<\/p>\n<p>Wszystkie ulice zastawione by\u0142y samochodami os\u00f3b przyby\u0142ych na koncert AKCENTU.<\/p>\n<p><strong>\u00a0SADOWNE &#8211;\u00a0<\/strong><strong>GMINNO \u2013 PARAFIALNE DO\u017bYNKI<\/strong><\/p>\n<p><strong><img loading=\"lazy\" decoding=\"async\" class=\"alignleft size-full wp-image-15815\" src=\"http:\/\/info.sadowne.pl\/wp-content\/uploads\/2017\/05\/sad240.jpg\" alt=\"\" width=\"152\" height=\"66\" \/>15 sierpnia w Sadownem odby\u0142y si\u0119 gminno-parafialne do\u017cynki. Rolnicy z ca\u0142ej gminy zaprezentowali ponad 20 wie\u0144c\u00f3w do\u017cynkowych.<\/strong><\/p>\n<p><strong><em>Internet na temat Do\u017cynek:<\/em><\/strong><br \/>\n<em>\u201e<\/em><strong>Do\u017cynki<\/strong><em>, \u015awi\u0119to Plon\u00f3w, Wie\u0144ce<\/em><em> \u2013 ludowe \u015bwi\u0119to po\u0142\u0105czone <\/em><em>z obrz\u0119dami dzi\u0119kczynnymi za uko\u0144czenie \u017cniw i prac polowych. W czasach przedchrze\u015bcija\u0144skich \u2013 etniczne \u015bwi\u0119to s\u0142owia\u0144skie, przypadaj\u0105ce w okresie r\u00f3wnonocy jesiennej (23 wrze\u015bnia). Wsp\u00f3\u0142cze\u015bnie obchodzone zwykle w jedn\u0105 z niedziel wrze\u015bnia po zako\u0144czeniu \u017cniw. <\/em><em>Zwyczaj ten, praktykowany przez S\u0142owian i plemiona ba\u0142tyckie, <\/em><em>w r\u00f3\u017cnych stronach Polski okre\u015blany by\u0142, jako wy\u017cynki, obrzynki, wieniec, wie\u0144cowe, okr\u0119\u017cne.<\/em> <em>Na \u015al\u0105sku opolskim nazywane \u017cniwniok. <\/em><\/p>\n<p><em>Obrz\u0119d do\u017cynek prawdopodobnie zwi\u0105zany by\u0142 pierwotnie z kultem ro\u015blin i drzew, potem z pierwotnym rolnictwem. Wraz z rozwojem gospodarki folwarczno-dworskiej w XVI wieku do\u017cynki zago\u015bci\u0142y na dworach maj\u0105tk\u00f3w ziemskich. Urz\u0105dzano je dla \u017cniwiarzy (s\u0142u\u017cby folwarcznej i pracownik\u00f3w najemnych) w nagrod\u0119 za wykonan\u0105 prac\u0119 przy \u017cniwach i zebrane plony.\u201d<\/em><\/p>\n<div id=\"attachment_15816\" style=\"width: 614px\" class=\"wp-caption aligncenter\"><img loading=\"lazy\" decoding=\"async\" aria-describedby=\"caption-attachment-15816\" class=\"wp-image-15816 size-full\" src=\"http:\/\/info.sadowne.pl\/wp-content\/uploads\/2017\/05\/sad241.jpg\" alt=\"\" width=\"604\" height=\"306\" srcset=\"https:\/\/info.sadowne.pl\/wp-content\/uploads\/2017\/05\/sad241.jpg 604w, https:\/\/info.sadowne.pl\/wp-content\/uploads\/2017\/05\/sad241-300x152.jpg 300w\" sizes=\"auto, (max-width: 604px) 100vw, 604px\" \/><p id=\"caption-attachment-15816\" class=\"wp-caption-text\">Pa\u0144stwo Aneta i Adam Oltonowie z Sadownego \u2013 Starostowie Do\u017cynek<\/p><\/div>\n<p>&nbsp;<\/p>\n<p>Ju\u017c od 10 lat prowadz\u0105 gospodarstwo rolne wielopokoleniowe. Jest ono ukierunkowane na hodowl\u0119 byd\u0142a mlecznego. Za nimi z koszem chleba stoj\u0105 Bogusia i Zbyszek Danajowie i pozosta\u0142e <strong>SADOWIANKI.<\/strong><\/p>\n<div id=\"attachment_15817\" style=\"width: 579px\" class=\"wp-caption aligncenter\"><img loading=\"lazy\" decoding=\"async\" aria-describedby=\"caption-attachment-15817\" class=\"wp-image-15817 size-full\" src=\"http:\/\/info.sadowne.pl\/wp-content\/uploads\/2017\/05\/sad242.jpg\" alt=\"\" width=\"569\" height=\"348\" srcset=\"https:\/\/info.sadowne.pl\/wp-content\/uploads\/2017\/05\/sad242.jpg 569w, https:\/\/info.sadowne.pl\/wp-content\/uploads\/2017\/05\/sad242-300x183.jpg 300w\" sizes=\"auto, (max-width: 569px) 100vw, 569px\" \/><p id=\"caption-attachment-15817\" class=\"wp-caption-text\">Pani Aneta Olton z Sadownego \u2013 Staro\u015bcina Do\u017cynek. Obok SADOWIANKI -Tereska Piwek, Henia Kibart, Basia Wr\u00f3bel<\/p><\/div>\n<div id=\"attachment_15818\" style=\"width: 592px\" class=\"wp-caption aligncenter\"><img loading=\"lazy\" decoding=\"async\" aria-describedby=\"caption-attachment-15818\" class=\"wp-image-15818 size-full\" src=\"http:\/\/info.sadowne.pl\/wp-content\/uploads\/2017\/05\/sad243.jpg\" alt=\"\" width=\"582\" height=\"329\" srcset=\"https:\/\/info.sadowne.pl\/wp-content\/uploads\/2017\/05\/sad243.jpg 582w, https:\/\/info.sadowne.pl\/wp-content\/uploads\/2017\/05\/sad243-300x170.jpg 300w\" sizes=\"auto, (max-width: 582px) 100vw, 582px\" \/><p id=\"caption-attachment-15818\" class=\"wp-caption-text\">Wej\u015bcie do ko\u015bcio\u0142a<\/p><\/div>\n<div id=\"attachment_15819\" style=\"width: 615px\" class=\"wp-caption aligncenter\"><img loading=\"lazy\" decoding=\"async\" aria-describedby=\"caption-attachment-15819\" class=\"wp-image-15819 size-full\" src=\"http:\/\/info.sadowne.pl\/wp-content\/uploads\/2017\/05\/sad244.jpg\" alt=\"\" width=\"605\" height=\"303\" srcset=\"https:\/\/info.sadowne.pl\/wp-content\/uploads\/2017\/05\/sad244.jpg 605w, https:\/\/info.sadowne.pl\/wp-content\/uploads\/2017\/05\/sad244-300x150.jpg 300w\" sizes=\"auto, (max-width: 605px) 100vw, 605px\" \/><p id=\"caption-attachment-15819\" class=\"wp-caption-text\">Nasi rolnicy zaprezentowali okaza\u0142e i misternie wykonane wie\u0144ce do\u017cynkowe<\/p><\/div>\n<p>Po mszy \u015bw. ulicami Sadownego przeszed\u0142 barwny korow\u00f3d \u00a0z wie\u0144cami do\u017cynkowymi niesionymi przez przedstawicieli poszczeg\u00f3lnych wsi.<\/p>\n<div id=\"attachment_15820\" style=\"width: 612px\" class=\"wp-caption aligncenter\"><img loading=\"lazy\" decoding=\"async\" aria-describedby=\"caption-attachment-15820\" class=\"wp-image-15820 size-full\" src=\"http:\/\/info.sadowne.pl\/wp-content\/uploads\/2017\/05\/sad245.jpg\" alt=\"\" width=\"602\" height=\"400\" srcset=\"https:\/\/info.sadowne.pl\/wp-content\/uploads\/2017\/05\/sad245.jpg 602w, https:\/\/info.sadowne.pl\/wp-content\/uploads\/2017\/05\/sad245-300x199.jpg 300w\" sizes=\"auto, (max-width: 602px) 100vw, 602px\" \/><p id=\"caption-attachment-15820\" class=\"wp-caption-text\">W korowodzie do\u017cynkowym sz\u0142y r\u00f3wnie\u017c Sadowianki, kt\u00f3re \u015bpiewa\u0142y stare do\u017cynkowe pie\u015bni<\/p><\/div>\n<div id=\"attachment_15821\" style=\"width: 610px\" class=\"wp-caption aligncenter\"><img loading=\"lazy\" decoding=\"async\" aria-describedby=\"caption-attachment-15821\" class=\"wp-image-15821 size-full\" src=\"http:\/\/info.sadowne.pl\/wp-content\/uploads\/2017\/05\/sad246.jpg\" alt=\"\" width=\"600\" height=\"273\" srcset=\"https:\/\/info.sadowne.pl\/wp-content\/uploads\/2017\/05\/sad246.jpg 600w, https:\/\/info.sadowne.pl\/wp-content\/uploads\/2017\/05\/sad246-300x137.jpg 300w\" sizes=\"auto, (max-width: 600px) 100vw, 600px\" \/><p id=\"caption-attachment-15821\" class=\"wp-caption-text\">W wie\u0144cach tych skry\u0142a si\u0119 rado\u015b\u0107 i wdzi\u0119czno\u015b\u0107 za tegoroczne zbiory oraz przywi\u0105zanie naszych mieszka\u0144c\u00f3w do starych, a jak\u017ce pi\u0119knych tradycji i ziemi drogiej ka\u017cdemu rolnikowi<\/p><\/div>\n<p>&nbsp;<\/p>\n<div id=\"attachment_15822\" style=\"width: 612px\" class=\"wp-caption aligncenter\"><img loading=\"lazy\" decoding=\"async\" aria-describedby=\"caption-attachment-15822\" class=\"wp-image-15822 size-full\" src=\"http:\/\/info.sadowne.pl\/wp-content\/uploads\/2017\/05\/sad247.jpg\" alt=\"\" width=\"602\" height=\"285\" srcset=\"https:\/\/info.sadowne.pl\/wp-content\/uploads\/2017\/05\/sad247.jpg 602w, https:\/\/info.sadowne.pl\/wp-content\/uploads\/2017\/05\/sad247-300x142.jpg 300w\" sizes=\"auto, (max-width: 602px) 100vw, 602px\" \/><p id=\"caption-attachment-15822\" class=\"wp-caption-text\">Wszyscy zatrzymali si\u0119 na placu przed scen\u0105, gdzie odby\u0142a si\u0119 dalsza uroczysto\u015b\u0107<\/p><\/div>\n<p>&nbsp;<\/p>\n<p><img loading=\"lazy\" decoding=\"async\" class=\"aligncenter size-full wp-image-15814\" src=\"http:\/\/info.sadowne.pl\/wp-content\/uploads\/2017\/05\/sad248.jpg\" alt=\"\" width=\"256\" height=\"197\" \/><\/p>\n<p><img loading=\"lazy\" decoding=\"async\" class=\"aligncenter size-full wp-image-15823\" src=\"http:\/\/info.sadowne.pl\/wp-content\/uploads\/2017\/05\/sad249.jpg\" alt=\"\" width=\"601\" height=\"295\" srcset=\"https:\/\/info.sadowne.pl\/wp-content\/uploads\/2017\/05\/sad249.jpg 601w, https:\/\/info.sadowne.pl\/wp-content\/uploads\/2017\/05\/sad249-300x147.jpg 300w\" sizes=\"auto, (max-width: 601px) 100vw, 601px\" \/><\/p>\n<p><strong>\u2013 <\/strong>\u00a0<strong>Do\u017cynki<\/strong> to nasza najpi\u0119kniejsza narodowa tradycja. Na przestrzeni wiek\u00f3w obrz\u0119dy do\u017cynkowe zmienia\u0142y sw\u00f3j charakter, jednak tak dawniej, jak i dzi\u015b s\u0105 one wa\u017cne dla wszystkich, bo przypominaj\u0105, \u017ce to w\u0142a\u015bnie dzi\u0119ki ci\u0119\u017ckiej pracy rolnika na nasze sto\u0142y codziennie trafia chleb <strong>\u2013<\/strong> powiedzia\u0142 <strong>w\u00f3jt gminy Sadowne, p. Waldemar Cyran<\/strong> podczas oficjalnego rozpocz\u0119cia uroczysto\u015bci. Pan W\u00f3jt wspomnia\u0142, i\u017c w\u0142a\u015bnie praca rolnika jest podstaw\u0105 ludzkiej egzystencji.<\/p>\n<p><strong>\u2013 R\u00f3wnie\u017c ja jestem rolnikiem i wiem jak ta ci\u0119\u017cka praca wygl\u0105da. Chyl\u0119 przed wami czo\u0142a, drodzy rolnicy \u2013 doda\u0142 w\u00f3jt naszej gminy p.\u00a0<\/strong><strong>Waldemar Cyran.<\/strong><\/p>\n<div id=\"attachment_15824\" style=\"width: 550px\" class=\"wp-caption aligncenter\"><img loading=\"lazy\" decoding=\"async\" aria-describedby=\"caption-attachment-15824\" class=\"wp-image-15824 size-full\" src=\"http:\/\/info.sadowne.pl\/wp-content\/uploads\/2017\/05\/sad250.jpg\" alt=\"\" width=\"540\" height=\"288\" srcset=\"https:\/\/info.sadowne.pl\/wp-content\/uploads\/2017\/05\/sad250.jpg 540w, https:\/\/info.sadowne.pl\/wp-content\/uploads\/2017\/05\/sad250-300x160.jpg 300w\" sizes=\"auto, (max-width: 540px) 100vw, 540px\" \/><p id=\"caption-attachment-15824\" class=\"wp-caption-text\">Pose\u0142 na Sejm RP- p. Grzegorz Wo\u017aniak, Ania Chojecka, Basia Wr\u00f3bel, Henia Kibart, Marysia Szymanik i Tereska Piwek<\/p><\/div>\n<div id=\"attachment_15825\" style=\"width: 612px\" class=\"wp-caption aligncenter\"><img loading=\"lazy\" decoding=\"async\" aria-describedby=\"caption-attachment-15825\" class=\"wp-image-15825 size-full\" src=\"http:\/\/info.sadowne.pl\/wp-content\/uploads\/2017\/05\/sad251.jpg\" alt=\"\" width=\"602\" height=\"400\" srcset=\"https:\/\/info.sadowne.pl\/wp-content\/uploads\/2017\/05\/sad251.jpg 602w, https:\/\/info.sadowne.pl\/wp-content\/uploads\/2017\/05\/sad251-300x199.jpg 300w\" sizes=\"auto, (max-width: 602px) 100vw, 602px\" \/><p id=\"caption-attachment-15825\" class=\"wp-caption-text\">Gospodarz Do\u017cynek W\u00f3jt Gminy Sadowne p. Waldemar Cyran z \u017con\u0105 Katarzyn\u0105 tradycyjnie dziel\u0105 si\u0119 chlebem z p. Senator Mari\u0105 Koc, p. Pos\u0142em na Sejm RP Grzegorzem Wo\u017aniakiem i wszystkimi zebranymi na tej uroczysto\u015bci<\/p><\/div>\n<p>&nbsp;<\/p>\n<p><strong><img loading=\"lazy\" decoding=\"async\" class=\"aligncenter size-full wp-image-15826\" src=\"http:\/\/info.sadowne.pl\/wp-content\/uploads\/2017\/05\/sad252.jpg\" alt=\"\" width=\"573\" height=\"359\" srcset=\"https:\/\/info.sadowne.pl\/wp-content\/uploads\/2017\/05\/sad252.jpg 573w, https:\/\/info.sadowne.pl\/wp-content\/uploads\/2017\/05\/sad252-300x188.jpg 300w\" sizes=\"auto, (max-width: 573px) 100vw, 573px\" \/><\/strong><\/p>\n<div id=\"attachment_15827\" style=\"width: 555px\" class=\"wp-caption aligncenter\"><img loading=\"lazy\" decoding=\"async\" aria-describedby=\"caption-attachment-15827\" class=\"wp-image-15827 size-full\" src=\"http:\/\/info.sadowne.pl\/wp-content\/uploads\/2017\/05\/sad253.jpg\" alt=\"\" width=\"545\" height=\"439\" srcset=\"https:\/\/info.sadowne.pl\/wp-content\/uploads\/2017\/05\/sad253.jpg 545w, https:\/\/info.sadowne.pl\/wp-content\/uploads\/2017\/05\/sad253-300x242.jpg 300w\" sizes=\"auto, (max-width: 545px) 100vw, 545px\" \/><p id=\"caption-attachment-15827\" class=\"wp-caption-text\">Pose\u0142 na Sejm RP &#8211; p. Grzegorz Wo\u017aniak, Senator &#8211; p. Maria Koc, Cz\u0142onek Zarz\u0105du woj. Mazowieckiego &#8211; p. El\u017cbieta Lanc, Starosta w\u0119growski &#8211; p. Krzysztof Fedorczyk<\/p><\/div>\n<p>W wydarzeniu udzia\u0142 wzi\u0119\u0142o wielu samorz\u0105dowc\u00f3w i polityk\u00f3w. Obecna by\u0142a tak\u017ce pochodz\u0105ca z Sadownego cz\u0142onek zarz\u0105du wojew\u00f3dztwa mazowieckiego El\u017cbieta Lanc, kt\u00f3ra powiedzia\u0142a, \u017ce do\u017cynki s\u0105 doskona\u0142\u0105 okazj\u0105, aby podzi\u0119kowa\u0107 wszystkim rolnikom za trud, wysi\u0142ek i ka\u017cd\u0105 kropl\u0119 potu, kt\u00f3r\u0105 wk\u0142adaj\u0105 w to, by\u00a0ziemia sadowie\u0144ska wydawa\u0142a jak najlepsze plony.<br \/>\n<strong>\u2013<\/strong> Wasz pot i wasza praca jest ukoronowaniem tego, co mo\u017cna z naszej ziemi wypracowa\u0107.\u00a0 Wasze do\u017cynkowe wie\u0144ce s\u0105 pi\u0119knym symbolem waszej pracy. Chcia\u0142abym, \u017ceby nikomu z nas, z naszej pi\u0119knej gminy, nigdy nie zabrak\u0142o chleba, \u017ceby\u015bmy si\u0119 tym dobrym chlebem mogli zawsze dzieli\u0107. Jeste\u015bmy jedn\u0105 wielk\u0105 rodzin\u0105, my wszyscy, kt\u00f3rzy dzia\u0142amy na rzecz gminy Sadowne<strong> \u2013<\/strong> <strong>powiedzia\u0142a El\u017cbieta Lanc.<\/strong><\/p>\n<p>Tegoroczne Do\u017cynki przebiega\u0142y pod has\u0142em <strong>\u201eDzi\u0119kujemy rolnikom seniorom\u201d<\/strong>, wi\u0119c na podzi\u0119kowania dla nich tak\u017ce przyszed\u0142 czas. Urz\u0105d Gminy Sadowne przygotowa\u0142 pami\u0105tkowe dyplomy, kt\u00f3re zosta\u0142y wr\u0119czone najbardziej zas\u0142u\u017conym rolnikom z terenu gminy.<\/p>\n<p>Rolnicy otrzymali medale <strong>\u201ePro Masovia\u201d<\/strong>, kt\u00f3re w imieniu marsza\u0142ka wojew\u00f3dztwa wr\u0119czy\u0142a cz\u0142onek zarz\u0105du El\u017cbieta Lanc. Te szczeg\u00f3lne wyr\u00f3\u017cnienia trafi\u0142y do <strong>Zespo\u0142u \u015apiewaczego \u201eSadowianki\u201d<\/strong>, Przedsi\u0119biorstwa Produkcyjno &#8211; Us\u0142ugowo-Handlowego \u201eDREW POL\u201d Marek Pu\u015bcion \u2013 P\u0142atkownica, Zak\u0142adu Produkcji Maszyn Rolniczych \u201ePROMAR\u201d Dariusz Nowak \u2013 Z\u0142otki i Zak\u0142adu Handlowo-Produkcyjnego \u201e AGROLA\u201d Zdzis\u0142aw Niegowski \u2013 P\u0142atkownica.<\/p>\n<div id=\"attachment_15828\" style=\"width: 615px\" class=\"wp-caption aligncenter\"><img loading=\"lazy\" decoding=\"async\" aria-describedby=\"caption-attachment-15828\" class=\"wp-image-15828 size-full\" src=\"http:\/\/info.sadowne.pl\/wp-content\/uploads\/2017\/05\/sad254.jpg\" alt=\"\" width=\"605\" height=\"403\" srcset=\"https:\/\/info.sadowne.pl\/wp-content\/uploads\/2017\/05\/sad254.jpg 605w, https:\/\/info.sadowne.pl\/wp-content\/uploads\/2017\/05\/sad254-300x200.jpg 300w\" sizes=\"auto, (max-width: 605px) 100vw, 605px\" \/><p id=\"caption-attachment-15828\" class=\"wp-caption-text\">Cz\u0142onkini zarz\u0105du wojew\u00f3dztwa mazowieckiego p. El\u017cbieta Lanc prezentuje najwy\u017csze odznaczenie przyznawane przez Marsza\u0142ka Wojew\u00f3dztwa Mazowieckiego \u2013 ,,Pro Masovia\u201d.<\/p><\/div>\n<p>&nbsp;<\/p>\n<div id=\"attachment_15829\" style=\"width: 612px\" class=\"wp-caption aligncenter\"><img loading=\"lazy\" decoding=\"async\" aria-describedby=\"caption-attachment-15829\" class=\"wp-image-15829 size-full\" src=\"http:\/\/info.sadowne.pl\/wp-content\/uploads\/2017\/05\/sad255.jpg\" alt=\"\" width=\"602\" height=\"312\" srcset=\"https:\/\/info.sadowne.pl\/wp-content\/uploads\/2017\/05\/sad255.jpg 602w, https:\/\/info.sadowne.pl\/wp-content\/uploads\/2017\/05\/sad255-300x155.jpg 300w\" sizes=\"auto, (max-width: 602px) 100vw, 602px\" \/><p id=\"caption-attachment-15829\" class=\"wp-caption-text\">Minister Rolnictwa i Rozwoju Wsi p. Marek Sawicki i zas\u0142u\u017ceni rolnicy gminy Sadowne<\/p><\/div>\n<p>&nbsp;<\/p>\n<p><strong>Pan Marek Sawicki &#8211;<\/strong> minister rolnictwa i rozwoju wsi &#8211; odznaczy\u0142 dziewi\u0119ciu zas\u0142u\u017conych rolnik\u00f3w z terenu naszej gminy .<\/p>\n<p>Wyr\u00f3\u017cnienia otrzymali: Andrzej Wrzosek, Tadeusz Wierzbicki, Waldemar Cyran, Marek Gajewski, Robert D\u0119bkowski, Marek Zas\u0142ona, Tomasz Szymanik, S\u0142awomir Wycech i Henryka Sk\u0142adanek.<\/p>\n<div id=\"attachment_15830\" style=\"width: 615px\" class=\"wp-caption aligncenter\"><img loading=\"lazy\" decoding=\"async\" aria-describedby=\"caption-attachment-15830\" class=\"wp-image-15830 size-full\" src=\"http:\/\/info.sadowne.pl\/wp-content\/uploads\/2017\/05\/sad256.jpg\" alt=\"\" width=\"605\" height=\"403\" srcset=\"https:\/\/info.sadowne.pl\/wp-content\/uploads\/2017\/05\/sad256.jpg 605w, https:\/\/info.sadowne.pl\/wp-content\/uploads\/2017\/05\/sad256-300x200.jpg 300w\" sizes=\"auto, (max-width: 605px) 100vw, 605px\" \/><p id=\"caption-attachment-15830\" class=\"wp-caption-text\">Minister Rolnictwa i Rozwoju Wsi p. Marek Sawicki w asy\u015bcie Starosty W\u0119growskiego p. Krzysztofa Fedorczyka przypina odznaczenie naszemu w\u00f3jtowi &#8211; p. Waldemarowi Cyranowi<\/p><\/div>\n<div id=\"attachment_15831\" style=\"width: 615px\" class=\"wp-caption aligncenter\"><img loading=\"lazy\" decoding=\"async\" aria-describedby=\"caption-attachment-15831\" class=\"wp-image-15831 size-full\" src=\"http:\/\/info.sadowne.pl\/wp-content\/uploads\/2017\/05\/sad257.jpg\" alt=\"\" width=\"605\" height=\"403\" srcset=\"https:\/\/info.sadowne.pl\/wp-content\/uploads\/2017\/05\/sad257.jpg 605w, https:\/\/info.sadowne.pl\/wp-content\/uploads\/2017\/05\/sad257-300x200.jpg 300w\" sizes=\"auto, (max-width: 605px) 100vw, 605px\" \/><p id=\"caption-attachment-15831\" class=\"wp-caption-text\">Pani senator Maria Koc i zas\u0142u\u017ceni rolnicy gminy Sadowne<\/p><\/div>\n<p>&nbsp;<\/p>\n<div id=\"attachment_15832\" style=\"width: 615px\" class=\"wp-caption aligncenter\"><img loading=\"lazy\" decoding=\"async\" aria-describedby=\"caption-attachment-15832\" class=\"wp-image-15832 size-full\" src=\"http:\/\/info.sadowne.pl\/wp-content\/uploads\/2017\/05\/sad258.jpg\" alt=\"\" width=\"605\" height=\"403\" srcset=\"https:\/\/info.sadowne.pl\/wp-content\/uploads\/2017\/05\/sad258.jpg 605w, https:\/\/info.sadowne.pl\/wp-content\/uploads\/2017\/05\/sad258-300x200.jpg 300w\" sizes=\"auto, (max-width: 605px) 100vw, 605px\" \/><p id=\"caption-attachment-15832\" class=\"wp-caption-text\">Medal pami\u0105tkowy \u201e PRO MASOVIA\u201d przyznany przez Marsza\u0142ka Wojew\u00f3dztwa Mazowieckiego Adama Struzika otrzymuj\u0105 SADOWIANKI<\/p><\/div>\n<p><strong><img loading=\"lazy\" decoding=\"async\" class=\"aligncenter size-full wp-image-15833\" src=\"http:\/\/info.sadowne.pl\/wp-content\/uploads\/2017\/05\/sad259.jpg\" alt=\"\" width=\"600\" height=\"336\" srcset=\"https:\/\/info.sadowne.pl\/wp-content\/uploads\/2017\/05\/sad259.jpg 600w, https:\/\/info.sadowne.pl\/wp-content\/uploads\/2017\/05\/sad259-300x168.jpg 300w\" sizes=\"auto, (max-width: 600px) 100vw, 600px\" \/><\/strong><\/p>\n<p style=\"text-align: center;\"><strong>Medal pami\u0105tkowy,, PRO \u00a0MASOVIA\u201d \u2013 Zesp\u00f3\u0142 \u00a0SADOWIANKI<\/strong><\/p>\n<p style=\"text-align: center;\">\n<img loading=\"lazy\" decoding=\"async\" class=\"aligncenter size-full wp-image-15834\" src=\"http:\/\/info.sadowne.pl\/wp-content\/uploads\/2017\/05\/sad260.jpg\" alt=\"\" width=\"600\" height=\"897\" srcset=\"https:\/\/info.sadowne.pl\/wp-content\/uploads\/2017\/05\/sad260.jpg 600w, https:\/\/info.sadowne.pl\/wp-content\/uploads\/2017\/05\/sad260-201x300.jpg 201w\" sizes=\"auto, (max-width: 600px) 100vw, 600px\" \/><\/p>\n<p>&nbsp;<\/p>\n<p><img loading=\"lazy\" decoding=\"async\" class=\"aligncenter size-full wp-image-15835\" src=\"http:\/\/info.sadowne.pl\/wp-content\/uploads\/2017\/05\/sad261.jpg\" alt=\"\" width=\"595\" height=\"676\" srcset=\"https:\/\/info.sadowne.pl\/wp-content\/uploads\/2017\/05\/sad261.jpg 595w, https:\/\/info.sadowne.pl\/wp-content\/uploads\/2017\/05\/sad261-264x300.jpg 264w\" sizes=\"auto, (max-width: 595px) 100vw, 595px\" \/><\/p>\n<p style=\"text-align: center;\"><strong>\u00a0\u00a0\u00a0<\/strong> <strong>Medal Pami\u0105tkowy Pro Masovia dla SADOWIANEK<\/strong><\/p>\n<div id=\"attachment_15836\" style=\"width: 615px\" class=\"wp-caption aligncenter\"><img loading=\"lazy\" decoding=\"async\" aria-describedby=\"caption-attachment-15836\" class=\"wp-image-15836 size-full\" src=\"http:\/\/info.sadowne.pl\/wp-content\/uploads\/2017\/05\/sad262.jpg\" alt=\"\" width=\"605\" height=\"403\" srcset=\"https:\/\/info.sadowne.pl\/wp-content\/uploads\/2017\/05\/sad262.jpg 605w, https:\/\/info.sadowne.pl\/wp-content\/uploads\/2017\/05\/sad262-300x200.jpg 300w\" sizes=\"auto, (max-width: 605px) 100vw, 605px\" \/><p id=\"caption-attachment-15836\" class=\"wp-caption-text\">SADOWIANKI w do\u017cynkowym repertuarze<\/p><\/div>\n<p style=\"text-align: center;\">\n<p>W konkursie na najpi\u0119kniejszy wieniec do\u017cynkowy pierwsze miejsce zaj\u0119\u0142o so\u0142ectwo Zalesie, drugie \u2013 P\u0142atkownica, trzecie \u2013 Kolonia Z\u0142otki.\u00a0Do\u017cynkom towarzyszy\u0142 kiermasz sztuki ludowej i wiele innych atrakcji.<\/p>\n<p><strong>\u0179r\u00f3d\u0142o:<\/strong>\u00a0SADOWIANKI, Barbara Wr\u00f3bel, Sadowne 2017 (kronika dost\u0119pna w zbiorach GOK Sadowne)<\/p>\n<p>&nbsp;<\/p>\n","protected":false},"excerpt":{"rendered":"<p>Agroturystyka &#8211;\u00a0 &#8222;Przy lesie &#8211; Na G\u00f3rce&#8221;- Piotr Olkowski.<\/p>\n","protected":false},"author":1,"featured_media":0,"comment_status":"closed","ping_status":"closed","sticky":false,"template":"","format":"standard","meta":{"footnotes":""},"categories":[5,31,1202],"tags":[101,960],"class_list":["post-15807","post","type-post","status-publish","format-standard","hentry","category-newsy","category-historia-gminy","category-zespol-spiewaczy-sadowianki","tag-historia-gminy-sadowne","tag-zespol-spiewaczy-sadowianki"],"views":4925,"_links":{"self":[{"href":"https:\/\/info.sadowne.pl\/index.php?rest_route=\/wp\/v2\/posts\/15807","targetHints":{"allow":["GET"]}}],"collection":[{"href":"https:\/\/info.sadowne.pl\/index.php?rest_route=\/wp\/v2\/posts"}],"about":[{"href":"https:\/\/info.sadowne.pl\/index.php?rest_route=\/wp\/v2\/types\/post"}],"author":[{"embeddable":true,"href":"https:\/\/info.sadowne.pl\/index.php?rest_route=\/wp\/v2\/users\/1"}],"replies":[{"embeddable":true,"href":"https:\/\/info.sadowne.pl\/index.php?rest_route=%2Fwp%2Fv2%2Fcomments&post=15807"}],"version-history":[{"count":1,"href":"https:\/\/info.sadowne.pl\/index.php?rest_route=\/wp\/v2\/posts\/15807\/revisions"}],"predecessor-version":[{"id":15837,"href":"https:\/\/info.sadowne.pl\/index.php?rest_route=\/wp\/v2\/posts\/15807\/revisions\/15837"}],"wp:attachment":[{"href":"https:\/\/info.sadowne.pl\/index.php?rest_route=%2Fwp%2Fv2%2Fmedia&parent=15807"}],"wp:term":[{"taxonomy":"category","embeddable":true,"href":"https:\/\/info.sadowne.pl\/index.php?rest_route=%2Fwp%2Fv2%2Fcategories&post=15807"},{"taxonomy":"post_tag","embeddable":true,"href":"https:\/\/info.sadowne.pl\/index.php?rest_route=%2Fwp%2Fv2%2Ftags&post=15807"}],"curies":[{"name":"wp","href":"https:\/\/api.w.org\/{rel}","templated":true}]}}