{"id":15972,"date":"2017-05-30T13:13:10","date_gmt":"2017-05-30T11:13:10","guid":{"rendered":"http:\/\/info.sadowne.pl\/?p=15972"},"modified":"2017-05-30T13:13:10","modified_gmt":"2017-05-30T11:13:10","slug":"sadowianki-osp-szynkarzyzna","status":"publish","type":"post","link":"https:\/\/info.sadowne.pl\/?p=15972","title":{"rendered":"Sadowianki &#8211; OSP Szynkarzyzna"},"content":{"rendered":"<p><strong><img loading=\"lazy\" decoding=\"async\" class=\"alignleft size-full wp-image-15973\" src=\"http:\/\/info.sadowne.pl\/wp-content\/uploads\/2017\/05\/sad263.jpg\" alt=\"\" width=\"96\" height=\"96\" \/>23 sierpnia 2015 roku odby\u0142y si\u0119 uroczyste obchody 50-lecia<\/strong> <strong>Ochotniczej Stra\u017cy Po\u017carnej w Szynkarzy\u017anie.<\/strong><!--more--><\/p>\n<p>Uroczysto\u015b\u0107 rozpocz\u0119\u0142a msza polowa koncelebrowana przez ks. Tomasza Duszkiewicza z miejscowej parafii i ks. Wies\u0142awa Niemyjskiego \u2013 kapelana stra\u017cak\u00f3w i proboszcza parafii pw. Ojca Pio w W\u0119growie.<\/p>\n<p><img loading=\"lazy\" decoding=\"async\" class=\"aligncenter wp-image-15974 size-full\" src=\"http:\/\/info.sadowne.pl\/wp-content\/uploads\/2017\/05\/sad264.jpg\" alt=\"\" width=\"585\" height=\"390\" srcset=\"https:\/\/info.sadowne.pl\/wp-content\/uploads\/2017\/05\/sad264.jpg 585w, https:\/\/info.sadowne.pl\/wp-content\/uploads\/2017\/05\/sad264-300x200.jpg 300w\" sizes=\"auto, (max-width: 585px) 100vw, 585px\" \/><\/p>\n<p style=\"text-align: center;\">Ks. Tomasz Duszkiewicz w asy\u015bcie naszego organisty p. Marcina Bociana.<\/p>\n<p>G\u0142\u00f3wna cz\u0119\u015b\u0107 uroczysto\u015bci odby\u0142a si\u0119 na pi\u0119knym, nowym placu przy remizie OSP, a u\u015bwietnili j\u0105 przybyli go\u015bcie, reprezentuj\u0105cy szczeble w\u0142adzy od poziomu lokalnego, poprzez powiatowy i wojew\u00f3dzki, a ko\u0144cz\u0105c na reprezentantach cz\u0142onk\u00f3w Parlamentu.<\/p>\n<p><img loading=\"lazy\" decoding=\"async\" class=\"aligncenter size-full wp-image-15975\" src=\"http:\/\/info.sadowne.pl\/wp-content\/uploads\/2017\/05\/sad265.jpg\" alt=\"\" width=\"598\" height=\"398\" srcset=\"https:\/\/info.sadowne.pl\/wp-content\/uploads\/2017\/05\/sad265.jpg 598w, https:\/\/info.sadowne.pl\/wp-content\/uploads\/2017\/05\/sad265-300x200.jpg 300w\" sizes=\"auto, (max-width: 598px) 100vw, 598px\" \/><\/p>\n<p>Przybyli mieszka\u0144cy Szynkarzyzny i okolic mieli te\u017c okazj\u0119 obejrze\u0107 fragmenty musztry paradnej gminnych jednostek stra\u017cy i Ko\u0142a \u0141owieckiego LOT, kt\u00f3rych reprezentowa\u0142y poczty sztandarowe.<\/p>\n<p>Uhonorowaniem dzia\u0142alno\u015bci jednostki OSP Szynkarzyzna by\u0142o uroczyste po\u015bwi\u0119cenie remizy i ods\u0142oni\u0119cie tablicy pami\u0105tkowej, a tak\u017ce imienne wyr\u00f3\u017cnienie zas\u0142u\u017conych stra\u017cak\u00f3w oraz os\u00f3b wspieraj\u0105cych stra\u017c w Szynkarzy\u017anie.<\/p>\n<p>Ca\u0142a Jednostka OSP w Szynkarzy\u017anie, za zas\u0142ugi dla wojew\u00f3dztwa mazowieckiego, od tego dnia b\u0119dzie mog\u0142a pochwali\u0107 si\u0119 Medalem Pami\u0105tkowym PRO MASOVIA.<\/p>\n<p style=\"text-align: center;\">\n<img loading=\"lazy\" decoding=\"async\" class=\"aligncenter size-full wp-image-15976\" src=\"http:\/\/info.sadowne.pl\/wp-content\/uploads\/2017\/05\/sad266.jpg\" alt=\"\" width=\"580\" height=\"348\" srcset=\"https:\/\/info.sadowne.pl\/wp-content\/uploads\/2017\/05\/sad266.jpg 580w, https:\/\/info.sadowne.pl\/wp-content\/uploads\/2017\/05\/sad266-300x180.jpg 300w\" sizes=\"auto, (max-width: 580px) 100vw, 580px\" \/><\/p>\n<p style=\"text-align: center;\">\u00a0\u00a0\u00a0\u00a0\u00a0Wojewoda Mazowiecki nie zapomnia\u0142 te\u017c o wyr\u00f3\u017cnieniach dla kliku os\u00f3b wspieraj\u0105cych bra\u0107 stra\u017cack\u0105.<\/p>\n<p style=\"text-align: center;\">\n<img loading=\"lazy\" decoding=\"async\" class=\"aligncenter size-full wp-image-15977\" src=\"http:\/\/info.sadowne.pl\/wp-content\/uploads\/2017\/05\/sad267.jpg\" alt=\"\" width=\"594\" height=\"267\" srcset=\"https:\/\/info.sadowne.pl\/wp-content\/uploads\/2017\/05\/sad267.jpg 594w, https:\/\/info.sadowne.pl\/wp-content\/uploads\/2017\/05\/sad267-300x135.jpg 300w\" sizes=\"auto, (max-width: 594px) 100vw, 594px\" \/><\/p>\n<p>Na zako\u0144czenie uroczysto\u015bci wszyscy przybyli us\u0142yszeli kilka wierszy w wykonaniu miejscowej poetki, p. El\u017cbiety S\u00f3wki, a tak\u017ce specjalny koncert <strong>Zespo\u0142u \u015apiewaczego SADOWIANKI.<\/strong><\/p>\n<div id=\"attachment_15978\" style=\"width: 598px\" class=\"wp-caption aligncenter\"><img loading=\"lazy\" decoding=\"async\" aria-describedby=\"caption-attachment-15978\" class=\"wp-image-15978 size-full\" src=\"http:\/\/info.sadowne.pl\/wp-content\/uploads\/2017\/05\/sad268.jpg\" alt=\"\" width=\"588\" height=\"326\" srcset=\"https:\/\/info.sadowne.pl\/wp-content\/uploads\/2017\/05\/sad268.jpg 588w, https:\/\/info.sadowne.pl\/wp-content\/uploads\/2017\/05\/sad268-300x166.jpg 300w\" sizes=\"auto, (max-width: 588px) 100vw, 588px\" \/><p id=\"caption-attachment-15978\" class=\"wp-caption-text\">Zespo\u0142owi akompaniuje Andrzej Budek<\/p><\/div>\n<p>\u015awi\u0119to zako\u0144czy\u0142o si\u0119 wsp\u00f3lnym biesiadowaniem.<\/p>\n<p><strong><img loading=\"lazy\" decoding=\"async\" class=\"alignleft size-full wp-image-15979\" src=\"http:\/\/info.sadowne.pl\/wp-content\/uploads\/2017\/05\/sad269.jpg\" alt=\"\" width=\"256\" height=\"197\" \/>PROSTY\u0143 &#8211;\u00a0<\/strong><strong>DO\u017bYNKI \u00a0GMINNE<\/strong><\/p>\n<p><strong>Do\u017cynki gminne Ma\u0142kini G\u00f3rnej 2015 odby\u0142y si\u0119 30 sierpnia w Prostyni.<\/strong><\/p>\n<p>Do\u017cynkow\u0105 msz\u0119 \u015bw. dzi\u0119kczynn\u0105 odprawiono 30 sierpnia w samo po\u0142udnie w bazylice w Prostyni. Przewodniczy\u0142 jej ks. kanonik Ryszard Zalewski &#8211; miejscowy proboszcz, a sprawowa\u0142 j\u0105 z kap\u0142anami z obu ma\u0142ki\u0144skich parafii. Co ciekawe, parafia Prosty\u0144 po\u0142o\u017cona jest w diecezji drohiczy\u0144skiej, a parafie ma\u0142ki\u0144skie &#8211; w \u0142om\u017cy\u0144skiej.<\/p>\n<p>Podczas mszy \u015brodek bazyliki zajmowa\u0142o kilkana\u015bcie wie\u0144c\u00f3w do\u017cynkowych przygotowanych przez so\u0142ectwa. Jeden wspanialszy od drugiego, co by\u0142o doskonale wida\u0107 podczas korowodu do\u017cynkowego, poprowadzonego z ko\u015bcio\u0142a na b\u0142onia parafialne przez zesp\u00f3\u0142 Sadowianki z Sadownego oraz starost\u00f3w do\u017cynek Jolant\u0119 Kleszczy\u0144sk\u0105 i Mariusza Rytel &#8211; Andrianika z Prostyni, krocz\u0105cych z du\u017cym bochnem chleba.<\/p>\n<div id=\"attachment_15980\" style=\"width: 605px\" class=\"wp-caption aligncenter\"><img loading=\"lazy\" decoding=\"async\" aria-describedby=\"caption-attachment-15980\" class=\"wp-image-15980 size-full\" src=\"http:\/\/info.sadowne.pl\/wp-content\/uploads\/2017\/05\/sad270.jpg\" alt=\"\" width=\"595\" height=\"446\" srcset=\"https:\/\/info.sadowne.pl\/wp-content\/uploads\/2017\/05\/sad270.jpg 595w, https:\/\/info.sadowne.pl\/wp-content\/uploads\/2017\/05\/sad270-300x225.jpg 300w\" sizes=\"auto, (max-width: 595px) 100vw, 595px\" \/><p id=\"caption-attachment-15980\" class=\"wp-caption-text\">Korow\u00f3d Do\u017cynkowy prowadzony przez zesp\u00f3\u0142 SADOWIANKI<\/p><\/div>\n<p><img loading=\"lazy\" decoding=\"async\" class=\"aligncenter size-full wp-image-15981\" src=\"http:\/\/info.sadowne.pl\/wp-content\/uploads\/2017\/05\/sad271.jpg\" alt=\"\" width=\"595\" height=\"446\" srcset=\"https:\/\/info.sadowne.pl\/wp-content\/uploads\/2017\/05\/sad271.jpg 595w, https:\/\/info.sadowne.pl\/wp-content\/uploads\/2017\/05\/sad271-300x225.jpg 300w\" sizes=\"auto, (max-width: 595px) 100vw, 595px\" \/><\/p>\n<p>Wszystkie wie\u0144ce ustawiono pod scen\u0105. Przez kilka godzin trwa\u0142a biesiada do\u017cynkowa z zespo\u0142ami: Ma\u0142kinianka z Ma\u0142kini, Jarz\u0119bina z Broku, Sadowianki z Sadownego, BezWianka z Ostrowi Mazowieckiej i Cantilena z Ma\u0142kini.<\/p>\n<p><img loading=\"lazy\" decoding=\"async\" class=\"aligncenter size-full wp-image-15982\" src=\"http:\/\/info.sadowne.pl\/wp-content\/uploads\/2017\/05\/sad272.jpg\" alt=\"\" width=\"595\" height=\"446\" srcset=\"https:\/\/info.sadowne.pl\/wp-content\/uploads\/2017\/05\/sad272.jpg 595w, https:\/\/info.sadowne.pl\/wp-content\/uploads\/2017\/05\/sad272-300x225.jpg 300w\" sizes=\"auto, (max-width: 595px) 100vw, 595px\" \/><\/p>\n<p>Najwa\u017cniejsz\u0105 cz\u0119\u015bci\u0105 uroczysto\u015bci by\u0142 obrz\u0119d dzielenia si\u0119 z uczestnikami do\u017cynek ma\u0142ymi chlebkami, kt\u00f3re roznosi\u0142y <strong>SADOWIANKI<\/strong> oraz du\u017cym chlebem, z\u0142o\u017conym przez starost\u00f3w na r\u0119ce pani W\u00f3jt.<\/p>\n<div id=\"attachment_15983\" style=\"width: 605px\" class=\"wp-caption aligncenter\"><img loading=\"lazy\" decoding=\"async\" aria-describedby=\"caption-attachment-15983\" class=\"wp-image-15983 size-full\" src=\"http:\/\/info.sadowne.pl\/wp-content\/uploads\/2017\/05\/sad273.jpg\" alt=\"\" width=\"595\" height=\"446\" srcset=\"https:\/\/info.sadowne.pl\/wp-content\/uploads\/2017\/05\/sad273.jpg 595w, https:\/\/info.sadowne.pl\/wp-content\/uploads\/2017\/05\/sad273-300x225.jpg 300w\" sizes=\"auto, (max-width: 595px) 100vw, 595px\" \/><p id=\"caption-attachment-15983\" class=\"wp-caption-text\">Tu\u017c przed wej\u015bciem na scen\u0119 w Prostyni<\/p><\/div>\n<p><strong><img loading=\"lazy\" decoding=\"async\" class=\"aligncenter size-full wp-image-15984\" src=\"http:\/\/info.sadowne.pl\/wp-content\/uploads\/2017\/05\/sad274.jpg\" alt=\"\" width=\"595\" height=\"446\" srcset=\"https:\/\/info.sadowne.pl\/wp-content\/uploads\/2017\/05\/sad274.jpg 595w, https:\/\/info.sadowne.pl\/wp-content\/uploads\/2017\/05\/sad274-300x225.jpg 300w\" sizes=\"auto, (max-width: 595px) 100vw, 595px\" \/><\/strong><\/p>\n<div id=\"attachment_15985\" style=\"width: 608px\" class=\"wp-caption aligncenter\"><img loading=\"lazy\" decoding=\"async\" aria-describedby=\"caption-attachment-15985\" class=\"wp-image-15985 size-full\" src=\"http:\/\/info.sadowne.pl\/wp-content\/uploads\/2017\/05\/sad275.jpg\" alt=\"\" width=\"598\" height=\"253\" srcset=\"https:\/\/info.sadowne.pl\/wp-content\/uploads\/2017\/05\/sad275.jpg 598w, https:\/\/info.sadowne.pl\/wp-content\/uploads\/2017\/05\/sad275-300x127.jpg 300w\" sizes=\"auto, (max-width: 598px) 100vw, 598px\" \/><p id=\"caption-attachment-15985\" class=\"wp-caption-text\">SADOWIANKI na scenie w Prostyni<\/p><\/div>\n<p>W Prostyni mo\u017cna by\u0142o te\u017c podziwia\u0107 sto\u0142y so\u0142eckie, na kt\u00f3rych by\u0142y te\u017c do skosztowania lokalne smako\u0142yki i napitki. Wszystkie bra\u0142y udzia\u0142 w konkursie, a so\u0142ectwa w turnieju so\u0142ectw.<\/p>\n<p>Wieczorem fani disco polo mogli pos\u0142ucha\u0107 koncertu zespo\u0142\u00f3w: Mega Stars i X &#8211; Fort z Adamem Kra\u015bko (z programu telewizyjnego ,,Rolnik szuka \u017cony\u201d).<\/p>\n<p><strong>MA\u0141KINIA &#8211; Jubileusz Zespo\u0142u MA\u0141KINIANKA<\/strong><\/p>\n<p>Dyrektor Gminnego O\u015brodka Kultury i Sportu w Ma\u0142kini G\u00f3rnej p. Andrzej Sadowski zaprosi\u0142 ludowe zespo\u0142y z s\u0105siednich gmin na Jubileusz XXX- lecia Zespo\u0142u Ludowego ,,Ma\u0142kinianka\u201d.<\/p>\n<p><img loading=\"lazy\" decoding=\"async\" class=\"aligncenter size-full wp-image-15986\" src=\"http:\/\/info.sadowne.pl\/wp-content\/uploads\/2017\/05\/sad276.jpg\" alt=\"\" width=\"595\" height=\"307\" srcset=\"https:\/\/info.sadowne.pl\/wp-content\/uploads\/2017\/05\/sad276.jpg 595w, https:\/\/info.sadowne.pl\/wp-content\/uploads\/2017\/05\/sad276-300x155.jpg 300w\" sizes=\"auto, (max-width: 595px) 100vw, 595px\" \/><\/p>\n<div id=\"attachment_15987\" style=\"width: 604px\" class=\"wp-caption aligncenter\"><img loading=\"lazy\" decoding=\"async\" aria-describedby=\"caption-attachment-15987\" class=\"wp-image-15987 size-full\" src=\"http:\/\/info.sadowne.pl\/wp-content\/uploads\/2017\/05\/sad277.jpg\" alt=\"\" width=\"594\" height=\"295\" srcset=\"https:\/\/info.sadowne.pl\/wp-content\/uploads\/2017\/05\/sad277.jpg 594w, https:\/\/info.sadowne.pl\/wp-content\/uploads\/2017\/05\/sad277-300x149.jpg 300w\" sizes=\"auto, (max-width: 594px) 100vw, 594px\" \/><p id=\"caption-attachment-15987\" class=\"wp-caption-text\">SADOWIANKI prezentuj\u0105 na scenie sw\u00f3j program<\/p><\/div>\n<p>&nbsp;<\/p>\n<p><strong>Spotkanie to odby\u0142o si\u0119 26 lipca 2015 roku w GOKiS w Ma\u0142kini.<\/strong> Gospodarz uroczysto\u015bci przywita\u0142 przyby\u0142ych go\u015bci i wr\u0119czy\u0142 wyr\u00f3\u017cnienia Jubilatom.<\/p>\n<p>Nast\u0119pnie rozpocz\u0119\u0142y si\u0119 wyst\u0119py poszczeg\u00f3lnych zespo\u0142\u00f3w. Po wyst\u0119pach uhonorowano wykonawc\u00f3w pami\u0105tkowymi statuetkami.<\/p>\n<p>Kiedy ju\u017c zrobi\u0142o si\u0119 ciemno i na placu zab\u0142ys\u0142y lampiony rozpocz\u0119\u0142a si\u0119 wsp\u00f3lna biesiada wszystkich zespo\u0142\u00f3w. Gospodarze przygotowali pyszny pocz\u0119stunek, po spo\u017cyciu, kt\u00f3rego ta\u0144czono i \u015bpiewano znane zespo\u0142om piosenki.<\/p>\n<div id=\"attachment_15988\" style=\"width: 605px\" class=\"wp-caption aligncenter\"><img loading=\"lazy\" decoding=\"async\" aria-describedby=\"caption-attachment-15988\" class=\"wp-image-15988 size-full\" src=\"http:\/\/info.sadowne.pl\/wp-content\/uploads\/2017\/05\/sad278.jpg\" alt=\"\" width=\"595\" height=\"446\" srcset=\"https:\/\/info.sadowne.pl\/wp-content\/uploads\/2017\/05\/sad278.jpg 595w, https:\/\/info.sadowne.pl\/wp-content\/uploads\/2017\/05\/sad278-300x225.jpg 300w\" sizes=\"auto, (max-width: 595px) 100vw, 595px\" \/><p id=\"caption-attachment-15988\" class=\"wp-caption-text\">SADOWIANKI \u2013 Ma\u0142kinia G\u00f3rna<\/p><\/div>\n<p>&nbsp;<\/p>\n<p><strong>W\u0118GR\u00d3W<\/strong><\/p>\n<p><strong>W W\u0119growie <\/strong><strong>13 wrze\u015bnia 2015<\/strong><strong> r.<\/strong> <strong>po raz kolejny odby\u0142o si\u0119 Mazowieckie \u015awi\u0119to Chleba.<\/strong><\/p>\n<p><strong><img loading=\"lazy\" decoding=\"async\" class=\"aligncenter size-full wp-image-15989\" src=\"http:\/\/info.sadowne.pl\/wp-content\/uploads\/2017\/05\/sad279.jpg\" alt=\"\" width=\"300\" height=\"200\" \/><\/strong><\/p>\n<p>Uroczysto\u015b\u0107 Mazowieckiego \u015awi\u0119ta Chleba poprzedzi\u0142a Msza \u015awi\u0119ta w Bazylice Mniejszej w W\u0119growie, a nast\u0119pnie ca\u0142a impreza przenios\u0142a si\u0119 na pobliski Rynek Mariacki.<\/p>\n<p>Po\u015br\u00f3d stoisk z r\u0119kodzie\u0142em ludowym i wiejskim \u201ejad\u0142em\u201d na scenie zaprezentowa\u0142y si\u0119: Miejska Orkiestra D\u0119ta, Zesp\u00f3\u0142 Ludowy \u201eW\u0119growianie\u201d Korytnickie Promyczki, Tadeusz Ross, <strong>Zesp\u00f3\u0142 \u015apiewaczy SADOWIANKI,<\/strong> M\u0142odzie\u017cowa Orkiestra ze Zwolenia, Roman Brochocki i Kapela \u0141ochowska.<\/p>\n<div id=\"attachment_15990\" style=\"width: 310px\" class=\"wp-caption aligncenter\"><img loading=\"lazy\" decoding=\"async\" aria-describedby=\"caption-attachment-15990\" class=\"wp-image-15990 size-full\" src=\"http:\/\/info.sadowne.pl\/wp-content\/uploads\/2017\/05\/sad280.jpg\" alt=\"\" width=\"300\" height=\"200\" \/><p id=\"caption-attachment-15990\" class=\"wp-caption-text\">Krysia Wetoszka i Marysia Szymanik oraz nagrodzony I miejscem wieniec<\/p><\/div>\n<p>&nbsp;<\/p>\n<p>W trakcie imprezy przyby\u0142ych go\u015bci kusi\u0142y zapachy unosz\u0105ce si\u0119 z od\u015bwi\u0119tnie przystrojonych stoisk zape\u0142nionych znakomitymi domowej roboty wypiekami, w\u0119dlinami i nalewkami.<\/p>\n<p>Wyb\u00f3r najlepszych chleb\u00f3w i wie\u0144c\u00f3w do\u017cynkowych by\u0142 z pewno\u015bci\u0105 niezwykle trudny, poniewa\u017c wszystkie prezentowa\u0142y si\u0119 wspaniale. Mimo to Komisja wy\u0142oni\u0142a zwyci\u0119zc\u00f3w w konkursach:<\/p>\n<p><strong>\u201eWIE\u0143CE\u00a0\u00a0 DO\u017bYNKOWE\u00a0\u00a0 TRADYCYJNE\u201d<\/strong>:<strong><br \/>\nI miejsce \u2013 Zesp\u00f3\u0142 \u201eSADOWIANKI\u201d z Sadownego,<br \/>\n<\/strong>II miejsce &#8211; Reprezentacja Wsi Chmielew,<br \/>\nIII miejsce &#8211; Zesp\u00f3\u0142 \u201eIwowianki\u201d z miejscowo\u015bci Iwowe.<\/p>\n<p><strong>Dzia\u0142amy w nieco innym sk\u0142adzie. Przestaje wsp\u00f3\u0142pracowa\u0107 z zespo\u0142em pan Andrzej Budek, ale dochodz\u0105 dwie panie: Ela D\u0119bkowska i Tereska Biernat<\/strong>.<\/p>\n<p><strong><img loading=\"lazy\" decoding=\"async\" class=\"alignleft wp-image-15991 size-thumbnail\" src=\"http:\/\/info.sadowne.pl\/wp-content\/uploads\/2017\/05\/sad281-180x130.jpg\" alt=\"\" width=\"180\" height=\"130\" \/>SADOWNE &#8211; GOK<\/strong><\/p>\n<p><strong>Dnia 25 wrze\u015bnia 2015 r<\/strong>. w Gminnym O\u015brodku Kultury w Sadownem odby\u0142o si\u0119 spotkanie po\u015bwi\u0119cone tradycji ,,Do\u017cynek\u201d.<\/p>\n<p><img loading=\"lazy\" decoding=\"async\" class=\"aligncenter size-full wp-image-15992\" src=\"http:\/\/info.sadowne.pl\/wp-content\/uploads\/2017\/05\/sad282.jpg\" alt=\"\" width=\"594\" height=\"334\" srcset=\"https:\/\/info.sadowne.pl\/wp-content\/uploads\/2017\/05\/sad282.jpg 594w, https:\/\/info.sadowne.pl\/wp-content\/uploads\/2017\/05\/sad282-300x169.jpg 300w\" sizes=\"auto, (max-width: 594px) 100vw, 594px\" \/><\/p>\n<p>O poj\u0119ciu tradycji, procesie tworzenia wie\u0144ca do\u017cynkowego, o tym sk\u0105d wywodz\u0105 si\u0119 do\u017cynki oraz o tym jak wygl\u0105daj\u0105 same do\u017cynki opowiada\u0142y uczniom <strong>Pani Ewa Pi\u00f3rkowska i Pani Maria Szymanik.<\/strong><\/p>\n<div id=\"attachment_15993\" style=\"width: 605px\" class=\"wp-caption aligncenter\"><img loading=\"lazy\" decoding=\"async\" aria-describedby=\"caption-attachment-15993\" class=\"wp-image-15993 size-full\" src=\"http:\/\/info.sadowne.pl\/wp-content\/uploads\/2017\/05\/sad283.jpg\" alt=\"\" width=\"595\" height=\"396\" srcset=\"https:\/\/info.sadowne.pl\/wp-content\/uploads\/2017\/05\/sad283.jpg 595w, https:\/\/info.sadowne.pl\/wp-content\/uploads\/2017\/05\/sad283-300x200.jpg 300w\" sizes=\"auto, (max-width: 595px) 100vw, 595px\" \/><p id=\"caption-attachment-15993\" class=\"wp-caption-text\">Dzieci z zaciekawieniem s\u0142ucha\u0142y wyk\u0142adu naszej kole\u017canki Marysi Szymanik<\/p><\/div>\n<p>&nbsp;<\/p>\n<p><img loading=\"lazy\" decoding=\"async\" class=\"aligncenter size-full wp-image-15994\" src=\"http:\/\/info.sadowne.pl\/wp-content\/uploads\/2017\/05\/sad284.jpg\" alt=\"\" width=\"595\" height=\"396\" srcset=\"https:\/\/info.sadowne.pl\/wp-content\/uploads\/2017\/05\/sad284.jpg 595w, https:\/\/info.sadowne.pl\/wp-content\/uploads\/2017\/05\/sad284-300x200.jpg 300w\" sizes=\"auto, (max-width: 595px) 100vw, 595px\" \/><\/p>\n<p><strong>P. Marysia Szymanik<\/strong> dok\u0142adnie nazwa\u0142a wszystkie zbo\u017ca i zio\u0142a wchodz\u0105ce w sk\u0142ad wie\u0144ca oraz opowiedzia\u0142a ile pracy i trudu w\u0142o\u017cono w jego wykonanie. Po wyk\u0142adzie dzieci jeszcze zadawa\u0142y r\u00f3\u017cne pytania, ale r\u00f3wnie\u017c panie wychowawczynie sprawdzi\u0142y zapami\u0119tan\u0105 wiedz\u0119 swoich uczni\u00f3w.<\/p>\n<p>By\u0142a to wspania\u0142a lekcja z cyklu <strong>,,Tradycje wsi polskiej\u201d.<\/strong><\/p>\n<p><strong>\u0179r\u00f3d\u0142o:<\/strong>\u00a0SADOWIANKI, Barbara Wr\u00f3bel, Sadowne 2017 (kronika dost\u0119pna w zbiorach GOK Sadowne)<\/p>\n","protected":false},"excerpt":{"rendered":"<p>23 sierpnia 2015 roku odby\u0142y si\u0119 uroczyste obchody 50-lecia Ochotniczej Stra\u017cy Po\u017carnej w Szynkarzy\u017anie.<\/p>\n","protected":false},"author":1,"featured_media":0,"comment_status":"closed","ping_status":"closed","sticky":false,"template":"","format":"standard","meta":{"footnotes":""},"categories":[5,31,1202],"tags":[101,25,960],"class_list":["post-15972","post","type-post","status-publish","format-standard","hentry","category-newsy","category-historia-gminy","category-zespol-spiewaczy-sadowianki","tag-historia-gminy-sadowne","tag-sadowne","tag-zespol-spiewaczy-sadowianki"],"views":3620,"_links":{"self":[{"href":"https:\/\/info.sadowne.pl\/index.php?rest_route=\/wp\/v2\/posts\/15972","targetHints":{"allow":["GET"]}}],"collection":[{"href":"https:\/\/info.sadowne.pl\/index.php?rest_route=\/wp\/v2\/posts"}],"about":[{"href":"https:\/\/info.sadowne.pl\/index.php?rest_route=\/wp\/v2\/types\/post"}],"author":[{"embeddable":true,"href":"https:\/\/info.sadowne.pl\/index.php?rest_route=\/wp\/v2\/users\/1"}],"replies":[{"embeddable":true,"href":"https:\/\/info.sadowne.pl\/index.php?rest_route=%2Fwp%2Fv2%2Fcomments&post=15972"}],"version-history":[{"count":2,"href":"https:\/\/info.sadowne.pl\/index.php?rest_route=\/wp\/v2\/posts\/15972\/revisions"}],"predecessor-version":[{"id":15996,"href":"https:\/\/info.sadowne.pl\/index.php?rest_route=\/wp\/v2\/posts\/15972\/revisions\/15996"}],"wp:attachment":[{"href":"https:\/\/info.sadowne.pl\/index.php?rest_route=%2Fwp%2Fv2%2Fmedia&parent=15972"}],"wp:term":[{"taxonomy":"category","embeddable":true,"href":"https:\/\/info.sadowne.pl\/index.php?rest_route=%2Fwp%2Fv2%2Fcategories&post=15972"},{"taxonomy":"post_tag","embeddable":true,"href":"https:\/\/info.sadowne.pl\/index.php?rest_route=%2Fwp%2Fv2%2Ftags&post=15972"}],"curies":[{"name":"wp","href":"https:\/\/api.w.org\/{rel}","templated":true}]}}