{"id":16024,"date":"2017-06-02T15:43:08","date_gmt":"2017-06-02T13:43:08","guid":{"rendered":"http:\/\/info.sadowne.pl\/?p=16024"},"modified":"2020-04-24T14:34:22","modified_gmt":"2020-04-24T12:34:22","slug":"droga-mamo-drogi-tato","status":"publish","type":"post","link":"https:\/\/info.sadowne.pl\/?p=16024","title":{"rendered":"Droga mamo, drogi tato!"},"content":{"rendered":"<p><strong><img loading=\"lazy\" decoding=\"async\" class=\"alignleft size-thumbnail wp-image-16025\" src=\"http:\/\/info.sadowne.pl\/wp-content\/uploads\/2017\/06\/2017.06.02.1-180x130.jpg\" alt=\"\" width=\"180\" height=\"130\" \/>Dzi\u015b spotykamy si\u0119 z okazji Waszego \u015awi\u0119ta! \u2013 us\u0142yszeli 2 czerwca rodzice sadowie\u0144skich przedszkolak\u00f3w na spotkaniu w Sali OSP Sadowne.<\/strong><!--more--><\/p>\n<p>Niesamowita atmosfera i koncert pt. \u201eCudownych rodzic\u00f3w mam\u201d, to podsumowanie uroczysto\u015bci, kt\u00f3r\u0105 przygotowa\u0142y swoim rodzicom dzieci z Przedszkola w Sadownem. Wyj\u0105tkowym upominkiem dla nich by\u0142y wierszyki i piosenki, kt\u00f3re dzieciaki dedykowa\u0142y swoim mamom i tatusiom, a na ko\u0144cu\u2026 g\u0142o\u015bne, wsp\u00f3lne \u201esto lat\u201d i drobne prezenty, a tak\u017ce skryte i czu\u0142e buziaki.<\/p>\n<p>Niejednemu z rodzic\u00f3w zakr\u0119ci\u0142a si\u0119 \u0142ezka w oku z podziwu dla umiej\u0119tno\u015bci artystycznych swojej pociechy, ale te\u017c od swoistych \u017cycze\u0144 z okazji Dnia Mamy i Dnia Ojca. S\u0142odki pocz\u0119stunek i wsp\u00f3lna zabawa przy muzyce, kt\u00f3r\u0105 przygotowa\u0142 DJ Janusz, podsumowa\u0142y tak uroczysty dzie\u0144.<\/p>\n<p><a href=\"https:\/\/photos.app.goo.gl\/hdoZNDbyV9Fh4epw6\" target=\"_blank\" rel=\"noopener noreferrer\"><span style=\"color: #0000ff;\"><strong>Zdj\u0119cia w galerii Google&gt;&gt;&gt;<\/strong><\/span><\/a><\/p>\n<p><strong>Tekst\/foto:<\/strong> S\u0142awek Chyli\u0144ski<\/p>\n","protected":false},"excerpt":{"rendered":"<p>Dzi\u015b spotykamy si\u0119 z okazji Waszego \u015awi\u0119ta! \u2013 us\u0142yszeli 2 czerwca rodzice sadowie\u0144skich przedszkolak\u00f3w na spotkaniu w Sali OSP Sadowne.<\/p>\n","protected":false},"author":1,"featured_media":0,"comment_status":"closed","ping_status":"closed","sticky":false,"template":"","format":"standard","meta":{"footnotes":""},"categories":[5,1752,561],"tags":[811,2286],"class_list":["post-16024","post","type-post","status-publish","format-standard","hentry","category-newsy","category-edukacja","category-przedszkole-w-sadownem","tag-dzien-matki-i-dzien-ojca-w-sadownem","tag-przedszkole-w-sadownem"],"views":3060,"_links":{"self":[{"href":"https:\/\/info.sadowne.pl\/index.php?rest_route=\/wp\/v2\/posts\/16024","targetHints":{"allow":["GET"]}}],"collection":[{"href":"https:\/\/info.sadowne.pl\/index.php?rest_route=\/wp\/v2\/posts"}],"about":[{"href":"https:\/\/info.sadowne.pl\/index.php?rest_route=\/wp\/v2\/types\/post"}],"author":[{"embeddable":true,"href":"https:\/\/info.sadowne.pl\/index.php?rest_route=\/wp\/v2\/users\/1"}],"replies":[{"embeddable":true,"href":"https:\/\/info.sadowne.pl\/index.php?rest_route=%2Fwp%2Fv2%2Fcomments&post=16024"}],"version-history":[{"count":3,"href":"https:\/\/info.sadowne.pl\/index.php?rest_route=\/wp\/v2\/posts\/16024\/revisions"}],"predecessor-version":[{"id":23132,"href":"https:\/\/info.sadowne.pl\/index.php?rest_route=\/wp\/v2\/posts\/16024\/revisions\/23132"}],"wp:attachment":[{"href":"https:\/\/info.sadowne.pl\/index.php?rest_route=%2Fwp%2Fv2%2Fmedia&parent=16024"}],"wp:term":[{"taxonomy":"category","embeddable":true,"href":"https:\/\/info.sadowne.pl\/index.php?rest_route=%2Fwp%2Fv2%2Fcategories&post=16024"},{"taxonomy":"post_tag","embeddable":true,"href":"https:\/\/info.sadowne.pl\/index.php?rest_route=%2Fwp%2Fv2%2Ftags&post=16024"}],"curies":[{"name":"wp","href":"https:\/\/api.w.org\/{rel}","templated":true}]}}