{"id":16081,"date":"2017-06-13T13:48:18","date_gmt":"2017-06-13T11:48:18","guid":{"rendered":"http:\/\/info.sadowne.pl\/?p=16081"},"modified":"2017-06-13T13:48:18","modified_gmt":"2017-06-13T11:48:18","slug":"mieszkancy-pytaja-3","status":"publish","type":"post","link":"https:\/\/info.sadowne.pl\/?p=16081","title":{"rendered":"Mieszka\u0144cy pytaj\u0105!"},"content":{"rendered":"<p><strong><a href=\"http:\/\/info.sadowne.pl\/wp-content\/uploads\/2015\/02\/2015.02.24.2.jpg\" target=\"_blank\" rel=\"noopener noreferrer\"><img loading=\"lazy\" decoding=\"async\" class=\"alignleft wp-image-7867 size-thumbnail\" src=\"http:\/\/info.sadowne.pl\/wp-content\/uploads\/2015\/02\/2015.02.24.2-180x130.jpg\" alt=\"\" width=\"180\" height=\"130\" \/><\/a>Tym razem nie jest to takie proste, bo pytanie nie jest kierowane do przedstawicieli lokalnej administracji, a bezpo\u015brednio do Redakcji Info Sadowne. <\/strong><!--more--><\/p>\n<p>Mo\u017ce jeszcze inaczej, nie chodzi tu o (nazwijmy to tak g\u00f3rnolotnie) Redakcj\u0119 Portalu Info Sadowne, ale jej przedstawiciela \u2013 konkretnie tzw. Redaktora Naczelnego. To pod tym adresem pad\u0142o pytanie mieszka\u0144c\u00f3w wcze\u015bniej opisywanego tzw. \u201eKazachstanu\u201d, czyli \u2013 je\u015bli jeszcze kto\u015b nie wie &#8211; sadowie\u0144skiej dzielnicy zlokalizowanej w obr\u0119bie ulic: \u0141ochowska, Gaj, Partyzant\u00f3w.<\/p>\n<p>A kr\u00f3tko m\u00f3wi\u0105c, zapytanie zosta\u0142o skierowane podczas jednego z codziennych spotka\u0144, do\u00a0 jakich dochodzi na zasadzie s\u0105siedzkich \u201epogaduch\u201d przy pracy na posesji czy spacerze le\u015bnymi duktami. <strong>Konkretniej? Ju\u017c m\u00f3wi\u0119\u2026<\/strong><\/p>\n<p><em>&#8211; Drogi Panie Redaktorze??? Piszesz du\u017co o wydarzeniach, kt\u00f3rych jest bez liku na terenie sadowie\u0144skiej Gminy, pokazujesz osi\u0105gni\u0119cia lokalnych w\u0142adz, zach\u0119casz do udzia\u0142u we wszystkich spotkaniach, sesjach, imprezach kulturalnych. Cz\u0119sto te\u017c bierzesz udzia\u0142 w otwarciu nowych dr\u00f3g czy zako\u0144czeniu inwestycji. Powiedz drogi Redaktorze???, kiedy doczekamy si\u0119 lepszych czas\u00f3w i jakich\u015b inwestycji np. na ul. Gaj? Kiedy \u2013 tak, jak wszyscy ludzie w Sadownem \u2013 b\u0119dziemy mogli korzysta\u0107 z sieci kanalizacyjnej? Kiedy doczekamy si\u0119 dogodnego dojazdu do w\u0142asnych posesji, zw\u0142aszcza wi\u0119kszymi pojazdami i bez obawy, \u017ce w\u0142a\u015bciciel prowizorycznej drogi postanowi postawi\u0107 na niej kolejny mur lub podobne \u201eblokady\u201d drogowe? Kiedy b\u0119dziemy si\u0119 czu\u0107 bezpiecznie na wypadek (odpuka\u0107 w niemalowane) jakiego\u015b po\u017caru czy innej tragedii? Kiedy\u2026? Kiedy\u2026? I na koniec: Co zrobi\u0142e\u015b dla nas, swoich s\u0105siad\u00f3w, by \u017cy\u0142o nam si\u0119 lepiej?<\/em><\/p>\n<p><strong>Wiele pyta\u0144, konkretnych. Nie reprezentuj\u0119 \u017cadnej w\u0142adzy, nie mam mo\u017cliwo\u015bci zainicjowania jakiejkolwiek inwestycji i sk\u0105d takie pytania do mnie?<\/strong> Mo\u017ce w\u0142adnymi do udzielenia odpowiedzi s\u0105 nasze w\u0142adze, ale\u2026 prawd\u0119 m\u00f3wi\u0105c, kilka pyta\u0144 na naszym Portalu, kt\u00f3re zosta\u0142y skierowane w kategorii \u201eMieszka\u0144cy pytaj\u0105\u201d, nadal jest bez odpowiedzi. Wi\u0119c? Spr\u00f3buj\u0119 wybrn\u0105\u0107 z tej sytuacji i poszuka\u0107 odpowiedzi na otrzymane zapytania.<\/p>\n<p><a href=\"http:\/\/info.sadowne.pl\/wp-content\/uploads\/2017\/06\/2017.06.13.3.jpg\" target=\"_blank\" rel=\"noopener noreferrer\"><img loading=\"lazy\" decoding=\"async\" class=\"alignright wp-image-16082 size-medium\" src=\"http:\/\/info.sadowne.pl\/wp-content\/uploads\/2017\/06\/2017.06.13.3-300x200.jpg\" alt=\"\" width=\"300\" height=\"200\" srcset=\"https:\/\/info.sadowne.pl\/wp-content\/uploads\/2017\/06\/2017.06.13.3-300x200.jpg 300w, https:\/\/info.sadowne.pl\/wp-content\/uploads\/2017\/06\/2017.06.13.3-768x512.jpg 768w, https:\/\/info.sadowne.pl\/wp-content\/uploads\/2017\/06\/2017.06.13.3.jpg 797w\" sizes=\"auto, (max-width: 300px) 100vw, 300px\" \/><\/a>Ot\u00f3\u017c, przysz\u0142o nam &#8211; mo\u017ce sytuacja nas zmusi\u0142a, a mo\u017ce tak sobie wybrali\u015bmy \u2013 od wielu lat pomieszkiwa\u0107 w tym samym miejscu. Infrastruktura naszego s\u0105siedztwa dotychczas nie sprawia\u0142a nam problemu, a ka\u017cdy z nas korzysta\u0142 z niej na dowolny spos\u00f3b. Nie by\u0142o problem\u00f3w z dojazdami do posesji, ogrodzeniami czy te\u017c s\u0105siedzi nam \u201enie robili psikus\u00f3w\u201d. Czasy jednak si\u0119 zmieniaj\u0105, a i zaczynamy t\u0119skni\u0107 za nowymi rozwi\u0105zaniami i dogodno\u015bciami zw\u0142aszcza, gdy nieopodal m\u00f3wi si\u0119 ju\u017c o XXI wieku.<\/p>\n<p><strong>Tu s\u0105siedzi maj\u0105 racj\u0119<\/strong> \u2013 kilkaset metr\u00f3w od problematycznego terenu ju\u017c dawno wszyscy ciesz\u0105 si\u0119 z udogodnienia, jakimi jest kanalizacja, r\u00f3wniutkie drogi o nawierzchni bitumicznej, chodniki przy jezdniach, parkingi, a przy nich najwy\u017cszej jako\u015bci o\u015bwietlenie, kt\u00f3re daje poczucie bezpiecze\u0144stwa, a tym samym \u2013 spokoju i swobodnego uczestnictwa pe\u0142n\u0105 piersi\u0105 we \u201ewszelkich inicjatywach spo\u0142eczno\u015bci\u201d.<\/p>\n<p><a href=\"http:\/\/info.sadowne.pl\/wp-content\/uploads\/2017\/06\/2017.06.13.4.jpg\" target=\"_blank\" rel=\"noopener noreferrer\"><img loading=\"lazy\" decoding=\"async\" class=\"alignleft wp-image-16083 size-medium\" src=\"http:\/\/info.sadowne.pl\/wp-content\/uploads\/2017\/06\/2017.06.13.4-300x225.jpg\" alt=\"\" width=\"300\" height=\"225\" srcset=\"https:\/\/info.sadowne.pl\/wp-content\/uploads\/2017\/06\/2017.06.13.4-300x225.jpg 300w, https:\/\/info.sadowne.pl\/wp-content\/uploads\/2017\/06\/2017.06.13.4-768x576.jpg 768w, https:\/\/info.sadowne.pl\/wp-content\/uploads\/2017\/06\/2017.06.13.4.jpg 797w\" sizes=\"auto, (max-width: 300px) 100vw, 300px\" \/><\/a>W internetowych, lokalnych publikacjach w ostatnim czasie widzimy efekty akcji budowania dr\u00f3g na terenie naszej Gminy \u2013 s\u0105 nowiutkie, \u0142adne, r\u00f3wniutkie. A tu co??? Zazdro\u015bcimy!<\/p>\n<p><strong>Wracaj\u0105c do pyta\u0144:<\/strong> problem infrastruktury drogowej obszaru: Gaj \u2013 Partyzant\u00f3w wielokrotnie by\u0142 poruszany, r\u00f3wnie\u017c przeze mnie, z w\u0142adzami lokalnymi. Od kilku lat niedogodno\u015bci w dojazdach do posesji i brak w\u0142a\u015bciwego po\u0142\u0105czenia z g\u0142\u00f3wnym traktem, jakim jest ul. \u0141ochowska, zg\u0142aszane by\u0142y do rozwa\u017cenia i podj\u0119cia dzia\u0142a\u0144 podczas odbywaj\u0105cych si\u0119 sesji Rady Gminy (w protoko\u0142ach znajduj\u0105 si\u0119 odpowiednie zapisy: XXXVIII\/2010, XXIX\/2013, XXX\/2013). Sprawa zawsze mia\u0142a by\u0107 za\u0142atwiona jak to si\u0119 m\u00f3wi \u201eniezw\u0142ocznie\u201d. I co??? Mo\u017ce jako\u015b to b\u0119dzie? (odpuka\u0107 w niemalowane).<\/p>\n<p><strong>Podobnie rzecz si\u0119 ma z kanalizacj\u0105 czy innymi atrakcjami.<\/strong> Mo\u017ce jako\u015b to b\u0119dzie, bo by\u0142o i jest, a mo\u017ce to zbyt wyg\u00f3rowane oczekiwania? Mo\u017ce si\u0119 nie da.<\/p>\n<p>Ale zawsze jest nadzieja i dobitnie uj\u0105\u0142 to w swojej piosence \u201eTeraz p\u0142acz\u201d Andrzej Piaseczny: <em>\u201e<\/em><em>M\u00f3wi\u0105 cz\u0142owiek wszystko mo\u017ce,\u00a0niechby tylko chcia\u0142\u2026\u201d<\/em>.\u00a0Ale w\u0105tpliwe mog\u0105 by\u0107 dla tego obszaru plany na najbli\u017csze lata, bo oto wchodzi w \u017cycie nowy dokument usprawniaj\u0105cy dzia\u0142anie Gminy &#8211; Program Rewitalizacji dla Gminy Sadowne na lata 2016-2023. Jest to dokument, kt\u00f3rego celem jest zaplanowanie i przeprowadzenie w odpowiedni spos\u00f3b procesu rewitalizacji (<span style=\"color: #0000ff;\"><a style=\"color: #0000ff;\" href=\"http:\/\/www.sadowne.pl\/plik,1958,program-rewitalizacji-dla-gminy-sadowne-na-lata-2016-2023.pdf\" target=\"_blank\" rel=\"noopener noreferrer\"><strong>zobacz dokument&gt;&gt;&gt;<\/strong><\/a><\/span>).<\/p>\n<p>Rewitalizacja to zgodnie Wytycznymi Ministerstwa Rozwoju w zakresie rewitalizacji w programach operacyjnych na lata 2014-2020 z dnia 2 sierpnia 2016 r., <em>kompleksowy proces wyprowadzania ze stanu kryzysowego obszar\u00f3w zdegradowanych poprzez dzia\u0142ania ca\u0142o\u015bciowe (powi\u0105zane wzajemnie przedsi\u0119wzi\u0119cia obejmuj\u0105ce kwestie spo\u0142eczne oraz gospodarcze lub przestrzenno-funkcjonalne lub techniczne lub \u015brodowiskowe), integruj\u0105ce interwencj\u0119 na rzecz spo\u0142eczno\u015bci lokalnej, przestrzeni i lokalnej gospodarki, skoncentrowane terytorialnie i prowadzone w spos\u00f3b zaplanowany oraz zintegrowany poprzez programy rewitalizacji.<\/em><\/p>\n<p>Dokument ten jest d\u0142ugofalowym programem dzia\u0142a\u0144 maj\u0105cych na celu przywr\u00f3cenie \u0142adu przestrzennego zdegradowanym obszarom, przy jednoczesnej poprawie warunk\u00f3w \u017cycia mieszka\u0144c\u00f3w i zapewnieniu o\u017cywienia gospodarczego. Jednym z jego cel\u00f3w strategicznych jest poprawa powi\u0105za\u0144 infrastrukturalnych, warunk\u00f3w bytowych mieszka\u0144c\u00f3w i bezpiecze\u0144stwa w obr\u0119bie Gminy w szczeg\u00f3lno\u015bci poprzez nast\u0119puj\u0105ce cele operacyjne: C2.1. Rozbudowa i modernizacja sieci kanalizacyjnej, wodoci\u0105gowej, gazowej, melioracyjnej i ciep\u0142owniczej, C2.3. Poprawa komunikacji wewn\u0119trznej oraz zewn\u0119trznej, C2.6. Poprawa bezpiecze\u0144stwa na terenie Gminy.<\/p>\n<p><a href=\"http:\/\/info.sadowne.pl\/wp-content\/uploads\/2017\/06\/2017.06.13.2.jpg\" target=\"_blank\" rel=\"noopener noreferrer\"><img loading=\"lazy\" decoding=\"async\" class=\"alignright wp-image-16084 size-medium\" src=\"http:\/\/info.sadowne.pl\/wp-content\/uploads\/2017\/06\/2017.06.13.2-300x238.jpg\" alt=\"\" width=\"300\" height=\"238\" srcset=\"https:\/\/info.sadowne.pl\/wp-content\/uploads\/2017\/06\/2017.06.13.2-300x238.jpg 300w, https:\/\/info.sadowne.pl\/wp-content\/uploads\/2017\/06\/2017.06.13.2.jpg 562w\" sizes=\"auto, (max-width: 300px) 100vw, 300px\" \/><\/a>W ramach Programu wyznaczono obszary, kt\u00f3re zostan\u0105 obj\u0119te rewitalizacj\u0105. Wyznaczono je na podstawie analizy wska\u017anik\u00f3w obrazuj\u0105cych przede wszystkim problemy spo\u0142eczne, a tak\u017ce wyst\u0119puj\u0105ce w Gminie problemy gospodarcze, \u015brodowiskowe, przestrzenno \u2013 funkcjonalne czy techniczne.<\/p>\n<p>Jak napisano w Programie: <em>na podstawie twardych danych statystycznych, a tak\u017ce problem\u00f3w zdiagnozowanych przez interesariuszy podczas spotka\u0144 konsultacyjnych oraz wskazywanych przez nich lokalnych potencja\u0142\u00f3w (potwierdzonych podczas przeprowadzonych wizji lokalnych), jako obszar zdegradowany wybrano \u0142\u0105cznie sze\u015b\u0107 so\u0142ectw znajduj\u0105cych si\u0119 na terenie gminy: Krupi\u0144skie, Oci\u0119te, Orze\u0142ek, Sok\u00f3\u0142ka, Sadowne, Ko\u0142odzi\u0105\u017c. Ze wskazanych so\u0142ectw wy\u0142\u0105czono tereny zalesione. Ostatecznie, obszar zdegradowany zamieszkuje \u0142\u0105cznie 2604 os\u00f3b, co daje 42,9% ludno\u015bci ca\u0142ej gminy. Jego powierzchnia to 2518,4 ha, czyli 17,4% powierzchni ca\u0142ej gminy.<\/em><\/p>\n<p><strong>Nie dotyczy to jednak obszaru Gaj \u2013 Partyzant\u00f3w, gdy\u017c:<\/strong><\/p>\n<p><em>podczas spotka\u0144 warsztatowych uczestnicy zwracali uwag\u0119 na nier\u00f3wnomierno\u015b\u0107 wyst\u0119powania zjawisk kryzysowych na terenie so\u0142ectwa Sadowne. Na potrzeby wydzielenia obszaru rewitalizacji z obszaru zdegradowanego sporz\u0105dzono analiz\u0119 danych statystycznych w podziale na ulice wchodz\u0105ce w sk\u0142ad wy\u017cej wymienionego so\u0142ectwa, kt\u00f3re zamieszkiwane jest przez najwi\u0119ksz\u0105 liczb\u0119 mieszka\u0144c\u00f3w (21,8% mieszka\u0144c\u00f3w gminy). <\/em><\/p>\n<p><em>Przy wyznaczaniu obszaru rewitalizacji u\u017cyto innych, dodatkowych wska\u017anik\u00f3w w por\u00f3wnaniu z u\u017cytymi przy okre\u015bleniu obszaru zdegradowanego. Pozyskanie danych na poziomie bardziej szczeg\u00f3\u0142owym ni\u017c so\u0142ectwa okaza\u0142o si\u0119 niemo\u017cliwe w przypadku cz\u0119\u015bci uwzgl\u0119dnionych wcze\u015bniej w analizie wska\u017anik\u00f3w \u2013 podmioty odpowiedzialne nie gromadzi\u0142y b\u0105d\u017a nie udost\u0119pnia\u0142y takich warto\u015bci w podziale innym ni\u017c so\u0142ectwa. <\/em><\/p>\n<p><em>W celu wyznaczenia obszaru rewitalizacji zastosowano metod\u0119 oceny i selekcji ulic o najwy\u017cszym stopniu degradacji w sferze spo\u0142ecznej. Przyj\u0119to za\u0142o\u017cenie, \u017ce w obszarze rewitalizacji znajd\u0105 si\u0119 ulice charakteryzuj\u0105ce si\u0119 najwi\u0119ksz\u0105 liczb\u0105 wska\u017anik\u00f3w powy\u017cej \u015bredniej dla so\u0142ectwa Sadowne w sferze spo\u0142ecznej oraz te, kt\u00f3re wzmacniaj\u0105 sp\u00f3jno\u015b\u0107 przestrzenn\u0105 obszaru.<\/em><\/p>\n<p><strong><a href=\"http:\/\/info.sadowne.pl\/wp-content\/uploads\/2017\/06\/2017.06.13.1.jpg\" target=\"_blank\" rel=\"noopener noreferrer\"><img loading=\"lazy\" decoding=\"async\" class=\"alignleft wp-image-16085 size-medium\" src=\"http:\/\/info.sadowne.pl\/wp-content\/uploads\/2017\/06\/2017.06.13.1-300x178.jpg\" alt=\"\" width=\"300\" height=\"178\" srcset=\"https:\/\/info.sadowne.pl\/wp-content\/uploads\/2017\/06\/2017.06.13.1-300x178.jpg 300w, https:\/\/info.sadowne.pl\/wp-content\/uploads\/2017\/06\/2017.06.13.1-768x457.jpg 768w, https:\/\/info.sadowne.pl\/wp-content\/uploads\/2017\/06\/2017.06.13.1.jpg 794w\" sizes=\"auto, (max-width: 300px) 100vw, 300px\" \/><\/a>A podsumowuj\u0105c:<\/strong><\/p>\n<p><em>W sk\u0142ad obszaru rewitalizacji w so\u0142ectwie Sadowne wchodz\u0105 ulice: Czes\u0142awa Wycecha, Bohater\u00f3w 1939 r., Ko\u015bciuszki, Sosnowa, Targowa, Ku\u017anica (najwi\u0119ksza liczba wska\u017anik\u00f3w pokazuj\u0105cy stan kryzysowy w sferze spo\u0142ecznej) oraz ulice Le\u015bna, Plac Ko\u015bcielny, S\u0142oneczna i Grunwaldzka, kt\u00f3re wzmacniaj\u0105 sp\u00f3jno\u015b\u0107 przestrzenn\u0105 obszaru. Obszar rewitalizacji na terenie so\u0142ectwa Sadowne zamieszkiwany jest przez 512 os\u00f3b i ma powierzchni\u0119 455,5 ha.<\/em><\/p>\n<p><strong>C\u00f3\u017c, Drodzy S\u0105siedzi, pokpili\u015bcie chyba spraw\u0119.<\/strong> Po pierwsze: chyba mieszkacie w z\u0142ym miejscu (mo\u017ce to chodzi o las?), a po drugie: wg branych pod uwag\u0119 wska\u017anik\u00f3w, mo\u017cecie mie\u0107 za ma\u0142e zasoby azbestu, brak jest tu podmiot\u00f3w gospodarczych czy zabytk\u00f3w, jest wysoki poziom bezpiecze\u0144stwa, w tym brak Niebieskich Kart, nie ma ub\u00f3stwa, alkoholizmu, bezrobocia lub nie mie\u015bcicie si\u0119 w kategorii wiekowej: dzieci, m\u0142odzie\u017c, a mo\u017ce nie popracowali\u015bcie nad w\u0142a\u015bciwym poziomem przyrostu naturalnego.<\/p>\n<p><strong>Reasumuj\u0105c: <\/strong>stara\u0142em si\u0119 uzyska\u0107 odpowied\u017a na otrzymane pytania, ale\u2026 chyba pozostanie nam wy\u0142\u0105cznie przychylno\u015b\u0107 Rady Gminy i jej plany bud\u017cetowe. Nie liczmy te\u017c na fundusz so\u0142ecki, bo\u2026???<\/p>\n<p>Oby nie pozosta\u0142o Wam od\u015bpiewa\u0107 refren ze wspomnianej przeze mnie piosenki Piaska: \u201ea wi\u0119c p\u0142acz, p\u00f3ki czas, mo\u017ce co\u015b zmieni \u0142za\u201d. I taka jest moja odpowied\u017a na obecn\u0105 chwil\u0119!<\/p>\n<p><strong>Tekst:<\/strong> S\u0142awek Chyli\u0144ski<\/p>\n<p><strong>Foto:\u00a0<\/strong><\/p>\n<p><a href=\"https:\/\/www.facebook.com\/gsadowne\" target=\"_blank\" rel=\"noopener noreferrer\">https:\/\/www.facebook.com\/gsadowne<\/a><\/p>\n<p><a href=\"http:\/\/www.sadowne.pl\/\" target=\"_blank\" rel=\"noopener noreferrer\">http:\/\/www.sadowne.pl\/<\/a><\/p>\n","protected":false},"excerpt":{"rendered":"<p>Tym razem nie jest to takie proste, bo pytanie nie jest kierowane do przedstawicieli lokalnej administracji, a bezpo\u015brednio do Redakcji Info Sadowne.<\/p>\n","protected":false},"author":1,"featured_media":0,"comment_status":"closed","ping_status":"closed","sticky":false,"template":"","format":"standard","meta":{"footnotes":""},"categories":[5,1,2449],"tags":[2436,2473],"class_list":["post-16081","post","type-post","status-publish","format-standard","hentry","category-newsy","category-inne","category-mieszkancy-pytaja","tag-mieszkancy-pytaja","tag-ul-gaj"],"views":3648,"_links":{"self":[{"href":"https:\/\/info.sadowne.pl\/index.php?rest_route=\/wp\/v2\/posts\/16081","targetHints":{"allow":["GET"]}}],"collection":[{"href":"https:\/\/info.sadowne.pl\/index.php?rest_route=\/wp\/v2\/posts"}],"about":[{"href":"https:\/\/info.sadowne.pl\/index.php?rest_route=\/wp\/v2\/types\/post"}],"author":[{"embeddable":true,"href":"https:\/\/info.sadowne.pl\/index.php?rest_route=\/wp\/v2\/users\/1"}],"replies":[{"embeddable":true,"href":"https:\/\/info.sadowne.pl\/index.php?rest_route=%2Fwp%2Fv2%2Fcomments&post=16081"}],"version-history":[{"count":1,"href":"https:\/\/info.sadowne.pl\/index.php?rest_route=\/wp\/v2\/posts\/16081\/revisions"}],"predecessor-version":[{"id":16086,"href":"https:\/\/info.sadowne.pl\/index.php?rest_route=\/wp\/v2\/posts\/16081\/revisions\/16086"}],"wp:attachment":[{"href":"https:\/\/info.sadowne.pl\/index.php?rest_route=%2Fwp%2Fv2%2Fmedia&parent=16081"}],"wp:term":[{"taxonomy":"category","embeddable":true,"href":"https:\/\/info.sadowne.pl\/index.php?rest_route=%2Fwp%2Fv2%2Fcategories&post=16081"},{"taxonomy":"post_tag","embeddable":true,"href":"https:\/\/info.sadowne.pl\/index.php?rest_route=%2Fwp%2Fv2%2Ftags&post=16081"}],"curies":[{"name":"wp","href":"https:\/\/api.w.org\/{rel}","templated":true}]}}