{"id":16106,"date":"2017-06-17T17:15:30","date_gmt":"2017-06-17T15:15:30","guid":{"rendered":"http:\/\/info.sadowne.pl\/?p=16106"},"modified":"2017-06-17T17:15:30","modified_gmt":"2017-06-17T15:15:30","slug":"szlakiem-bocianich-gniazd","status":"publish","type":"post","link":"https:\/\/info.sadowne.pl\/?p=16106","title":{"rendered":"\u201eSzlakiem bocianich gniazd\u201d"},"content":{"rendered":"<p><strong><img loading=\"lazy\" decoding=\"async\" class=\"alignleft size-thumbnail wp-image-633\" src=\"http:\/\/info.sadowne.pl\/wp-content\/uploads\/2012\/12\/npk6-150x150.jpg\" alt=\"\" width=\"130\" height=\"130\" \/>W dniach 13-14.06.2017 r.\u00a0 odby\u0142 si\u0119 I rajd rowerowy \u201eSzlakiem bocianich gniazd\u201d organizowany przez Uczniowski Klub Sportowy.\u00a0 <\/strong><!--more--><\/p>\n<p>Trasa wiod\u0142a z Sadownego, poprzez m.in. Grabiny, Zalesie, Wilczog\u0119by, Sojk\u00f3wek, P\u0142atkownic\u0119, Brok, Morzyczyn W\u0142o\u015bcia\u0144ski, Sadole\u015b.\u00a0 W rajdzie wzi\u0119\u0142y udzia\u0142 uczniowie z klas VI Szko\u0142y Podstawowej w Sadownem w sumie oko\u0142o 40 os\u00f3b.<\/p>\n<p>Uczniowie doskonale radzili sobie na trasie i dzielnie stawiali czo\u0142a wszelkim wzniesieniom, zmianom pogody i przeciwnym wiatrom. Grono pedagogiczne nie chc\u0105c by\u0107 gorsze od swoich wychowank\u00f3w tak\u017ce zaci\u0119cie naciska\u0142o na pada\u0142y, nie spuszczaj\u0105c jednak przy tym czujnego oka ze swoich podopiecznych. Opr\u00f3cz przyrodniczych ciekawostek, dzieci mia\u0142y okazj\u0119 dowiedzie\u0107 si\u0119 o niezwyk\u0142ej historii okolic Sadownego i Broku, kt\u00f3r\u0105 w ciekawy spos\u00f3b przekaza\u0142a pani Sylwia Ilczuk. R\u00f3wnie\u017c opiekunowie z zaciekawieniem wys\u0142uchali opowie\u015bci o tym jak to dawniej tu bywa\u0142o.<\/p>\n<p><strong>Wi\u0119cej na stronie <span style=\"color: #0000ff;\"><a style=\"color: #0000ff;\" href=\"http:\/\/spsadowne.pl\/\" target=\"_blank\" rel=\"noopener noreferrer\">http:\/\/spsadowne.pl\/<\/a><\/span><\/strong><\/p>\n","protected":false},"excerpt":{"rendered":"<p>W dniach 13-14.06.2017 r.\u00a0 odby\u0142 si\u0119 I rajd rowerowy \u201eSzlakiem bocianich gniazd\u201d organizowany przez Uczniowski Klub Sportowy.\u00a0<\/p>\n","protected":false},"author":1,"featured_media":0,"comment_status":"closed","ping_status":"closed","sticky":false,"template":"","format":"standard","meta":{"footnotes":""},"categories":[5,1752,84],"tags":[361,2478,16],"class_list":["post-16106","post","type-post","status-publish","format-standard","hentry","category-newsy","category-edukacja","category-szkola-podstawowa-im-cz-wycecha","tag-sylwia-ilczuk","tag-szkaliem-bocianich-gniazd","tag-szkola-podstawowa-w-sadownem"],"views":2723,"_links":{"self":[{"href":"https:\/\/info.sadowne.pl\/index.php?rest_route=\/wp\/v2\/posts\/16106","targetHints":{"allow":["GET"]}}],"collection":[{"href":"https:\/\/info.sadowne.pl\/index.php?rest_route=\/wp\/v2\/posts"}],"about":[{"href":"https:\/\/info.sadowne.pl\/index.php?rest_route=\/wp\/v2\/types\/post"}],"author":[{"embeddable":true,"href":"https:\/\/info.sadowne.pl\/index.php?rest_route=\/wp\/v2\/users\/1"}],"replies":[{"embeddable":true,"href":"https:\/\/info.sadowne.pl\/index.php?rest_route=%2Fwp%2Fv2%2Fcomments&post=16106"}],"version-history":[{"count":1,"href":"https:\/\/info.sadowne.pl\/index.php?rest_route=\/wp\/v2\/posts\/16106\/revisions"}],"predecessor-version":[{"id":16107,"href":"https:\/\/info.sadowne.pl\/index.php?rest_route=\/wp\/v2\/posts\/16106\/revisions\/16107"}],"wp:attachment":[{"href":"https:\/\/info.sadowne.pl\/index.php?rest_route=%2Fwp%2Fv2%2Fmedia&parent=16106"}],"wp:term":[{"taxonomy":"category","embeddable":true,"href":"https:\/\/info.sadowne.pl\/index.php?rest_route=%2Fwp%2Fv2%2Fcategories&post=16106"},{"taxonomy":"post_tag","embeddable":true,"href":"https:\/\/info.sadowne.pl\/index.php?rest_route=%2Fwp%2Fv2%2Ftags&post=16106"}],"curies":[{"name":"wp","href":"https:\/\/api.w.org\/{rel}","templated":true}]}}