{"id":16119,"date":"2017-06-20T08:14:25","date_gmt":"2017-06-20T06:14:25","guid":{"rendered":"http:\/\/info.sadowne.pl\/?p=16119"},"modified":"2020-04-23T11:06:05","modified_gmt":"2020-04-23T09:06:05","slug":"piechota-do-broku","status":"publish","type":"post","link":"https:\/\/info.sadowne.pl\/?p=16119","title":{"rendered":"Piechot\u0105 do Broku"},"content":{"rendered":"<p><strong><a href=\"http:\/\/info.sadowne.pl\/wp-content\/uploads\/2017\/06\/2017.06.20.1.jpg\" target=\"_blank\" rel=\"noopener noreferrer\"><img loading=\"lazy\" decoding=\"async\" class=\"alignleft wp-image-16120 size-thumbnail\" src=\"http:\/\/info.sadowne.pl\/wp-content\/uploads\/2017\/06\/2017.06.20.1-180x130.jpg\" alt=\"\" width=\"180\" height=\"130\" \/><\/a>13 czerwca harcerze 123 DH w Sadownem, jak na W\u0142\u00f3czykij\u00f3w przysta\u0142o, wyruszyli na pieszy rajd \u201e\u015aladami historii\u201d, \u017cwawym krokiem przemierzaj\u0105c drogi naszej gminy. <\/strong><!--more--><\/p>\n<p>Pokonuj\u0105c zaplanowan\u0105 tras\u0119 odwiedzili\u015bmy cmentarze ewangelicko \u2013 augsburskie w \u00a0Sojk\u00f3wku i P\u0142atkownicy\u00a0 (miejsca poch\u00f3wku niemieckich kolonist\u00f3w), miejsca zwi\u0105zane z miejscowymi podaniami i legendami oraz \u00a0tereny o szczeg\u00f3lnych walorach przyrodniczych. \u00a0Wszystko po drodze do Broku, kt\u00f3ry stanowi\u0142 punkt docelowy naszej w\u0119dr\u00f3wki.\u00a0 11 km odcinek pokonali\u015bmy sprawnie, szybko i w doskona\u0142ych humorach. U\u015bmiech z twarzy druhen i druh\u00f3w nie znika\u0142 nawet w\u00f3wczas, gdy po raz kolejny musieli wyci\u0105ga\u0107 z plecak\u00f3w p\u0142aszcze i kurtki przeciwdeszczowe.<\/p>\n<p><a href=\"http:\/\/info.sadowne.pl\/wp-content\/uploads\/2017\/06\/2017.06.20.2.jpg\" target=\"_blank\" rel=\"noopener noreferrer\"><img loading=\"lazy\" decoding=\"async\" class=\"alignright wp-image-16121 size-medium\" src=\"http:\/\/info.sadowne.pl\/wp-content\/uploads\/2017\/06\/2017.06.20.2-e1587632742194-300x169.jpg\" alt=\"\" width=\"300\" height=\"169\" srcset=\"https:\/\/info.sadowne.pl\/wp-content\/uploads\/2017\/06\/2017.06.20.2-e1587632742194-300x169.jpg 300w, https:\/\/info.sadowne.pl\/wp-content\/uploads\/2017\/06\/2017.06.20.2-e1587632742194-768x432.jpg 768w, https:\/\/info.sadowne.pl\/wp-content\/uploads\/2017\/06\/2017.06.20.2-e1587632742194.jpg 776w\" sizes=\"auto, (max-width: 300px) 100vw, 300px\" \/><\/a>Po dotarciu do o\u015brodka \u201eBinduga\u201d w Broku na uczestnik\u00f3w rajdu czeka\u0142 ju\u017c zas\u0142u\u017cony ciep\u0142y obiad. Ale na odpoczynek nie by\u0142o du\u017co czasu: olimpiada sportowa, ognisko, wycieczki po okolicy, wsp\u00f3lne \u015bpiewogranie wype\u0142ni\u0142y czas pobytu w Broku. \u00a0Aktywny wypoczynek to przecie\u017c najlepszy spos\u00f3b na kszta\u0142towanie m\u0142odego umys\u0142u: rozwija my\u015blenie, spostrzegawczo\u015b\u0107, wyobra\u017ani\u0119, utrwala zdobyt\u0105 wiedz\u0119.<\/p>\n<p>Zach\u0119camy ka\u017cdego, aby wybra\u0142 si\u0119 na odkrywanie walor\u00f3w przyrodniczych, kulturowych i historycznych naszej najbli\u017cszej okolicy. Pi\u0119kno ziemi sadowie\u0144skiej sk\u0142ania do przemy\u015ble\u0144 i refleksji, zw\u0142aszcza w\u00f3wczas, gdy prowadzimy z ni\u0105 dialog w \u201ecztery oczy\u201d.<\/p>\n<p><strong>Zdj\u0119cia na stronie <span style=\"color: #0000ff;\"><a style=\"color: #0000ff;\" href=\"https:\/\/drive.google.com\/drive\/folders\/0BwhuWbvyix5DTm1QTjE1bThyVEE\" target=\"_blank\" rel=\"noopener noreferrer\">https:\/\/drive.google.com\/drive\/folders\/0BwhuWbvyix5DTm1QTjE1bThyVEE<\/a><\/span><\/strong><\/p>\n<p><strong>Sylwia Ilczuk<\/strong><\/p>\n","protected":false},"excerpt":{"rendered":"<p>13 czerwca harcerze 123 DH w Sadownem, jak na W\u0142\u00f3czykij\u00f3w przysta\u0142o, wyruszyli na pieszy rajd \u201e\u015aladami historii\u201d, \u017cwawym krokiem przemierzaj\u0105c drogi naszej gminy.<\/p>\n","protected":false},"author":1,"featured_media":0,"comment_status":"closed","ping_status":"closed","sticky":false,"template":"","format":"standard","meta":{"footnotes":""},"categories":[5,1670,1752],"tags":[1937,2480,361],"class_list":["post-16119","post","type-post","status-publish","format-standard","hentry","category-newsy","category-druzyna-harcerska-wloczykije","category-edukacja","tag-123-druzyna-harcerska-wloczykije-w-sadownem","tag-piechota-do-broku","tag-sylwia-ilczuk"],"views":3207,"_links":{"self":[{"href":"https:\/\/info.sadowne.pl\/index.php?rest_route=\/wp\/v2\/posts\/16119","targetHints":{"allow":["GET"]}}],"collection":[{"href":"https:\/\/info.sadowne.pl\/index.php?rest_route=\/wp\/v2\/posts"}],"about":[{"href":"https:\/\/info.sadowne.pl\/index.php?rest_route=\/wp\/v2\/types\/post"}],"author":[{"embeddable":true,"href":"https:\/\/info.sadowne.pl\/index.php?rest_route=\/wp\/v2\/users\/1"}],"replies":[{"embeddable":true,"href":"https:\/\/info.sadowne.pl\/index.php?rest_route=%2Fwp%2Fv2%2Fcomments&post=16119"}],"version-history":[{"count":3,"href":"https:\/\/info.sadowne.pl\/index.php?rest_route=\/wp\/v2\/posts\/16119\/revisions"}],"predecessor-version":[{"id":23052,"href":"https:\/\/info.sadowne.pl\/index.php?rest_route=\/wp\/v2\/posts\/16119\/revisions\/23052"}],"wp:attachment":[{"href":"https:\/\/info.sadowne.pl\/index.php?rest_route=%2Fwp%2Fv2%2Fmedia&parent=16119"}],"wp:term":[{"taxonomy":"category","embeddable":true,"href":"https:\/\/info.sadowne.pl\/index.php?rest_route=%2Fwp%2Fv2%2Fcategories&post=16119"},{"taxonomy":"post_tag","embeddable":true,"href":"https:\/\/info.sadowne.pl\/index.php?rest_route=%2Fwp%2Fv2%2Ftags&post=16119"}],"curies":[{"name":"wp","href":"https:\/\/api.w.org\/{rel}","templated":true}]}}