{"id":16142,"date":"2017-06-22T19:30:20","date_gmt":"2017-06-22T17:30:20","guid":{"rendered":"http:\/\/info.sadowne.pl\/?p=16142"},"modified":"2020-04-24T14:20:57","modified_gmt":"2020-04-24T12:20:57","slug":"gok-zakonczyl-zajecia","status":"publish","type":"post","link":"https:\/\/info.sadowne.pl\/?p=16142","title":{"rendered":"GOK zako\u0144czy\u0142 zaj\u0119cia"},"content":{"rendered":"<p><strong><img loading=\"lazy\" decoding=\"async\" class=\"alignleft size-thumbnail wp-image-16143\" src=\"http:\/\/info.sadowne.pl\/wp-content\/uploads\/2017\/06\/2017.06.22.1-180x130.jpg\" alt=\"\" width=\"180\" height=\"130\" \/>Zako\u0144czy\u0142y si\u0119 zaj\u0119cia w Gminnym O\u015brodku Kultury w Sadownem. W przedostatnim dniu roku szkolnego odby\u0142o si\u0119 wsp\u00f3lne spotkanie przy ognisku.<\/strong><!--more--><\/p>\n<p>Od pa\u017adziernika ubieg\u0142ego roku w Gminnym O\u015brodku Kultury w Sadownem odbywa\u0142y si\u0119 zaj\u0119cia dla dzieci: wokalne, muzyczne, plastyczno \u2013 techniczne, ceramiczne, teatralne, taneczne, gimnastyczno \u2013 cyrkowe i sportowe, kt\u00f3re prowadzili instruktorzy. Cieszy\u0142y si\u0119 du\u017cym zainteresowaniem, dlatego te\u017c nie narzekano na zbyt ma\u0142\u0105 liczb\u0119 uczestnik\u00f3w.<\/p>\n<p>Ko\u0144czy si\u0119 obecny rok szkolny i tak\u017ce w tym samym czasie zaj\u0119cia zostaj\u0105 zawieszone na okres wakacji. Jakie zaj\u0119cia zaoferuje GOK od przysz\u0142ego roku szkolnego dowiemy si\u0119 wkr\u00f3tce. Po okresie wyt\u0119\u017conej pracy ka\u017cdemu nale\u017cy si\u0119 odpoczynek i temu maj\u0105 s\u0142u\u017cy\u0107 tak oczekiwane wakacje. Ale\u2026 jeszcze przed nimi, 22 czerwca Gminny O\u015brodek Kultury zorganizowa\u0142 dla swoich podopiecznych spotkanie przy ognisku. Odby\u0142o si\u0119 ono na polanie Ko\u0142a \u0141owieckiego \u015aw. Huberta w Sadownem i uczestniczy\u0142y w nim dzieci, kt\u00f3re przez prawie rok ucz\u0119szcza\u0142y na wspomniane zaj\u0119cia, a tak\u017ce dysponowa\u0142y wolnym czasem w dniu spotkania.<\/p>\n<p>C\u00f3\u017c za frajda upiec w\u0142asnor\u0119cznie na ognisku kie\u0142bask\u0119 i jak musi ona smakowa\u0107 zw\u0142aszcza, gdy trzeba zregenerowa\u0107 si\u0142y po zabawach na \u015bwie\u017cym powietrzu. Dobrze zorganizowane chwile z r\u00f3\u017cnymi zabawami, kt\u00f3re przygotowali dla dzieci pracownicy GOK, szybk\u0105 jednak mijaj\u0105 i\u2026 cho\u0107 niech\u0119tnie trzeba uda\u0107 si\u0119 jednak do domu, bo jutro wypada chyba i\u015b\u0107 jeszcze do szko\u0142y.<\/p>\n<p><strong>A my ze swej strony \u017cyczymy naszym uczniom udanych wakacji. Do zobaczenia we wrze\u015bniu, a mo\u017ce wcze\u015bniej?<\/strong><\/p>\n<p><a href=\"https:\/\/photos.app.goo.gl\/FDNJFH587RX6m5er7\" target=\"_blank\" rel=\"noopener noreferrer\"><span style=\"color: #0000ff;\"><strong>Zdj\u0119cia w galerii Google&gt;&gt;&gt;<\/strong><\/span><\/a><\/p>\n<p><strong>Tekst\/foto:<\/strong> S\u0142awek Chyli\u0144ski<\/p>\n","protected":false},"excerpt":{"rendered":"<p>Zako\u0144czy\u0142y si\u0119 zaj\u0119cia w Gminnym O\u015brodku Kultury w Sadownem. W przedostatnim dniu roku szkolnego odby\u0142o si\u0119 wsp\u00f3lne spotkanie przy ognisku.<\/p>\n","protected":false},"author":1,"featured_media":0,"comment_status":"closed","ping_status":"closed","sticky":false,"template":"","format":"standard","meta":{"footnotes":""},"categories":[5,91,6],"tags":[169,2130,370],"class_list":["post-16142","post","type-post","status-publish","format-standard","hentry","category-newsy","category-gminny-osrodek-kultury","category-kultura-rozrywka-edukacja","tag-gminny-osrodek-kultury-w-sadownem","tag-ognisko-dla-dzieci-w-sadownem","tag-zajecia-w-gok-sadowne"],"views":2970,"_links":{"self":[{"href":"https:\/\/info.sadowne.pl\/index.php?rest_route=\/wp\/v2\/posts\/16142","targetHints":{"allow":["GET"]}}],"collection":[{"href":"https:\/\/info.sadowne.pl\/index.php?rest_route=\/wp\/v2\/posts"}],"about":[{"href":"https:\/\/info.sadowne.pl\/index.php?rest_route=\/wp\/v2\/types\/post"}],"author":[{"embeddable":true,"href":"https:\/\/info.sadowne.pl\/index.php?rest_route=\/wp\/v2\/users\/1"}],"replies":[{"embeddable":true,"href":"https:\/\/info.sadowne.pl\/index.php?rest_route=%2Fwp%2Fv2%2Fcomments&post=16142"}],"version-history":[{"count":2,"href":"https:\/\/info.sadowne.pl\/index.php?rest_route=\/wp\/v2\/posts\/16142\/revisions"}],"predecessor-version":[{"id":23122,"href":"https:\/\/info.sadowne.pl\/index.php?rest_route=\/wp\/v2\/posts\/16142\/revisions\/23122"}],"wp:attachment":[{"href":"https:\/\/info.sadowne.pl\/index.php?rest_route=%2Fwp%2Fv2%2Fmedia&parent=16142"}],"wp:term":[{"taxonomy":"category","embeddable":true,"href":"https:\/\/info.sadowne.pl\/index.php?rest_route=%2Fwp%2Fv2%2Fcategories&post=16142"},{"taxonomy":"post_tag","embeddable":true,"href":"https:\/\/info.sadowne.pl\/index.php?rest_route=%2Fwp%2Fv2%2Ftags&post=16142"}],"curies":[{"name":"wp","href":"https:\/\/api.w.org\/{rel}","templated":true}]}}