{"id":16145,"date":"2017-06-22T20:14:18","date_gmt":"2017-06-22T18:14:18","guid":{"rendered":"http:\/\/info.sadowne.pl\/?p=16145"},"modified":"2017-06-22T20:14:18","modified_gmt":"2017-06-22T18:14:18","slug":"tropiciele-z-iii-b","status":"publish","type":"post","link":"https:\/\/info.sadowne.pl\/?p=16145","title":{"rendered":"Tropiciele z III B"},"content":{"rendered":"<p><strong><a href=\"http:\/\/info.sadowne.pl\/wp-content\/uploads\/2017\/06\/2017.06.22.14.jpg\" target=\"_blank\" rel=\"noopener noreferrer\"><img loading=\"lazy\" decoding=\"async\" class=\"alignleft wp-image-16147 size-thumbnail\" src=\"http:\/\/info.sadowne.pl\/wp-content\/uploads\/2017\/06\/2017.06.22.14-180x130.jpg\" alt=\"\" width=\"180\" height=\"130\" \/><\/a>Od 6 marca, prawie w ka\u017cdy poniedzia\u0142ek na zaj\u0119ciach dodatkowych, uczniowie klasy III b Szko\u0142y Podstawowej w Sadownem realizowali zaj\u0119cia z zakresu kompetencji spo\u0142ecznych <\/strong><!--more--><\/p>\n<p>w ramach og\u00f3lnopolskiego programu\u00a0<strong><em>\u201eLekcje z klas\u0105\u201d<\/em><\/strong>, kt\u00f3ry zosta\u0142y obj\u0119ty patronatem honorowym\u00a0<strong><em>Ministra Edukacji Narodowej<\/em><\/strong>.<\/p>\n<p><a href=\"http:\/\/info.sadowne.pl\/wp-content\/uploads\/2017\/06\/2017.06.22.15.jpg\" target=\"_blank\" rel=\"noopener noreferrer\"><img loading=\"lazy\" decoding=\"async\" class=\"alignright wp-image-16148 size-thumbnail\" src=\"http:\/\/info.sadowne.pl\/wp-content\/uploads\/2017\/06\/2017.06.22.15-180x130.jpg\" alt=\"\" width=\"180\" height=\"130\" \/><\/a>Symbolicznie teleportowali si\u0119 w \u015bwiat gry \u201e<strong>Profesor Szkie\u0142ko i tropiciele<\/strong>\u201d, kt\u00f3r\u0105 otrzymali dzi\u0119ki sponsorom z\u00a0<strong><em>Fundacji Uniwersytet Dzieci \u00a0<\/em><\/strong>jako jedna z 1000 szk\u00f3\u0142 z ca\u0142ej Polski. Poprzez cykl zaj\u0119\u0107 prze\u017cywali przygody i uczyli si\u0119 rozpoznawa\u0107 emocje, poznawa\u0107 konstruktywne sposoby ich wyra\u017cania, rozumie\u0107 relacje w rodzinie i z r\u00f3wie\u015bnikami, kreatywnie my\u015ble\u0107.\u00a0W ramach zaj\u0119\u0107 s\u0142uchali rad Profesora Szkie\u0142ko i detektyw Empatii, ogl\u0105dali instrukta\u017cowe filmy, pracowali w grupach, przedstawiali scenki dramowe, wykonywali prace plastyczne, eksponowali efekty pracy na gazetkach \u015bciennych w klasie i na korytarzu. Program zosta\u0142 pomy\u015blnie zako\u0144czony, uczniowie w swoich paszportach otrzymali ostatnie piecz\u0105tki potwierdzaj\u0105ce wykonanie zadania.<\/p>\n<p>Dzi\u0119kujemy Fundacji oraz darczy\u0144com za prezent.<\/p>\n<p><strong>Zdj\u0119cia na stronie <span style=\"color: #0000ff;\"><a style=\"color: #0000ff;\" href=\"http:\/\/www.spsadowne.pl\" target=\"_blank\" rel=\"noopener noreferrer\">Szko\u0142y Podstawowej w Sadownem&gt;&gt;&gt;<\/a><\/span><\/strong><\/p>\n<p><strong>Halina \u017bach<\/strong><\/p>\n<p><strong>\u0179r\u00f3d\u0142o:<\/strong> <a href=\"http:\/\/www.spsadowne.pl\" target=\"_blank\" rel=\"noopener noreferrer\">www.spsadowne.pl<\/a><\/p>\n","protected":false},"excerpt":{"rendered":"<p>Od 6 marca, prawie w ka\u017cdy poniedzia\u0142ek na zaj\u0119ciach dodatkowych, uczniowie klasy III b Szko\u0142y Podstawowej w Sadownem realizowali zaj\u0119cia z zakresu kompetencji spo\u0142ecznych<\/p>\n","protected":false},"author":1,"featured_media":0,"comment_status":"closed","ping_status":"closed","sticky":false,"template":"","format":"standard","meta":{"footnotes":""},"categories":[5,1752,84],"tags":[1836,16,2485],"class_list":["post-16145","post","type-post","status-publish","format-standard","hentry","category-newsy","category-edukacja","category-szkola-podstawowa-im-cz-wycecha","tag-halina-zach","tag-szkola-podstawowa-w-sadownem","tag-tropiciele-z-iii-b"],"views":3105,"_links":{"self":[{"href":"https:\/\/info.sadowne.pl\/index.php?rest_route=\/wp\/v2\/posts\/16145","targetHints":{"allow":["GET"]}}],"collection":[{"href":"https:\/\/info.sadowne.pl\/index.php?rest_route=\/wp\/v2\/posts"}],"about":[{"href":"https:\/\/info.sadowne.pl\/index.php?rest_route=\/wp\/v2\/types\/post"}],"author":[{"embeddable":true,"href":"https:\/\/info.sadowne.pl\/index.php?rest_route=\/wp\/v2\/users\/1"}],"replies":[{"embeddable":true,"href":"https:\/\/info.sadowne.pl\/index.php?rest_route=%2Fwp%2Fv2%2Fcomments&post=16145"}],"version-history":[{"count":1,"href":"https:\/\/info.sadowne.pl\/index.php?rest_route=\/wp\/v2\/posts\/16145\/revisions"}],"predecessor-version":[{"id":16149,"href":"https:\/\/info.sadowne.pl\/index.php?rest_route=\/wp\/v2\/posts\/16145\/revisions\/16149"}],"wp:attachment":[{"href":"https:\/\/info.sadowne.pl\/index.php?rest_route=%2Fwp%2Fv2%2Fmedia&parent=16145"}],"wp:term":[{"taxonomy":"category","embeddable":true,"href":"https:\/\/info.sadowne.pl\/index.php?rest_route=%2Fwp%2Fv2%2Fcategories&post=16145"},{"taxonomy":"post_tag","embeddable":true,"href":"https:\/\/info.sadowne.pl\/index.php?rest_route=%2Fwp%2Fv2%2Ftags&post=16145"}],"curies":[{"name":"wp","href":"https:\/\/api.w.org\/{rel}","templated":true}]}}