{"id":16160,"date":"2017-06-23T19:44:41","date_gmt":"2017-06-23T17:44:41","guid":{"rendered":"http:\/\/info.sadowne.pl\/?p=16160"},"modified":"2020-04-24T14:19:41","modified_gmt":"2020-04-24T12:19:41","slug":"wizyta-w-itamed-zie","status":"publish","type":"post","link":"https:\/\/info.sadowne.pl\/?p=16160","title":{"rendered":"Wizyta w ITAMED-zie"},"content":{"rendered":"<p><strong><img loading=\"lazy\" decoding=\"async\" class=\"alignleft size-thumbnail wp-image-16161\" src=\"http:\/\/info.sadowne.pl\/wp-content\/uploads\/2017\/06\/2017.06.23.5-180x130.jpg\" alt=\"\" width=\"180\" height=\"130\" \/>23 czerwca aktorzy z grupy teatralnej Gminnego O\u015brodka Kultury w Sadownem wybrali si\u0119 do Centrum Opieku\u0144czo &#8211; Rehabilitacyjnego ITAMED w Sadolesiu, by umili\u0107 czas pensjonariuszom tego O\u015brodka. <\/strong><!--more--><\/p>\n<p>Na to szczeg\u00f3lne spotkanie przygotowali\u015bmy program, na kt\u00f3ry sk\u0142ada\u0142y si\u0119 humorystyczne scenki z \u017cycia wzi\u0119te. Scenki te obrazowa\u0142y kolejne etapy \u017cycia cz\u0142owieka. Oto ich tytu\u0142y: \u201eBabcie\u201d, \u201eTeleludek\u201d, \u201eOn i ona\u201d, \u201eM\u0105\u017c i \u017cona\u201d oraz \u201eKucharki\u201d.<\/p>\n<p>Mimo, i\u017c program by\u0142 starannie opracowany, m\u0142odzi aktorzy musieli wykaza\u0107 si\u0119 du\u017c\u0105 \u201ezaradno\u015bci\u0105\u201d i kunsztem aktorskim, a to dlatego, \u017ce pogoda pokrzy\u017cowa\u0142a plany i musieli wyst\u0119powa\u0107 w nieco trudnych warunkach \u2013 na w\u0105skim korytarzu. Poradzili sobie \u015bwietnie. Wyst\u0119p bardzo podoba\u0142 si\u0119 publiczno\u015bci, o czym \u015bwiadcz\u0105 brawa i komentarze wyg\u0142aszane podczas wyst\u0119p\u00f3w oraz p\u00f3\u017aniejsze rozmowy z pensjonariuszami.<\/p>\n<p>W scenkach wyst\u0105pili: Maja W\u00f3jcik, Iza Ilczuk, Zuzia Gierej, Maja Bubrzyk, Madzia Narowska, Ala Gajewska, Witek Bereza oraz Sebastian Wydro. Na pami\u0105tk\u0119 mi\u0142ego spotkania dzieci wr\u0119czy\u0142y widzom, specjalnie wykonane na t\u0119 okazj\u0119, kwiatki. Wyst\u0119p przebiega\u0142 bardzo sprawnie, a jest to zas\u0142uga rodzic\u00f3w, kt\u00f3rzy towarzyszyli aktorom oraz pana Sebastiana Kowalczyka, kt\u00f3ry odpowiedzialny by\u0142 za nag\u0142o\u015bnienie.<\/p>\n<p>Mi\u0142e s\u0142owa pod adresem grupy wypowiedzia\u0142a pani Edyta D\u0105browska \u2013 w\u0142a\u015bcicielka ITAMED-u. By\u0142 to ostatni wyst\u0119p i okazja do wzajemnych podzi\u0119kowa\u0144. Rodzice i dzieci podzi\u0119kowali mi za trud w\u0142o\u017cony w prowadzenie zaj\u0119\u0107, a ja za wsp\u00f3\u0142prac\u0119. Rozstali\u015bmy si\u0119 w mi\u0142ej atmosferze i udali\u015bmy si\u0119 na zas\u0142u\u017cony odpoczynek.<\/p>\n<p><strong>Danuta Chyli\u0144ska \u2013 opiekunka Grupy<\/strong><\/p>\n<p><a href=\"https:\/\/photos.app.goo.gl\/uX9jnCAMXqukkNyw7\" target=\"_blank\" rel=\"noopener noreferrer\"><span style=\"color: #0000ff;\"><strong>Zdj\u0119cia w galerii Google&gt;&gt;&gt;<\/strong><\/span><\/a><\/p>\n","protected":false},"excerpt":{"rendered":"<p>23 czerwca aktorzy z grupy teatralnej Gminnego O\u015brodka Kultury w Sadownem wybrali si\u0119 do Centrum Opieku\u0144czo &#8211; Rehabilitacyjnego ITAMED w Sadolesiu, by umili\u0107 czas pensjonariuszom tego O\u015brodka.<\/p>\n","protected":false},"author":1,"featured_media":0,"comment_status":"closed","ping_status":"closed","sticky":false,"template":"","format":"standard","meta":{"footnotes":""},"categories":[5,91,6],"tags":[1247,169,2316],"class_list":["post-16160","post","type-post","status-publish","format-standard","hentry","category-newsy","category-gminny-osrodek-kultury","category-kultura-rozrywka-edukacja","tag-centrum-opiekunczo-rehabilitacyjne-itamed","tag-gminny-osrodek-kultury-w-sadownem","tag-grupa-teatralna-gok-sadowne"],"views":3008,"_links":{"self":[{"href":"https:\/\/info.sadowne.pl\/index.php?rest_route=\/wp\/v2\/posts\/16160","targetHints":{"allow":["GET"]}}],"collection":[{"href":"https:\/\/info.sadowne.pl\/index.php?rest_route=\/wp\/v2\/posts"}],"about":[{"href":"https:\/\/info.sadowne.pl\/index.php?rest_route=\/wp\/v2\/types\/post"}],"author":[{"embeddable":true,"href":"https:\/\/info.sadowne.pl\/index.php?rest_route=\/wp\/v2\/users\/1"}],"replies":[{"embeddable":true,"href":"https:\/\/info.sadowne.pl\/index.php?rest_route=%2Fwp%2Fv2%2Fcomments&post=16160"}],"version-history":[{"count":3,"href":"https:\/\/info.sadowne.pl\/index.php?rest_route=\/wp\/v2\/posts\/16160\/revisions"}],"predecessor-version":[{"id":23121,"href":"https:\/\/info.sadowne.pl\/index.php?rest_route=\/wp\/v2\/posts\/16160\/revisions\/23121"}],"wp:attachment":[{"href":"https:\/\/info.sadowne.pl\/index.php?rest_route=%2Fwp%2Fv2%2Fmedia&parent=16160"}],"wp:term":[{"taxonomy":"category","embeddable":true,"href":"https:\/\/info.sadowne.pl\/index.php?rest_route=%2Fwp%2Fv2%2Fcategories&post=16160"},{"taxonomy":"post_tag","embeddable":true,"href":"https:\/\/info.sadowne.pl\/index.php?rest_route=%2Fwp%2Fv2%2Ftags&post=16160"}],"curies":[{"name":"wp","href":"https:\/\/api.w.org\/{rel}","templated":true}]}}