{"id":16187,"date":"2017-06-26T16:05:17","date_gmt":"2017-06-26T14:05:17","guid":{"rendered":"http:\/\/info.sadowne.pl\/?p=16187"},"modified":"2017-06-26T16:05:17","modified_gmt":"2017-06-26T14:05:17","slug":"sadowianki-sadowne-2","status":"publish","type":"post","link":"https:\/\/info.sadowne.pl\/?p=16187","title":{"rendered":"Sadowianki &#8211; Sadowne"},"content":{"rendered":"<p><strong><img loading=\"lazy\" decoding=\"async\" class=\"alignleft size-full wp-image-16188\" src=\"http:\/\/info.sadowne.pl\/wp-content\/uploads\/2017\/06\/sad285.jpg\" alt=\"\" width=\"100\" height=\"91\" \/>ZJAZD ABSOLWENT\u00d3W 3 \u2013 4 pa\u017adziernika 2015 roku.<\/strong><!--more--><strong>Zesp\u00f3\u0142 Szk\u00f3\u0142 Ponadgimnazjalnych w Sadownem obchodzi\u0142 <\/strong><strong>jubileusz 70-lecia istnienia Liceum Og\u00f3lnokszta\u0142c\u0105cego.<\/strong><\/p>\n<p><span style=\"color: #0000ff;\"><em>\u201eJubileusz sk\u0142ania do refleksji i zastanowienia si\u0119 nad przesz\u0142o\u015bci\u0105, tera\u017aniejszo\u015bci\u0105 i przysz\u0142o\u015bci\u0105. Przesz\u0142o\u015b\u0107 to historia i wspomnienia, tera\u017aniejszo\u015b\u0107 to codzienne \u017cycie szkolne i przygotowania do nowego, a przysz\u0142o\u015b\u0107? To zapewne zmiany, kolejne wyzwania, jakie wymusi na nas czas i okoliczno\u015bci\u2026&#8221;.<\/em><\/span><\/p>\n<p>Na VII Zjazd Absolwent\u00f3w zorganizowany z okazji urodzin Szko\u0142y przyby\u0142o oko\u0142o 250 os\u00f3b.<br \/>\n<img loading=\"lazy\" decoding=\"async\" class=\"aligncenter size-full wp-image-16189\" src=\"http:\/\/info.sadowne.pl\/wp-content\/uploads\/2017\/06\/sad286.jpg\" alt=\"\" width=\"543\" height=\"362\" srcset=\"https:\/\/info.sadowne.pl\/wp-content\/uploads\/2017\/06\/sad286.jpg 543w, https:\/\/info.sadowne.pl\/wp-content\/uploads\/2017\/06\/sad286-300x200.jpg 300w\" sizes=\"auto, (max-width: 543px) 100vw, 543px\" \/><\/p>\n<p>Byli w\u015br\u00f3d nich zaproszeni go\u015bcie: ks. Biskup Tadeusz Pikus, Senator Rzeczypospolitej Polskiej Pani Maria Koc, Wicemarsza\u0142ek Wojew\u00f3dztwa Mazowieckiego Pani El\u017cbieta Lanc, Pani Wicestarosta Halina Uli\u0144ska, Przewodnicz\u0105ca Rady Powiatu Pani Lidia Siuchta, W\u00f3jt Gminy Sadowne Pan Waldemar Cyran. Uroczysto\u015b\u0107, kt\u00f3rej mottem sta\u0142y si\u0119 s\u0142owa:<\/p>\n<p style=\"text-align: center;\">\u00a0\u00a0\u00a0\u00a0\u00a0\u00a0\u00a0\u00a0\u00a0\u00a0\u00a0\u00a0\u00a0 <span style=\"color: #ff0000;\"><strong>\u00a0<em>\u201eBy pokrzepi\u0107 si\u0119 wspomnieniami<\/em>\u201d<\/strong><\/span><\/p>\n<p><em>roz<\/em>pocz\u0119\u0142a Msza \u015bw. odprawiona pod przewodnictwem jego ekscelencji ks. Biskupa Tadeusza Pikusa.<\/p>\n<p>Po uroczysto\u015bci Ko\u015bcielnej przedstawiciele absolwent\u00f3w udali si\u0119 na cmentarz i z\u0142o\u017cyli kwiaty na grobach zmar\u0142ych nauczycieli liceum.<\/p>\n<p><img loading=\"lazy\" decoding=\"async\" class=\"aligncenter size-full wp-image-16190\" src=\"http:\/\/info.sadowne.pl\/wp-content\/uploads\/2017\/06\/sad287.jpg\" alt=\"\" width=\"573\" height=\"470\" srcset=\"https:\/\/info.sadowne.pl\/wp-content\/uploads\/2017\/06\/sad287.jpg 573w, https:\/\/info.sadowne.pl\/wp-content\/uploads\/2017\/06\/sad287-300x246.jpg 300w\" sizes=\"auto, (max-width: 573px) 100vw, 573px\" \/><\/p>\n<p>Nast\u0119pnie wszyscy spotkali si\u0119 w sali gimnastycznej LO, gdzie konferansjerk\u0119 poprowadzili absolwenci \u2013 cz\u0142onkowie Komitetu Organizacyjnego: Maria Nowakowska i Wojciech \u0141opaci\u0144ski. Uroczysto\u015b\u0107 sta\u0142a si\u0119 doskona\u0142\u0105 okazj\u0105 do podsumowa\u0144, podzi\u0119kowa\u0144 i wyra\u017cenia wdzi\u0119czno\u015bci za dzia\u0142alno\u015b\u0107 szko\u0142y. Zaproszeni go\u015bcie docenili 70-letni\u0105 prac\u0119 edukacyjn\u0105 naszego Liceum, upami\u0119tniaj\u0105c jubileusz odznaczeniami i pismami gratulacyjnymi.<\/p>\n<p><img loading=\"lazy\" decoding=\"async\" class=\"aligncenter size-full wp-image-16191\" src=\"http:\/\/info.sadowne.pl\/wp-content\/uploads\/2017\/06\/sad288.jpg\" alt=\"\" width=\"570\" height=\"381\" srcset=\"https:\/\/info.sadowne.pl\/wp-content\/uploads\/2017\/06\/sad288.jpg 570w, https:\/\/info.sadowne.pl\/wp-content\/uploads\/2017\/06\/sad288-300x201.jpg 300w\" sizes=\"auto, (max-width: 570px) 100vw, 570px\" \/><\/p>\n<p>Z r\u0105k Pani El\u017cbiety Lanc, reprezentuj\u0105cej Marsza\u0142ka Wojew\u00f3dztwa Mazowieckiego Adama Struzika,\u00a0 Liceum Og\u00f3lnokszta\u0142c\u0105ce im. W\u0142adys\u0142awa Orkana w Sadownem za wybitne zas\u0142ugi oraz ca\u0142okszta\u0142t dzia\u0142alno\u015bci na rzecz wojew\u00f3dztwa mazowieckiego zosta\u0142o odznaczone pami\u0105tkowym medalem PRO MASOVIA.<\/p>\n<p>Jest to dla szko\u0142y ogromne wyr\u00f3\u017cnienie i docenienie pracy kadry pedagogicznej.<\/p>\n<p>Listy gratulacyjne wr\u0119czyli Pani Wicestarosta Halina Uli\u0144ska w imieniu Starosty W\u0119growskiego i W\u00f3jt Gminy Sadowne Pan Waldemar Cyran.<\/p>\n<p>Uroczysto\u015bci by\u0142y okazj\u0105 do wyra\u017cenia wdzi\u0119czno\u015bci wychowank\u00f3w dla swoich nauczycieli.<\/p>\n<div id=\"attachment_16192\" style=\"width: 574px\" class=\"wp-caption aligncenter\"><img loading=\"lazy\" decoding=\"async\" aria-describedby=\"caption-attachment-16192\" class=\"wp-image-16192 size-full\" src=\"http:\/\/info.sadowne.pl\/wp-content\/uploads\/2017\/06\/sad289.jpg\" alt=\"\" width=\"564\" height=\"376\" srcset=\"https:\/\/info.sadowne.pl\/wp-content\/uploads\/2017\/06\/sad289.jpg 564w, https:\/\/info.sadowne.pl\/wp-content\/uploads\/2017\/06\/sad289-300x200.jpg 300w\" sizes=\"auto, (max-width: 564px) 100vw, 564px\" \/><p id=\"caption-attachment-16192\" class=\"wp-caption-text\">Owacyjne brawa i kwiaty otrzyma\u0142 emerytowany Dyrektor Liceum p. Edward Herman<\/p><\/div>\n<p>&nbsp;<\/p>\n<p><img loading=\"lazy\" decoding=\"async\" class=\"aligncenter size-full wp-image-16193\" src=\"http:\/\/info.sadowne.pl\/wp-content\/uploads\/2017\/06\/sad290.jpg\" alt=\"\" width=\"471\" height=\"582\" srcset=\"https:\/\/info.sadowne.pl\/wp-content\/uploads\/2017\/06\/sad290.jpg 471w, https:\/\/info.sadowne.pl\/wp-content\/uploads\/2017\/06\/sad290-243x300.jpg 243w\" sizes=\"auto, (max-width: 471px) 100vw, 471px\" \/><\/p>\n<p>Pani Senator Maria Koc na r\u0119ce Dyrektora S\u0142awomira Ryszawy wr\u0119czy\u0142a szkole pami\u0105tkowy grawer z gratulacjami i podzi\u0119kowaniami za \u00a0pi\u0119kn\u0105 i pe\u0142n\u0105 po\u015bwiecenia prac\u0119 na rzecz lokalnej spo\u0142eczno\u015bci. Kolejnym punktem uroczysto\u015bci by\u0142 program artystyczny w wykonaniu m\u0142odzie\u017cy. By\u0142a to sentymentalna podr\u00f3\u017c w czasie, podczas kt\u00f3rej kolejne 7 dekad z historii naszej szko\u0142y, przedstawione zosta\u0142y w ta\u0144cu, piosence oraz poezji. Zwie\u0144czeniem uroczysto\u015bci by\u0142 wieczorny bal absolwent\u00f3w, na kt\u00f3rym wspania\u0142a zabawa trwa\u0142a do \u015bwitu. Jedni ta\u0144czyli, inni przemierzali szkolne korytarze, ogl\u0105dali sale lekcyjne, stare k\u0105ty.<\/p>\n<p><img loading=\"lazy\" decoding=\"async\" class=\"aligncenter size-full wp-image-16194\" src=\"http:\/\/info.sadowne.pl\/wp-content\/uploads\/2017\/06\/sad291.jpg\" alt=\"\" width=\"591\" height=\"254\" srcset=\"https:\/\/info.sadowne.pl\/wp-content\/uploads\/2017\/06\/sad291.jpg 591w, https:\/\/info.sadowne.pl\/wp-content\/uploads\/2017\/06\/sad291-300x129.jpg 300w\" sizes=\"auto, (max-width: 591px) 100vw, 591px\" \/><\/p>\n<p>Wszyscy rozmawiali i wspominali. Ale by\u0142 jeszcze kolejny dzie\u0144! Po kilku godzinach odpoczynku, w niedziel\u0119 4 pa\u017adziernika wychowankowie szko\u0142y stawili si\u0119 na po\u017cegnalnym ognisku i koncercie Zespo\u0142u Sadowianki.<\/p>\n<div id=\"attachment_16195\" style=\"width: 563px\" class=\"wp-caption aligncenter\"><img loading=\"lazy\" decoding=\"async\" aria-describedby=\"caption-attachment-16195\" class=\"wp-image-16195 size-full\" src=\"http:\/\/info.sadowne.pl\/wp-content\/uploads\/2017\/06\/sad292.jpg\" alt=\"\" width=\"553\" height=\"369\" srcset=\"https:\/\/info.sadowne.pl\/wp-content\/uploads\/2017\/06\/sad292.jpg 553w, https:\/\/info.sadowne.pl\/wp-content\/uploads\/2017\/06\/sad292-300x200.jpg 300w\" sizes=\"auto, (max-width: 553px) 100vw, 553px\" \/><p id=\"caption-attachment-16195\" class=\"wp-caption-text\">SADOWIANKI \u2013 przed szko\u0142\u0105 w Sadownem 4 pa\u017adziernika 2015 roku. Wszyscy uczestnicy zjazdu otrzymali albumy fotograficzne i pami\u0105tki jubileuszowe<\/p><\/div>\n<p>&nbsp;<\/p>\n<p><img loading=\"lazy\" decoding=\"async\" class=\"alignleft size-full wp-image-16196\" src=\"http:\/\/info.sadowne.pl\/wp-content\/uploads\/2017\/06\/sad293.jpg\" alt=\"\" width=\"150\" height=\"100\" \/><strong>SADOWNE \u2013 GOK<\/strong><\/p>\n<p><strong>20 pa\u017adziernika 2015 roku w Sadownem uroczy\u015bcie zainaugurowano\u00a0<\/strong><strong>dzia\u0142alno\u015b\u0107 Sadowie\u0144skiego Klubu Seniora.<\/strong><\/p>\n<p>By\u0142o to ju\u017c drugie spotkanie, na kt\u00f3re przyby\u0142o znacznie wi\u0119cej os\u00f3b.<\/p>\n<p>Zgodnie z zapowiedzi\u0105, by\u0142o to spotkanie inauguracyjne. Jego rang\u0119 podnie\u015bli go\u015bcie, kt\u00f3rzy wyrazili ch\u0119\u0107 spotkania si\u0119 z seniorami.<\/p>\n<p>Spotkanie rozpocz\u0119\u0142a p. Ewa Pi\u00f3rkowska \u2013 Dyrektor GOK, kt\u00f3ra obj\u0119\u0142a opiek\u0105 powstaj\u0105cy Klub.<\/p>\n<div id=\"attachment_16197\" style=\"width: 274px\" class=\"wp-caption aligncenter\"><img loading=\"lazy\" decoding=\"async\" aria-describedby=\"caption-attachment-16197\" class=\"wp-image-16197 size-full\" src=\"http:\/\/info.sadowne.pl\/wp-content\/uploads\/2017\/06\/sad294.jpg\" alt=\"\" width=\"264\" height=\"415\" srcset=\"https:\/\/info.sadowne.pl\/wp-content\/uploads\/2017\/06\/sad294.jpg 264w, https:\/\/info.sadowne.pl\/wp-content\/uploads\/2017\/06\/sad294-191x300.jpg 191w\" sizes=\"auto, (max-width: 264px) 100vw, 264px\" \/><p id=\"caption-attachment-16197\" class=\"wp-caption-text\">Nie zabrak\u0142o te\u017c cz\u0119\u015bci artystycznej. Spotkanie u\u015bwietni\u0142 s\u0142owem satyrycznym i piosenk\u0105 znany artysta, aktor, satyryk \u2013 Tadeusz Ross<\/p><\/div>\n<div id=\"attachment_16198\" style=\"width: 564px\" class=\"wp-caption aligncenter\"><img loading=\"lazy\" decoding=\"async\" aria-describedby=\"caption-attachment-16198\" class=\"wp-image-16198 size-full\" src=\"http:\/\/info.sadowne.pl\/wp-content\/uploads\/2017\/06\/sad295.jpg\" alt=\"\" width=\"554\" height=\"370\" srcset=\"https:\/\/info.sadowne.pl\/wp-content\/uploads\/2017\/06\/sad295.jpg 554w, https:\/\/info.sadowne.pl\/wp-content\/uploads\/2017\/06\/sad295-300x200.jpg 300w\" sizes=\"auto, (max-width: 554px) 100vw, 554px\" \/><p id=\"caption-attachment-16198\" class=\"wp-caption-text\">Na spotkaniu inauguracyjnym by\u0142 r\u00f3wnie\u017c w\u0142odarz naszej Gminy p. Waldemar Cyran<\/p><\/div>\n<p>Jako pomys\u0142odawca i wsp\u00f3\u0142tw\u00f3rca Klubu, obieca\u0142 dalsz\u0105 pomoc w jego dzia\u0142alno\u015bci.<\/p>\n<p><img loading=\"lazy\" decoding=\"async\" class=\"aligncenter size-full wp-image-16199\" src=\"http:\/\/info.sadowne.pl\/wp-content\/uploads\/2017\/06\/sad296.jpg\" alt=\"\" width=\"547\" height=\"365\" srcset=\"https:\/\/info.sadowne.pl\/wp-content\/uploads\/2017\/06\/sad296.jpg 547w, https:\/\/info.sadowne.pl\/wp-content\/uploads\/2017\/06\/sad296-300x200.jpg 300w\" sizes=\"auto, (max-width: 547px) 100vw, 547px\" \/><\/p>\n<p>Przyby\u0142a na spotkanie p. El\u017cbieta Lanc przedstawi\u0142a zebranym w skr\u00f3cie za\u0142o\u017cenia polityki senioralnej naszego wojew\u00f3dztwa, deklaruj\u0105c r\u00f3wnie\u017c pomoc i udzia\u0142 we wszystkich dzia\u0142aniach i zamierzeniach Klubu.<\/p>\n<div id=\"attachment_16200\" style=\"width: 550px\" class=\"wp-caption aligncenter\"><img loading=\"lazy\" decoding=\"async\" aria-describedby=\"caption-attachment-16200\" class=\"wp-image-16200 size-full\" src=\"http:\/\/info.sadowne.pl\/wp-content\/uploads\/2017\/06\/sad297.jpg\" alt=\"\" width=\"540\" height=\"360\" srcset=\"https:\/\/info.sadowne.pl\/wp-content\/uploads\/2017\/06\/sad297.jpg 540w, https:\/\/info.sadowne.pl\/wp-content\/uploads\/2017\/06\/sad297-300x200.jpg 300w\" sizes=\"auto, (max-width: 540px) 100vw, 540px\" \/><p id=\"caption-attachment-16200\" class=\"wp-caption-text\">Andrzej Olton (akordeon), Zbyszek Danaj, Krysia Wetoszka, Hania D\u0119bkowska, Basia Wr\u00f3bel, Marysia Szymanik<\/p><\/div>\n<p>&nbsp;<\/p>\n<div id=\"attachment_16201\" style=\"width: 550px\" class=\"wp-caption aligncenter\"><img loading=\"lazy\" decoding=\"async\" aria-describedby=\"caption-attachment-16201\" class=\"wp-image-16201 size-full\" src=\"http:\/\/info.sadowne.pl\/wp-content\/uploads\/2017\/06\/sad298.jpg\" alt=\"\" width=\"540\" height=\"360\" srcset=\"https:\/\/info.sadowne.pl\/wp-content\/uploads\/2017\/06\/sad298.jpg 540w, https:\/\/info.sadowne.pl\/wp-content\/uploads\/2017\/06\/sad298-300x200.jpg 300w\" sizes=\"auto, (max-width: 540px) 100vw, 540px\" \/><p id=\"caption-attachment-16201\" class=\"wp-caption-text\">Hania D\u0119bkowska, Basia Wr\u00f3bel, Marysia Szymanik, Bogusia Danaj, Basia Decyk, Jadzia Borowa, Tereska Piwek, Monika Nozderka, Ala Bahniuk<\/p><\/div>\n<p>&nbsp;<\/p>\n<div id=\"attachment_16202\" style=\"width: 550px\" class=\"wp-caption aligncenter\"><img loading=\"lazy\" decoding=\"async\" aria-describedby=\"caption-attachment-16202\" class=\"wp-image-16202 size-full\" src=\"http:\/\/info.sadowne.pl\/wp-content\/uploads\/2017\/06\/sad299.jpg\" alt=\"\" width=\"540\" height=\"360\" srcset=\"https:\/\/info.sadowne.pl\/wp-content\/uploads\/2017\/06\/sad299.jpg 540w, https:\/\/info.sadowne.pl\/wp-content\/uploads\/2017\/06\/sad299-300x200.jpg 300w\" sizes=\"auto, (max-width: 540px) 100vw, 540px\" \/><p id=\"caption-attachment-16202\" class=\"wp-caption-text\">Andrzej Olton, Zbyszek Danaj, Krysia Wetoszka, Hania D\u0119bkowska, Basia Wr\u00f3bel, Basia Decyk, Bogusia Danaj, Jadzia Borowa, Tereska Piwek, Monika Nozderka, Ala Bahniuk i Henia Kibart<\/p><\/div>\n<p>&nbsp;<\/p>\n<p>Zesp\u00f3\u0142 \u201eSadowianki\u201d przedstawi\u0142 kilka utwor\u00f3w z repertuaru przygotowanego specjalnie na inauguracj\u0119.<\/p>\n<p>Przewodnicz\u0105cym Sadowie\u0144skiego Klubu Seniora wybrano znanego wszystkim mieszka\u0144ca Sadownego p. Henryka Zy\u015bka.<\/p>\n<p>Na zako\u0144czenie spotkania oczywi\u015bcie przygotowano s\u0142odki pocz\u0119stunek kaw\u0119, herbat\u0119.<\/p>\n<p><strong>SADOWNE<\/strong><\/p>\n<p><span style=\"color: #0000ff;\"><strong>,,Darcie Pierza\u201d \u2013 22 listopada 2015 r. godz. 12.15<\/strong><\/span><\/p>\n<p>W okresie zachodz\u0105cych przemian i wkraczaniu nowoczesno\u015bci powoduj\u0105cej zmiany w stylu \u017cycia zagro\u017cona jest tw\u00f3rczo\u015b\u0107 ludowa, amatorska dzia\u0142alno\u015b\u0107 artystyczna i kulturalna.<\/p>\n<p>Plac\u00f3wki kultury, stowarzyszenia kulturalne, zespo\u0142y ludowe &#8211; podejmuj\u0105 r\u00f3\u017cne dzia\u0142ania, maj\u0105ce na celu kultywowanie i ochron\u0119 dziedzictwa kulturowego, ukazywanie zwyczaj\u00f3w, obrz\u0119d\u00f3w i tradycji ludowych.<\/p>\n<p><strong>Jedn\u0105 z ludowych tradycji polskiej wsi jest zwyczaj darcia pierza.<\/strong><\/p>\n<p>22 listopada w Sadownem mieszka\u0144cy naszej gminy obejrzeli inscenizacj\u0119 ludowego zwyczaju o nazwie \u201eDarcie pierza\u201d, przygotowan\u0105 i zaprezentowan\u0105 przez nasz zesp\u00f3\u0142 SADOWIANKI.<\/p>\n<p>Tradycja ta wywodzi si\u0119 z czas\u00f3w, kiedy wie\u015b by\u0142a samowystarczalna. Aby mie\u0107 po\u015bciel, gospodynie hodowa\u0142y g\u0119si i kaczki. Nast\u0119pnie podskubywa\u0142y im pi\u00f3ra. Wydaje si\u0119, \u017ce gospodynie ca\u0142\u0105 jesie\u0144 czeka\u0142y na nadej\u015bcie okresu zimowego, kiedy to mo\u017cna by\u0142o rozpocz\u0105\u0107 prac\u0119 przy skubaniu pierza. Wtedy to w\u0142a\u015bnie d\u0142ugie, nudne zimowe wieczory zamienia\u0142y si\u0119 w ciekawe spotkania w gronie krewnych, znajomych i s\u0105siadek. W ten spos\u00f3b \u0142\u0105czono przyjemne z po\u017cytecznym, gdy\u017c w efekcie ko\u0144cowym z odpowiednio przygotowanych &#8211; oskubanych pi\u00f3r g\u0119sich powstawa\u0142y pierzyny i poduchy, kt\u00f3re przeznaczano na wiano dla panny m\u0142odej. By\u0142y to tak\u017ce cenne chwile w \u017cyciu wiosek, gdy\u017c w\u00f3wczas stanowi\u0142y jedn\u0105 z niewielu form \u017cycia towarzyskiego, a dodatkowo takie spotkania integrowa\u0142y spo\u0142ecze\u0144stwo. Dzi\u0119ki wsp\u00f3lnej pracy nawi\u0105zywano nowe znajomo\u015bci, a przede wszystkim nikt nie czu\u0142 si\u0119 samotny i praca sz\u0142a szybciej. Po sko\u0144czeniu darcia pierza w jednym domu, ju\u017c kolejnego dnia spotykano si\u0119 w nast\u0119pnym.<br \/>\nDarcie czy skubanie pierza mo\u017ce by\u0142o \u017cmudne, ale nikt nie narzeka\u0142, poniewa\u017c nie by\u0142o monotonne. Wsp\u00f3lne wieczory up\u0142ywa\u0142y pod znakiem rozm\u00f3w, \u015bpiewu, opowiadania ciekawych historyjek oraz plotek i ploteczek.<\/p>\n<p>Bywa\u0142o te\u017c, \u017ce wiecz\u00f3r stawa\u0142 si\u0119 okazj\u0105 do zeswatania dwojga m\u0142odych ludzi. Prac\u0119 kobiet nierzadko przerywali ch\u0142opcy, kt\u00f3rzy wpadali do izby znienacka i dmuchali w pierze. Pi\u00f3ra fruwa\u0142y po ca\u0142ej izbie, a gospodyni lamentowa\u0142a g\u0142o\u015bno nad ich wybrykami.<\/p>\n<p>Podczas skubania m\u0119\u017cczy\u017ani mogli by\u0107 w domu, ale nie pomagali kobietom. Najcz\u0119\u015bciej w tym czasie reperowali uprz\u0105\u017c konia lub pletli wiklinowe koszyki. Po kilku godzinach skubania, gospodyni dawa\u0142a pocz\u0119stunek.<\/p>\n<p>W zale\u017cno\u015bci od regionu, by\u0142y to wypieki \u2013 dro\u017cd\u017c\u00f3wki, rogale z makiem lub marmolad\u0105, grulowniki, tworo\u017aniki, kapu\u015bniki. Do tego herbat\u0119 z zi\u00f3\u0142 lub mleko, a czasem troch\u0119 jakiego\u015b trunku. Na sto\u0142y trafia\u0142y najlepsze wina. Biesiadzie, u bogatszych gospodarzy, towarzyszy\u0142y ta\u0144ce. Do zabawy przygrywa\u0142 lokalny grajek. Szkoda, \u017ce zwyczaj ten zanik\u0142 w po\u0142owie lat siedemdziesi\u0105tych XX wieku. Jednak zesp\u00f3\u0142 nasz mo\u017ce pochwali\u0107 si\u0119, poniewa\u017c zwyczaj ten kultywuje, przedstawiaj\u0105c go po mistrzowsku i z ogromnym humorem.<\/p>\n<p><strong>ZDJ\u0118CIA Z INSCENIZACJI: ,,DARCIE PIERZA\u201d<\/strong><\/p>\n<div id=\"attachment_16203\" style=\"width: 550px\" class=\"wp-caption aligncenter\"><img loading=\"lazy\" decoding=\"async\" aria-describedby=\"caption-attachment-16203\" class=\"wp-image-16203 size-full\" src=\"http:\/\/info.sadowne.pl\/wp-content\/uploads\/2017\/06\/sad300.jpg\" alt=\"\" width=\"540\" height=\"360\" srcset=\"https:\/\/info.sadowne.pl\/wp-content\/uploads\/2017\/06\/sad300.jpg 540w, https:\/\/info.sadowne.pl\/wp-content\/uploads\/2017\/06\/sad300-300x200.jpg 300w\" sizes=\"auto, (max-width: 540px) 100vw, 540px\" \/><p id=\"caption-attachment-16203\" class=\"wp-caption-text\">Zbyszek Danaj (Janek) i Andrzej Olton (muzykant, wiejski grajek)<\/p><\/div>\n<p>&nbsp;<\/p>\n<div id=\"attachment_16204\" style=\"width: 554px\" class=\"wp-caption aligncenter\"><img loading=\"lazy\" decoding=\"async\" aria-describedby=\"caption-attachment-16204\" class=\"wp-image-16204 size-full\" src=\"http:\/\/info.sadowne.pl\/wp-content\/uploads\/2017\/06\/sad301.jpg\" alt=\"\" width=\"544\" height=\"292\" srcset=\"https:\/\/info.sadowne.pl\/wp-content\/uploads\/2017\/06\/sad301.jpg 544w, https:\/\/info.sadowne.pl\/wp-content\/uploads\/2017\/06\/sad301-300x161.jpg 300w\" sizes=\"auto, (max-width: 544px) 100vw, 544px\" \/><p id=\"caption-attachment-16204\" class=\"wp-caption-text\">Kobiety ju\u017c w pe\u0142ni pracuj\u0105, a tymczasem przybywaj\u0105 troch\u0119 niespodziewani go\u015bcie, zalotny Janek (Zbyszek Danaj) wraz z muzykantem (Andrzej Olton)<\/p><\/div>\n<p>&nbsp;<\/p>\n<div id=\"attachment_16205\" style=\"width: 551px\" class=\"wp-caption aligncenter\"><img loading=\"lazy\" decoding=\"async\" aria-describedby=\"caption-attachment-16205\" class=\"wp-image-16205 size-full\" src=\"http:\/\/info.sadowne.pl\/wp-content\/uploads\/2017\/06\/sad302.jpg\" alt=\"\" width=\"541\" height=\"286\" srcset=\"https:\/\/info.sadowne.pl\/wp-content\/uploads\/2017\/06\/sad302.jpg 541w, https:\/\/info.sadowne.pl\/wp-content\/uploads\/2017\/06\/sad302-300x159.jpg 300w\" sizes=\"auto, (max-width: 541px) 100vw, 541px\" \/><p id=\"caption-attachment-16205\" class=\"wp-caption-text\">Basia Decyk \u2013 jako Kasia i Zbyszek Danaj \u2013 Janek (staraj\u0105cy si\u0119 o r\u0119k\u0119 Kasi)<\/p><\/div>\n<div id=\"attachment_16206\" style=\"width: 550px\" class=\"wp-caption aligncenter\"><img loading=\"lazy\" decoding=\"async\" aria-describedby=\"caption-attachment-16206\" class=\"wp-image-16206 size-full\" src=\"http:\/\/info.sadowne.pl\/wp-content\/uploads\/2017\/06\/sad303.jpg\" alt=\"\" width=\"540\" height=\"360\" srcset=\"https:\/\/info.sadowne.pl\/wp-content\/uploads\/2017\/06\/sad303.jpg 540w, https:\/\/info.sadowne.pl\/wp-content\/uploads\/2017\/06\/sad303-300x200.jpg 300w\" sizes=\"auto, (max-width: 540px) 100vw, 540px\" \/><p id=\"caption-attachment-16206\" class=\"wp-caption-text\">Basia Decyk, Marysia Szymanik (gospodyni) i Zbyszek Danaj<\/p><\/div>\n<p>&nbsp;<\/p>\n<p><img loading=\"lazy\" decoding=\"async\" class=\"aligncenter size-full wp-image-16207\" src=\"http:\/\/info.sadowne.pl\/wp-content\/uploads\/2017\/06\/sad304.jpg\" alt=\"\" width=\"516\" height=\"407\" srcset=\"https:\/\/info.sadowne.pl\/wp-content\/uploads\/2017\/06\/sad304.jpg 516w, https:\/\/info.sadowne.pl\/wp-content\/uploads\/2017\/06\/sad304-300x237.jpg 300w\" sizes=\"auto, (max-width: 516px) 100vw, 516px\" \/><\/p>\n<p>&#8211; Puk! Puk!<\/p>\n<p>&#8211; Kto tam? Prosiem, prosiem!<\/p>\n<p>&#8211; A to my &#8211; dobry wiecz\u00f3r! Figle wam przynosiem!!!<\/p>\n<div id=\"attachment_16208\" style=\"width: 549px\" class=\"wp-caption aligncenter\"><img loading=\"lazy\" decoding=\"async\" aria-describedby=\"caption-attachment-16208\" class=\"wp-image-16208 size-full\" src=\"http:\/\/info.sadowne.pl\/wp-content\/uploads\/2017\/06\/sad305.jpg\" alt=\"\" width=\"539\" height=\"335\" srcset=\"https:\/\/info.sadowne.pl\/wp-content\/uploads\/2017\/06\/sad305.jpg 539w, https:\/\/info.sadowne.pl\/wp-content\/uploads\/2017\/06\/sad305-300x186.jpg 300w\" sizes=\"auto, (max-width: 539px) 100vw, 539px\" \/><p id=\"caption-attachment-16208\" class=\"wp-caption-text\">W rol\u0119 figlarnych ch\u0142opc\u00f3w wcielili si\u0119 Maciek Szymanik (wnuczek Marysi Szymanik) i Mateusz Borowy (wnuczek Jadzi Borowej)<\/p><\/div>\n<p>&nbsp;<\/p>\n<div id=\"attachment_16209\" style=\"width: 551px\" class=\"wp-caption aligncenter\"><img loading=\"lazy\" decoding=\"async\" aria-describedby=\"caption-attachment-16209\" class=\"wp-image-16209 size-full\" src=\"http:\/\/info.sadowne.pl\/wp-content\/uploads\/2017\/06\/sad306.jpg\" alt=\"\" width=\"541\" height=\"308\" srcset=\"https:\/\/info.sadowne.pl\/wp-content\/uploads\/2017\/06\/sad306.jpg 541w, https:\/\/info.sadowne.pl\/wp-content\/uploads\/2017\/06\/sad306-300x171.jpg 300w\" sizes=\"auto, (max-width: 541px) 100vw, 541px\" \/><p id=\"caption-attachment-16209\" class=\"wp-caption-text\">Pi\u00f3ra fruwa\u0142y, kobiety krzycza\u0142y i biadoli\u0142y, ale przecie\u017c o to w\u0142a\u015bnie chodzi\u0142o!!! A ch\u0142opcy wspaniale odegrali swoje role<\/p><\/div>\n<p>&nbsp;<\/p>\n<div id=\"attachment_16210\" style=\"width: 547px\" class=\"wp-caption aligncenter\"><img loading=\"lazy\" decoding=\"async\" aria-describedby=\"caption-attachment-16210\" class=\"wp-image-16210 size-full\" src=\"http:\/\/info.sadowne.pl\/wp-content\/uploads\/2017\/06\/sad307.jpg\" alt=\"\" width=\"537\" height=\"361\" srcset=\"https:\/\/info.sadowne.pl\/wp-content\/uploads\/2017\/06\/sad307.jpg 537w, https:\/\/info.sadowne.pl\/wp-content\/uploads\/2017\/06\/sad307-300x202.jpg 300w\" sizes=\"auto, (max-width: 537px) 100vw, 537px\" \/><p id=\"caption-attachment-16210\" class=\"wp-caption-text\">Andrzej Olton, Krysia Wetoszka, Ania Chojecka, Basia Wr\u00f3bel, Tereska Piwek, Ala Bahniuk<\/p><\/div>\n<p>&nbsp;<\/p>\n<div id=\"attachment_16211\" style=\"width: 548px\" class=\"wp-caption aligncenter\"><img loading=\"lazy\" decoding=\"async\" aria-describedby=\"caption-attachment-16211\" class=\"wp-image-16211 size-full\" src=\"http:\/\/info.sadowne.pl\/wp-content\/uploads\/2017\/06\/sad308.jpg\" alt=\"\" width=\"538\" height=\"269\" srcset=\"https:\/\/info.sadowne.pl\/wp-content\/uploads\/2017\/06\/sad308.jpg 538w, https:\/\/info.sadowne.pl\/wp-content\/uploads\/2017\/06\/sad308-300x150.jpg 300w\" sizes=\"auto, (max-width: 538px) 100vw, 538px\" \/><p id=\"caption-attachment-16211\" class=\"wp-caption-text\">W\u015br\u00f3d mieszka\u0144c\u00f3w Sadownego i okolic na widowni nie zabrak\u0142o naszego w\u00f3jta pana Waldemara Cyrana wraz z \u017con\u0105<\/p><\/div>\n<p>&nbsp;<\/p>\n<p>Po inscenizacji zesp\u00f3\u0142 zaprezentowa\u0142 swoje piosenki, a kilka os\u00f3b cz\u0119stowa\u0142o widowni\u0119 upieczonymi przez kole\u017canki z zespo\u0142u dro\u017cd\u017cowymi plackami.<\/p>\n<p><img loading=\"lazy\" decoding=\"async\" class=\"aligncenter size-full wp-image-16212\" src=\"http:\/\/info.sadowne.pl\/wp-content\/uploads\/2017\/06\/sad309.jpg\" alt=\"\" width=\"536\" height=\"310\" srcset=\"https:\/\/info.sadowne.pl\/wp-content\/uploads\/2017\/06\/sad309.jpg 536w, https:\/\/info.sadowne.pl\/wp-content\/uploads\/2017\/06\/sad309-300x174.jpg 300w\" sizes=\"auto, (max-width: 536px) 100vw, 536px\" \/><\/p>\n<p>W\u00f3jt gminy Sadowne pan Waldemar Cyran w pi\u0119knych s\u0142owach podzi\u0119kowa\u0142 zespo\u0142owi za inscenizacj\u0119, za trud, prac\u0119, wsp\u00f3lne prze\u017cywanie emocji, rado\u015bci i przede wszystkich ch\u0119ci w kultywowaniu starych zwyczaj\u00f3w i tradycji polskiej wsi.<\/p>\n<div id=\"attachment_16213\" style=\"width: 553px\" class=\"wp-caption aligncenter\"><img loading=\"lazy\" decoding=\"async\" aria-describedby=\"caption-attachment-16213\" class=\"wp-image-16213 size-full\" src=\"http:\/\/info.sadowne.pl\/wp-content\/uploads\/2017\/06\/sad310.jpg\" alt=\"\" width=\"543\" height=\"367\" srcset=\"https:\/\/info.sadowne.pl\/wp-content\/uploads\/2017\/06\/sad310.jpg 543w, https:\/\/info.sadowne.pl\/wp-content\/uploads\/2017\/06\/sad310-300x203.jpg 300w\" sizes=\"auto, (max-width: 543px) 100vw, 543px\" \/><p id=\"caption-attachment-16213\" class=\"wp-caption-text\">Zbyszek Danaj, Basia Decyk, Jadzia Borowa, w\u00f3jt gminy pan Waldemar Cyran<\/p><\/div>\n<p>&nbsp;<\/p>\n<div id=\"attachment_16214\" style=\"width: 550px\" class=\"wp-caption aligncenter\"><img loading=\"lazy\" decoding=\"async\" aria-describedby=\"caption-attachment-16214\" class=\"wp-image-16214 size-full\" src=\"http:\/\/info.sadowne.pl\/wp-content\/uploads\/2017\/06\/sad311.jpg\" alt=\"\" width=\"540\" height=\"393\" srcset=\"https:\/\/info.sadowne.pl\/wp-content\/uploads\/2017\/06\/sad311.jpg 540w, https:\/\/info.sadowne.pl\/wp-content\/uploads\/2017\/06\/sad311-180x130.jpg 180w, https:\/\/info.sadowne.pl\/wp-content\/uploads\/2017\/06\/sad311-300x218.jpg 300w\" sizes=\"auto, (max-width: 540px) 100vw, 540px\" \/><p id=\"caption-attachment-16214\" class=\"wp-caption-text\">Podzi\u0119kowania od zespo\u0142u dla naszego akordeonisty Andrzeja Oltona<\/p><\/div>\n<p>&nbsp;<\/p>\n<div id=\"attachment_16215\" style=\"width: 550px\" class=\"wp-caption aligncenter\"><img loading=\"lazy\" decoding=\"async\" aria-describedby=\"caption-attachment-16215\" class=\"wp-image-16215 size-full\" src=\"http:\/\/info.sadowne.pl\/wp-content\/uploads\/2017\/06\/sad312.jpg\" alt=\"\" width=\"540\" height=\"360\" srcset=\"https:\/\/info.sadowne.pl\/wp-content\/uploads\/2017\/06\/sad312.jpg 540w, https:\/\/info.sadowne.pl\/wp-content\/uploads\/2017\/06\/sad312-300x200.jpg 300w\" sizes=\"auto, (max-width: 540px) 100vw, 540px\" \/><p id=\"caption-attachment-16215\" class=\"wp-caption-text\">Kwiaty od zespo\u0142u otrzyma\u0142a r\u00f3wnie\u017c Marysia Szymanik, kt\u00f3ra odgrywa\u0142a w przedstawieniu g\u0142\u00f3wn\u0105 rol\u0119 gospodyni<\/p><\/div>\n<div id=\"attachment_16216\" style=\"width: 550px\" class=\"wp-caption aligncenter\"><img loading=\"lazy\" decoding=\"async\" aria-describedby=\"caption-attachment-16216\" class=\"wp-image-16216 size-full\" src=\"http:\/\/info.sadowne.pl\/wp-content\/uploads\/2017\/06\/sad313.jpg\" alt=\"\" width=\"540\" height=\"360\" srcset=\"https:\/\/info.sadowne.pl\/wp-content\/uploads\/2017\/06\/sad313.jpg 540w, https:\/\/info.sadowne.pl\/wp-content\/uploads\/2017\/06\/sad313-300x200.jpg 300w\" sizes=\"auto, (max-width: 540px) 100vw, 540px\" \/><p id=\"caption-attachment-16216\" class=\"wp-caption-text\">Podzi\u0119kowanie za napisanie scenariusza i piecz\u0119 nad przygotowaniem inscenizacji otrzyma\u0142a od zespo\u0142u Basia Wr\u00f3bel<\/p><\/div>\n<p>Na zako\u0144czenie g\u0142os zabra\u0142 przewodnicz\u0105cy rady gminy Sadowne pan Piotr Olkowski i powiedzia\u0142, \u017ce SADOWIANKI s\u0142yn\u0105 nie tylko w naszej gminie, powiecie, wojew\u00f3dztwie czy w Polsce, zesp\u00f3\u0142 znany jest r\u00f3wnie\u017c zagranicznym turystom. Tu przypomnia\u0142, \u017ce SADOWIANKI by\u0142y okras\u0105 wspania\u0142ej zabawy i go\u015bciny przygotowanej dla niemieckich turyst\u00f3w w jego agroturystycznym gospodarstwie. Go\u015bcie odjechali bardzo zadowoleni.<\/p>\n<p><strong>\u0179r\u00f3d\u0142o:<\/strong>\u00a0SADOWIANKI, Barbara Wr\u00f3bel, Sadowne 2017 (kronika dost\u0119pna w zbiorach GOK Sadowne)<\/p>\n","protected":false},"excerpt":{"rendered":"<p>ZJAZD ABSOLWENT\u00d3W 3 \u2013 4 pa\u017adziernika 2015 roku.<\/p>\n","protected":false},"author":1,"featured_media":0,"comment_status":"closed","ping_status":"closed","sticky":false,"template":"","format":"standard","meta":{"footnotes":""},"categories":[5,31,1202],"tags":[101,960],"class_list":["post-16187","post","type-post","status-publish","format-standard","hentry","category-newsy","category-historia-gminy","category-zespol-spiewaczy-sadowianki","tag-historia-gminy-sadowne","tag-zespol-spiewaczy-sadowianki"],"views":4201,"_links":{"self":[{"href":"https:\/\/info.sadowne.pl\/index.php?rest_route=\/wp\/v2\/posts\/16187","targetHints":{"allow":["GET"]}}],"collection":[{"href":"https:\/\/info.sadowne.pl\/index.php?rest_route=\/wp\/v2\/posts"}],"about":[{"href":"https:\/\/info.sadowne.pl\/index.php?rest_route=\/wp\/v2\/types\/post"}],"author":[{"embeddable":true,"href":"https:\/\/info.sadowne.pl\/index.php?rest_route=\/wp\/v2\/users\/1"}],"replies":[{"embeddable":true,"href":"https:\/\/info.sadowne.pl\/index.php?rest_route=%2Fwp%2Fv2%2Fcomments&post=16187"}],"version-history":[{"count":2,"href":"https:\/\/info.sadowne.pl\/index.php?rest_route=\/wp\/v2\/posts\/16187\/revisions"}],"predecessor-version":[{"id":16218,"href":"https:\/\/info.sadowne.pl\/index.php?rest_route=\/wp\/v2\/posts\/16187\/revisions\/16218"}],"wp:attachment":[{"href":"https:\/\/info.sadowne.pl\/index.php?rest_route=%2Fwp%2Fv2%2Fmedia&parent=16187"}],"wp:term":[{"taxonomy":"category","embeddable":true,"href":"https:\/\/info.sadowne.pl\/index.php?rest_route=%2Fwp%2Fv2%2Fcategories&post=16187"},{"taxonomy":"post_tag","embeddable":true,"href":"https:\/\/info.sadowne.pl\/index.php?rest_route=%2Fwp%2Fv2%2Ftags&post=16187"}],"curies":[{"name":"wp","href":"https:\/\/api.w.org\/{rel}","templated":true}]}}