{"id":16234,"date":"2017-07-02T16:23:15","date_gmt":"2017-07-02T14:23:15","guid":{"rendered":"http:\/\/info.sadowne.pl\/?p=16234"},"modified":"2020-04-24T14:17:08","modified_gmt":"2020-04-24T12:17:08","slug":"iv-bieg-odbyl-sie","status":"publish","type":"post","link":"https:\/\/info.sadowne.pl\/?p=16234","title":{"rendered":"IV Bieg odby\u0142 si\u0119!"},"content":{"rendered":"<p><strong><img loading=\"lazy\" decoding=\"async\" class=\"alignleft size-thumbnail wp-image-16235\" src=\"http:\/\/info.sadowne.pl\/wp-content\/uploads\/2017\/07\/2017.07.02.1-180x130.jpg\" alt=\"\" width=\"180\" height=\"130\" \/>2 lipca ju\u017c po raz czwarty spotkali si\u0119 biegacze na Biegu ku czci b\u0142. Edwarda Grzyma\u0142y. Dziesi\u0119ciokilometrow\u0105 tras\u0119 najszybciej pokona\u0142 Daniel Migielski z Olsztynka z czasem 00:35:40.66.<\/strong><!--more--><\/p>\n<p><strong>Tradycj\u0105 ju\u017c sta\u0142o si\u0119 organizowanie w Sadownem Biegu ku czci b\u0142ogos\u0142awionego dra Edwarda Grzyma\u0142y.<\/strong> W bie\u017c\u0105cym roku odby\u0142a si\u0119 2 lipca ju\u017c czwarta jego edycja, kt\u00f3rej tradycyjnie organizatorami s\u0105: Urz\u0105d Gminy w Sadownem, Gminny O\u015brodek Kultury w Sadownem, Klub Sportowy \u201eWicher\u201d Sadowne, Nadle\u015bnictwo w \u0141ochowie i Powiatowe Zrzeszenie LZS.<\/p>\n<p><strong>Jeszcze przed Biegiem, przedstawiciele Organizator\u00f3w &#8211; r\u00f3wnie\u017c tradycyjnie &#8211; oddali ho\u0142d patronowi Biegu, b\u0142. Edwardowi Grzymale oraz \u017bydom i Polakom zamordowanym na tym terenie w czasie ostatniej wojny, zapalaj\u0105c symboliczne znicze w miejscach ich upami\u0119tniaj\u0105cych.<\/strong><\/p>\n<p><em>&#8211; Trasa Biegu liczy dok\u0142adnie dziesi\u0119\u0107 kilometr\u00f3w i rozpoczyna si\u0119 na polanie Ko\u0142a \u0141owieckiego \u015aw. Huberta w Sadownem, sk\u0105d zawodnicy biegn\u0105 do miejsca urodzin Edwarda Grzyma\u0142y i z powrotem do mety przy tej polanie. Za chwil\u0119 rozpocznie si\u0119 Bieg, \u017cycz\u0119 wszystkim powodzenia<\/em> \u2013 po powitaniu przyby\u0142ych na Bieg, rozpocz\u0105\u0142 oficjalnie imprez\u0119 p. Tadeusz Danaj, r\u00f3wnie\u017c czynny i do\u015bwiadczony biegacz, ale dzisiaj wcielaj\u0105cy si\u0119 wy\u0142\u0105cznie w rol\u0119 prowadz\u0105cego zawody.<\/p>\n<p><strong>Na starcie o godz. 11.00 stan\u0119\u0142o 103. zawodnik\u00f3w<\/strong> (29 kobiet i 74 m\u0119\u017cczyzn) reprezentuj\u0105cych r\u00f3\u017cne kluby sportowe i wiele miejscowo\u015bci. Niekt\u00f3rzy z nich, opr\u00f3cz numer\u00f3w startowych, przypi\u0119li dumnie na swoich koszulkach r\u00f3wnie\u017c plakietk\u0119 z has\u0142em \u201eBiegn\u0119 dla Natalki\u201d, kt\u00f3r\u0105 postanowiono wesprze\u0107 w tym biegu.<\/p>\n<p>Po sygnale startu i uruchomieniu przez firm\u0119 Chiptiming zegara, pozosta\u0142o widzom tylko oczekiwanie na pierwszych zawodnik\u00f3w przekraczaj\u0105cych lini\u0119 mety. Niezbyt dobra pogoda nie wystraszy\u0142a zwolennik\u00f3w wypoczynku na \u015bwie\u017cym powietrzu i kibic\u00f3w przyby\u0142ych z r\u00f3\u017cnych stron, kt\u00f3rym Organizatorzy zagwarantowali te\u017c dodatkowe atrakcje w postaci namiot\u00f3w promocyjnych, a tak\u017ce kie\u0142baski z grilla lub ogniska.<\/p>\n<p><strong>Po p\u00f3\u0142godzinnych zmaganiach z le\u015bnymi duktami do mety dotarli najszybsi<\/strong>, a po chwili kolejni i nast\u0119pni. Bezkonkurencyjnym okaza\u0142 si\u0119 Daniel Migielski z Olsztynka, a ostatecznie, jako najszybszych w poszczeg\u00f3lnych kategoriach sklasyfikowano:<\/p>\n<p><strong>Kobiety &#8211; OPEN<\/strong><\/p>\n<p>I miejsce \u2013 Magdalena Malik, Ostr\u00f3w Biega, zam. Podborze, czas: 00:46:56.72<\/p>\n<p>II miejsce \u2013 Agnieszka Ko\u0142tuniak, zam. Siedlce, czas: 00:47:12.57<\/p>\n<p>III miejsce \u2013 Olga Malik, Ostr\u00f3w Biega, zam. Podborze, czas: 00:48:41.25<\/p>\n<p><strong>Kobiety \u2013 kat. wiekowa 16-29 lat<\/strong><\/p>\n<p>I miejsce \u2013 Magdalena Malik, Ostr\u00f3w Biega, zam. Podborze, czas: 00:46:56.72<\/p>\n<p>II miejsce \u2013 Olga Malik, Ostr\u00f3w Biega, zam. Podborze, czas: 00:48:41.25<\/p>\n<p>III miejsce \u2013 Agata Nowacka, Ostr\u00f3w Biega, zam. Ostr\u00f3w Maz., czas: 00:51:08.02<\/p>\n<p><strong>Kobiety \u2013 kat. wiekowa 30-44 lata<\/strong><\/p>\n<p>I miejsce \u2013 Agnieszka Ko\u0142tuniak, zam. Siedlce, czas: 00:47:12.57<\/p>\n<p>II miejsce \u2013 Agnieszka Brogowicz \u2013 St\u0119pniewska, zam. Kociszew, czas: 00:49:16.00<\/p>\n<p>III miejsce \u2013 Monika Turczy\u0144ska, LECZO TEAM, zam. Warszawa, czas: 00:52:56.30<\/p>\n<p><strong>Kobiety \u2013 kat. wiekowa 45+<\/strong><\/p>\n<p>I miejsce \u2013 Edyta Kruk, zam. Warszawa, czas: 00:49:59.23<\/p>\n<p>II miejsce \u2013 Wies\u0142awa Grala \u2013 M\u0105ka, KK24h Starglass Team, zam. Ostro\u0142\u0119ka, czas: 00:52:20.21<\/p>\n<p>III miejsce \u2013 Gra\u017cyna Marczak, LECZO TEAM, zam. Warszawa, czas: 00:55:03.41<\/p>\n<p><strong>M\u0119\u017cczy\u017ani \u2013 OPEN<\/strong><\/p>\n<p>I miejsce \u2013 Daniel Mikielski, Olsztynek, zam. Olsztynek, czas: 00:35:40.66<\/p>\n<p>II miejsce \u2013 Pawe\u0142 Czy\u017ckowski, MKB Dreptak, zam. Mi\u0144sk Maz., czas: 00:36:41.14<\/p>\n<p>III miejsce \u2013 Wojciech Skory, POLSKA AGENCJA PRASOWA, zam. Warszawa, czas: 00:36:52.45<\/p>\n<p><strong>M\u0119\u017cczy\u017ani \u2013 kat. wiekowa 16-29 lat<\/strong><\/p>\n<p>I miejsce \u2013 Daniel Mikielski, Olsztynek, zam. Olsztynek, czas: 00:35:40.66<\/p>\n<p>II miejsce \u2013 Pawe\u0142 Wo\u017anicki, Aktywni W\u0119gr\u00f3w, zam. W\u0119gr\u00f3w, czas: 00:38:47.87<\/p>\n<p>III miejsce \u2013 Pawe\u0142 Nowak, Roch Jasienica, zam. Kalinowo, czas: 00:39:36.78<\/p>\n<p><strong>M\u0119\u017cczy\u017ani \u2013 kat. wiekowa 30-44 lata<\/strong><\/p>\n<p>I miejsce &#8211; Pawe\u0142 Czy\u017ckowski, MKB Dreptak, zam. Mi\u0144sk Maz., czas: 00:36:41.14<\/p>\n<p>II miejsce &#8211; Wojciech Skory, POLSKA AGENCJA PRASOWA, zam. Warszawa, czas: 00:36:52.45<\/p>\n<p>III miejsce \u2013 Arkadiusz Reluga, Ostr\u00f3w Biega, zam. Ostr\u00f3w Maz., czas: 00:44:05.28<\/p>\n<p><strong>M\u0119\u017cczy\u017ani \u2013 kat. wiekowa 45+<\/strong><\/p>\n<p>I miejsce \u2013 S\u0142awomir M\u0105ka, KK24h Starglass Team, zam. Ostro\u0142\u0119ka, czas: 00:41:24.07<\/p>\n<p>II miejsce \u2013 Tadeusz G\u0142upczyk, Grupa Biegowa Parkrun Warszawa, zam. Warszawa, czas: 00:43:45.00<\/p>\n<p>III miejsce \u2013 Marek Mazurek, zam. Miastk\u00f3w, czas: 00:45:01.83<\/p>\n<p><strong>Pe\u0142ne wyniki Biegu znajduj\u0105 si\u0119 na stronie <span style=\"color: #0000ff;\"><a style=\"color: #0000ff;\" href=\"http:\/\/biegsadowne17.chiptiming.pl\/?#list\" target=\"_blank\" rel=\"noopener noreferrer\">http:\/\/biegsadowne17.chiptiming.pl\/?#list<\/a><\/span>.<\/strong><\/p>\n<p>Puchary zwyci\u0119zcom wr\u0119czyli przedstawiciele Organizator\u00f3w: p. Waldemar Cyran \u2013 W\u00f3jt Gminy Sadowne, p. Bogus\u0142aw Pi\u0105tek \u2013 Nadle\u015bniczy Le\u015bnictwa \u0141och\u00f3w, p. Ewa Pi\u00f3rkowska \u2013 Dyrektor Gminnego O\u015brodka Kultury w Sadownem i p. Emil Filipiak \u2013 Prezes Klubu Sportowego \u201eWicher\u201d Sadowne.<\/p>\n<p>Wszyscy uczestnicy tego Biegu otrzymali natomiast pami\u0105tkowe medale, a zajmuj\u0105cy miejsca na podium dodatkowo \u2013 zaproszenie na obiad od p. Ryszarda Zawadzkiego &#8211; w\u0142a\u015bciciela Kawiarni \u201eMarica\u201d w Sadownem.<\/p>\n<p><strong>Ju\u017c na zako\u0144czenie, ma\u0142a Natalka Subda, kt\u00f3ra by\u0142a go\u015bciem honorowym Biegu i otrzyma\u0142a tak wa\u017cne dla niej wsparcie od zawodnik\u00f3w, wylosowa\u0142a kolejno numery startowe, kt\u00f3rych w\u0142a\u015bciciele otrzymali od Organizator\u00f3w drobne upominki.<\/strong><\/p>\n<p>By\u0142a to udana impreza i jak\u017ce jest wa\u017cne, \u017ce ju\u017c na sta\u0142e wpisa\u0142a si\u0119 w kalendarz wydarze\u0144 Gminy Sadowne. Podsumowuj\u0105c ten Bieg, W\u00f3jt Gminy Sadowne p. Waldemar Cyran ju\u017c teraz zaprosi\u0142 wszystkich na przysz\u0142oroczny, jubileuszowy V Bieg ku czci b\u0142. Edwarda Grzyma\u0142y, a tak\u017ce zaplanowan\u0105 na dzie\u0144 27 sierpnia tego roku kolejn\u0105 edycj\u0119 sze\u015bciokilometrowego biegu w Wilczog\u0119bach pod nazw\u0105 \u201eNadbu\u017ca\u0144ska Sz\u00f3stka\u201d.<\/p>\n<p><strong>A tak podsumowuj\u0105c \u2013 du\u017ce podzi\u0119kowania dla Organizator\u00f3w IV Biegu za jego przygotowanie i sfinalizowanie, a tak\u017ce w\u0142\u0105czenie do niego akcji wsparcia dla Natalki &#8211; jak si\u0119 dowiadujemy, na jej leczenie i rehabilitacj\u0119 zebrano podczas tej imprezy 506 z\u0142. Natalka bardzo dzi\u0119kuje za wsparcie!<\/strong><\/p>\n<p><strong>Wa\u017cny jest dla wszystkich sport, ale tak\u017ce liczy si\u0119 \u201edobre serce\u201d. Wiadome jest wszystkim, \u017ce w Naszej Gminie jedno i drugie stawia si\u0119 na pierwszym miejscu \u2013 jeszcze raz za to wielkie dzi\u0119ki.<\/strong><\/p>\n<p><a href=\"https:\/\/photos.app.goo.gl\/aW63EpJNaaAszKmy5\" target=\"_blank\" rel=\"noopener noreferrer\"><span style=\"color: #0000ff;\"><strong>Zdj\u0119cia w galerii Google&gt;&gt;&gt;<\/strong><\/span><\/a><\/p>\n<p><strong>Tekst\/foto:<\/strong> S\u0142awek Chyli\u0144ski<\/p>\n","protected":false},"excerpt":{"rendered":"<p>2 lipca ju\u017c po raz czwarty spotkali si\u0119 biegacze na Biegu ku czci b\u0142. Edwarda Grzyma\u0142y. Dziesi\u0119ciokilometrow\u0105 tras\u0119 najszybciej pokona\u0142 Daniel Migielski z Olsztynka z czasem 00:35:40.66.<\/p>\n","protected":false},"author":1,"featured_media":0,"comment_status":"closed","ping_status":"closed","sticky":false,"template":"","format":"standard","meta":{"footnotes":""},"categories":[5,2135,7],"tags":[169,2426,1161,1101,2093,142],"class_list":["post-16234","post","type-post","status-publish","format-standard","hentry","category-newsy","category-bieganie","category-sport","tag-gminny-osrodek-kultury-w-sadownem","tag-iv-bieg-ku-czci-bl-edwarda-grzymaly-w-sadownem","tag-klub-sportowy-wicher-sadowne","tag-nadlesnictwo-lochow","tag-powiatowe-zrzeszenie-ludowe-zespoly-sportowe","tag-urzad-gminy-sadowne"],"views":3594,"_links":{"self":[{"href":"https:\/\/info.sadowne.pl\/index.php?rest_route=\/wp\/v2\/posts\/16234","targetHints":{"allow":["GET"]}}],"collection":[{"href":"https:\/\/info.sadowne.pl\/index.php?rest_route=\/wp\/v2\/posts"}],"about":[{"href":"https:\/\/info.sadowne.pl\/index.php?rest_route=\/wp\/v2\/types\/post"}],"author":[{"embeddable":true,"href":"https:\/\/info.sadowne.pl\/index.php?rest_route=\/wp\/v2\/users\/1"}],"replies":[{"embeddable":true,"href":"https:\/\/info.sadowne.pl\/index.php?rest_route=%2Fwp%2Fv2%2Fcomments&post=16234"}],"version-history":[{"count":5,"href":"https:\/\/info.sadowne.pl\/index.php?rest_route=\/wp\/v2\/posts\/16234\/revisions"}],"predecessor-version":[{"id":23119,"href":"https:\/\/info.sadowne.pl\/index.php?rest_route=\/wp\/v2\/posts\/16234\/revisions\/23119"}],"wp:attachment":[{"href":"https:\/\/info.sadowne.pl\/index.php?rest_route=%2Fwp%2Fv2%2Fmedia&parent=16234"}],"wp:term":[{"taxonomy":"category","embeddable":true,"href":"https:\/\/info.sadowne.pl\/index.php?rest_route=%2Fwp%2Fv2%2Fcategories&post=16234"},{"taxonomy":"post_tag","embeddable":true,"href":"https:\/\/info.sadowne.pl\/index.php?rest_route=%2Fwp%2Fv2%2Ftags&post=16234"}],"curies":[{"name":"wp","href":"https:\/\/api.w.org\/{rel}","templated":true}]}}