{"id":16255,"date":"2017-07-07T14:14:21","date_gmt":"2017-07-07T12:14:21","guid":{"rendered":"http:\/\/info.sadowne.pl\/?p=16255"},"modified":"2020-04-24T14:15:45","modified_gmt":"2020-04-24T12:15:45","slug":"znamy-wyniki-konkursu","status":"publish","type":"post","link":"https:\/\/info.sadowne.pl\/?p=16255","title":{"rendered":"Znamy wyniki Konkursu"},"content":{"rendered":"<p><strong><img loading=\"lazy\" decoding=\"async\" class=\"alignleft size-thumbnail wp-image-16256\" src=\"http:\/\/info.sadowne.pl\/wp-content\/uploads\/2017\/07\/2017.07.07.1-180x130.jpg\" alt=\"\" width=\"180\" height=\"130\" \/>Zako\u0144czy\u0142a si\u0119 druga edycja organizowanego przez Gminny O\u015brodek Kultury w Sadownem Konkursu pn. \u201eNajpi\u0119kniejszy ogr\u00f3d Gminy Sadowne\u201d. Prezentujemy Pa\u0144stwu jego wyniki.<\/strong><!--more--><\/p>\n<p>Konkurs pod nazw\u0105 \u201eNajpi\u0119kniejszy ogr\u00f3d Gminy Sadowne\u201d og\u0142oszony zosta\u0142 przez Gminny O\u015brodek Kultury w Sadownem z pocz\u0105tkiem wiosny, a patronat nad nim obj\u0105\u0142 W\u00f3jt Gminy Sadowne p. Waldemar Cyran.<\/p>\n<p>Celem Konkursu jest promocja Naszej Gminy i zlokalizowanych na jej terenie so\u0142ectw, propagowanie idei upi\u0119kszania w\u0142asnej miejscowo\u015bci poprzez ukazanie nowatorskich rozwi\u0105za\u0144 dekoracyjnych przydomowych posesji, jednocze\u015bnie wp\u0142ywaj\u0105cych na podniesienie poziomu estetycznego Gminy, wprowadzenie i utrwalenie zasad dba\u0142o\u015bci o w\u0142asn\u0105 posesj\u0119 i ogr\u00f3d, a tak\u017ce wy\u0142onienie i nagrodzenie najpi\u0119kniejszych ogrod\u00f3w Gminy Sadowne.<\/p>\n<p><strong>W ostatnich dniach, po zamkni\u0119ciu listy zg\u0142osze\u0144, Komisja Konkursowa dokona\u0142a lustracji ogrod\u00f3w i po burzliwej dyskusji wy\u0142oni\u0142a laureat\u00f3w. Jak podsumowano tegoroczn\u0105 edycj\u0119 Konkursu i jakich argument\u00f3w u\u017cyto przy ocenie ogrod\u00f3w? <\/strong><\/p>\n<p>Jak podaje Komisja, wszystkie zg\u0142oszone do Konkursu ogrody zas\u0142uguj\u0105 na wyr\u00f3\u017cnienie, ale regulamin \u015bci\u015ble okre\u015bla wy\u0142onienie tylko trzech laureat\u00f3w, kt\u00f3rym przyznano najwy\u017csz\u0105 ilo\u015b\u0107 punkt\u00f3w za: og\u00f3lny porz\u0105dek w ogrodzie &#8211; wra\u017cenie estetyczne; dob\u00f3r gatunkowy drzew, krzew\u00f3w, bylin, traw i kwiat\u00f3w jednorocznych; cz\u0119\u015b\u0107 wypoczynkowo &#8211; ozdobn\u0105: trawniki, zadrzewienie, ogr\u00f3dek skalny, rabaty kwiatowe, ukwiecenie taras\u00f3w, werand, balkon\u00f3w; ma\u0142\u0105 architektur\u0119 ogrodow\u0105; utrzymanie trawnik\u00f3w; obiekty sanitarne &#8211; \u015bmietnik, szambo, kompostownik; inne efektowne i nowatorskie walory ogrodu.<\/p>\n<p><strong>Ostatecznie laureatami tegorocznej edycji Konkursu zostali:<\/strong><\/p>\n<p><strong>I miejsce<\/strong> \u2013 Dorota i Tadeusz Wiska, zam. Sadole\u015b<\/p>\n<p><strong>II miejsce<\/strong> \u2013 Marzena i Grzegorz Niegowscy, zam. Zalesie<\/p>\n<p><strong>III miejsce<\/strong> \u2013 Iwona i Mariusz Doboszowie, zam. Sadowne<\/p>\n<p><strong>Wyr\u00f3\u017cnienia otrzymuj\u0105:<\/strong><\/p>\n<p>&#8211; Dorota i Marek Szczechurowie, zam. Sadowne<\/p>\n<p>&#8211; Iwona i Piotr Olkowscy, zam. Oci\u0119te<\/p>\n<p><strong>Oficjalne podsumowanie Konkursu \u201eNajpi\u0119kniejszy ogr\u00f3d Gminy Sadowne 2017\u201d i wr\u0119czenie nagr\u00f3d odb\u0119dzie si\u0119 podczas tegorocznych Do\u017cynek Gminno \u2013 Parafialnych w Sadownem, kt\u00f3re planowane s\u0105 na 15 sierpnia br. <\/strong><\/p>\n<p>Tym razem laureaci otrzymaj\u0105 cenne nagrody od g\u0142\u00f3wnego sponsora Konkursu, kt\u00f3rym jest p. Tomasz Gajewski \u2013 w\u0142a\u015bciciel PSB Mr\u00f3wka Sadowne. Dodatkowe nagrody &#8211; niespodzianki dla wyr\u00f3\u017cnionych za innowacyjno\u015b\u0107 i ciekawy pomys\u0142, wart rozpropagowania i na\u015bladownictwa w naszych ogrodach, sponsoruje p. Sylwia Filipiak \u2013 w\u0142a\u015bciciel Sklepu Ogrodniczego AGAWA w Sadownem.<\/p>\n<p><strong>Organizatorzy dzi\u0119kuj\u0105 wszystkim uczestnikom Konkursu<\/strong><strong>\u00a0<\/strong><strong>za udzia\u0142 w nim i ju\u017c teraz zapraszaj\u0105 do udzia\u0142u w kolejnej edycji \u2013 oczywi\u015bcie za rok. A teraz obejrzyjmy efekty pracy naszych lokalnych ogrodnik\u00f3w \u2013 <a href=\"https:\/\/photos.app.goo.gl\/jpUFbgjN8AwmZzuF6\" target=\"_blank\" rel=\"noopener noreferrer\"><span style=\"color: #0000ff;\">zdj\u0119cia w galerii Google&gt;&gt;&gt;<\/span><\/a><\/strong><\/p>\n<p><strong>Tekst\/foto:<\/strong> S\u0142awek Chyli\u0144ski<\/p>\n","protected":false},"excerpt":{"rendered":"<p>Zako\u0144czy\u0142a si\u0119 druga edycja organizowanego przez Gminny O\u015brodek Kultury w Sadownem Konkursu pn. \u201eNajpi\u0119kniejszy ogr\u00f3d Gminy Sadowne\u201d. Prezentujemy Pa\u0144stwu jego wyniki.<\/p>\n","protected":false},"author":1,"featured_media":0,"comment_status":"closed","ping_status":"closed","sticky":false,"template":"","format":"standard","meta":{"footnotes":""},"categories":[5,91,6],"tags":[169,2378,614],"class_list":["post-16255","post","type-post","status-publish","format-standard","hentry","category-newsy","category-gminny-osrodek-kultury","category-kultura-rozrywka-edukacja","tag-gminny-osrodek-kultury-w-sadownem","tag-konkurs-najpiekniejszy-ogrod-gminy-sadowne-2017","tag-wojt-gminy-sadowne"],"views":3211,"_links":{"self":[{"href":"https:\/\/info.sadowne.pl\/index.php?rest_route=\/wp\/v2\/posts\/16255","targetHints":{"allow":["GET"]}}],"collection":[{"href":"https:\/\/info.sadowne.pl\/index.php?rest_route=\/wp\/v2\/posts"}],"about":[{"href":"https:\/\/info.sadowne.pl\/index.php?rest_route=\/wp\/v2\/types\/post"}],"author":[{"embeddable":true,"href":"https:\/\/info.sadowne.pl\/index.php?rest_route=\/wp\/v2\/users\/1"}],"replies":[{"embeddable":true,"href":"https:\/\/info.sadowne.pl\/index.php?rest_route=%2Fwp%2Fv2%2Fcomments&post=16255"}],"version-history":[{"count":3,"href":"https:\/\/info.sadowne.pl\/index.php?rest_route=\/wp\/v2\/posts\/16255\/revisions"}],"predecessor-version":[{"id":23118,"href":"https:\/\/info.sadowne.pl\/index.php?rest_route=\/wp\/v2\/posts\/16255\/revisions\/23118"}],"wp:attachment":[{"href":"https:\/\/info.sadowne.pl\/index.php?rest_route=%2Fwp%2Fv2%2Fmedia&parent=16255"}],"wp:term":[{"taxonomy":"category","embeddable":true,"href":"https:\/\/info.sadowne.pl\/index.php?rest_route=%2Fwp%2Fv2%2Fcategories&post=16255"},{"taxonomy":"post_tag","embeddable":true,"href":"https:\/\/info.sadowne.pl\/index.php?rest_route=%2Fwp%2Fv2%2Ftags&post=16255"}],"curies":[{"name":"wp","href":"https:\/\/api.w.org\/{rel}","templated":true}]}}