{"id":16270,"date":"2017-07-11T16:05:48","date_gmt":"2017-07-11T14:05:48","guid":{"rendered":"http:\/\/info.sadowne.pl\/?p=16270"},"modified":"2017-07-11T16:05:48","modified_gmt":"2017-07-11T14:05:48","slug":"5-minut-o-4","status":"publish","type":"post","link":"https:\/\/info.sadowne.pl\/?p=16270","title":{"rendered":"5 minut o\u2026"},"content":{"rendered":"<p><strong><img loading=\"lazy\" decoding=\"async\" class=\"alignleft size-thumbnail wp-image-7835\" src=\"http:\/\/info.sadowne.pl\/wp-content\/uploads\/2015\/02\/wojtcyran-180x130.jpg\" alt=\"\" width=\"180\" height=\"130\" srcset=\"https:\/\/info.sadowne.pl\/wp-content\/uploads\/2015\/02\/wojtcyran-180x130.jpg 180w, https:\/\/info.sadowne.pl\/wp-content\/uploads\/2015\/02\/wojtcyran-300x215.jpg 300w, https:\/\/info.sadowne.pl\/wp-content\/uploads\/2015\/02\/wojtcyran.jpg 784w\" sizes=\"auto, (max-width: 180px) 100vw, 180px\" \/>\u2026basenie k\u0105pielowym w Sadownem.<\/strong><!--more--><\/p>\n<p><strong>Witam Pa\u0144stwa!<\/strong><\/p>\n<p>Swego czasu obieca\u0142em Pa\u0144stwu, \u017ce za po\u015brednictwem dost\u0119pnego dla wi\u0119kszo\u015bci medi\u00f3w, w tym Internetu, b\u0119d\u0119 informowa\u0142 o wa\u017cnych wydarzeniach lub zamierzeniach inwestycyjnych Naszej Gminy. Przepraszam, ale w ostatnim czasie nadmiar obowi\u0105zk\u00f3w i dzia\u0142a\u0144 wchodz\u0105cych w zakres Urz\u0119du Gminy nie pozwoli\u0142y mi na zachowanie systematyczno\u015bci w tej dziedzinie. Jeszcze raz przepraszam i obiecuj\u0119\u2026 popraw\u0119.<\/p>\n<p><strong>Tym razem chcia\u0142bym Pa\u0144stwu przekaza\u0107 kilka zda\u0144 na temat sadowie\u0144skiego odkrytego basenu k\u0105pielowego, kt\u00f3ry jest letni\u0105 wizyt\u00f3wk\u0105 miejscowo\u015bci, a nawet ca\u0142ej Gminy Sadowne.<\/strong> Nie b\u0119d\u0105 one zawiera\u0142y zbyt optymistycznych informacji i wiem o tym bardzo dobrze. Ot\u00f3\u017c, ostatnie badania instytucji specjalistycznych wykaza\u0142y, \u017ce nasz basen ju\u017c si\u0119 znacznie \u201ewys\u0142u\u017cy\u0142\u201d, a jego struktura posiada uszkodzenia, kt\u00f3re znacz\u0105co wp\u0142ywaj\u0105 na jako\u015b\u0107 wody przeznaczonej do k\u0105pieli. Z tego te\u017c wzgl\u0119du nie wydano nam pozwolenia na uruchomienie tej p\u0142ywalni w bie\u017c\u0105cym roku.<\/p>\n<p><strong>Jak wszyscy wiedz\u0105, b<\/strong><strong>aseny k\u0105pielowe i wodne urz\u0105dzenia rekreacyjne spe\u0142niaj\u0105 wa\u017cn\u0105 rol\u0119 w promocji zdrowia ludzi, wywieraj\u0105c pozytywny wp\u0142yw na zdrowie ich u\u017cytkownik\u00f3w.<\/strong> Relaksacyjne w\u0142a\u015bciwo\u015bci k\u0105pieli s\u0105 coraz cz\u0119\u015bciej wykorzystywane jako spos\u00f3b wypoczynku i rekreacji. Dlatego woda w basenie k\u0105pielowym musi by\u0107 wolna od zanieczyszcze\u0144 mikrobiologicznych oraz chemicznych. Aktualnie obowi\u0105zuj\u0105ce przepisy m\u00f3wi\u0105, \u017ce w wodzie musi by\u0107 dodatkowo stale obecny \u015brodek dezynfekcyjny w st\u0119\u017ceniach dzia\u0142aj\u0105cych szybko i skutecznie na mikroorganizmy, wnoszone przez osoby korzystaj\u0105ce z k\u0105pieli. Nadz\u00f3r nad jako\u015bci\u0105 wody w basenach k\u0105pielowych prowadz\u0105 w\u0142a\u015bciwe organy Inspekcji Sanitarnej na podstawie Rozporz\u0105dzenie\u00a0Ministra Zdrowia z dnia 9 listopada\u00a02015 r. w sprawie wymaga\u0144, jakim\u00a0powinna odpowiada\u0107 woda na p\u0142ywalniach\u00a0(Dz. U. poz. 2016).<\/p>\n<p><strong>Nasz prawie pi\u0119\u0107dziesi\u0119cioletni basen ju\u017c si\u0119 troch\u0119 \u201ewys\u0142u\u017cy\u0142\u201d pomimo, i\u017c ka\u017cdego roku przed rozpocz\u0119ciem sezonu letniego wykonywano tam remonty.<\/strong> Ostatnie zimy, a zw\u0142aszcza wahania temperatur, doprowadzi\u0142y do naruszenia jego betonowej pow\u0142oki, kt\u00f3ra, cho\u0107 w minimalnym stopniu, ale przesta\u0142a bezpiecznie chroni\u0107 wod\u0119, kt\u00f3r\u0105 nape\u0142nia si\u0119 p\u0142ywalni\u0119, od zanieczyszczonej wody gruntowej. Struktura pow\u0142oki betonowej r\u00f3wnie\u017c zacz\u0119\u0142a ulega\u0107 degradacji i wp\u0142ywa\u0107 na jako\u015b\u0107 wody.<\/p>\n<p><strong>Od wiosny bie\u017c\u0105cego roku r\u00f3wnie\u017c prowadzone by\u0142y prace remontowe basenu, przygotowywano go do otwarcia z pocz\u0105tkiem miesi\u0105ca lipca.<\/strong> Zatrudnili\u015bmy tak\u017ce ratownika i ustalony zosta\u0142 harmonogram otwarcia basenu \u2013 wst\u0119pnie na miesi\u0105c lipiec. Kilkakrotne badania wody, prowadzone przez SANEPiD, uniemo\u017cliwi\u0142y jednak realizacj\u0119 tych plan\u00f3w, gdy\u017c zgodnie z obostrzonymi przepisami, o kt\u00f3rych m\u00f3wi\u0142em wcze\u015bniej, jako\u015b\u0107 mikrobiologiczna tej wody nie spe\u0142nia\u0142a wszystkich warunk\u00f3w sanitarno \u2013 higienicznych. Informacj\u0119 tak\u0105 otrzyma\u0142em tu\u017c przed planowanym otwarciem basenu, dlatego te\u017c zosta\u0142o ono odwo\u0142ane. A przyczyna? Om\u00f3wi\u0142em j\u0105 na pocz\u0105tku i zapewniam, \u017ce nie chodzi tu o jako\u015b\u0107 wody z naszego wodoci\u0105gu, z kt\u00f3rego nape\u0142niany jest basen k\u0105pielowy, a jedyn\u0105 przyczyn\u0105 tej sytuacji s\u0105 skutki p\u00f3\u0142wiecznego u\u017cytkowania odkrytego betonowego obiektu.<\/p>\n<p><strong>A co dalej?<\/strong> \u2013 zapytacie na pewno Pa\u0144stwo. W bie\u017c\u0105cym roku ju\u017c niestety nie b\u0119dziemy mogli skorzysta\u0107 z k\u0105pieli w naszym basenie. Zapewne Pa\u0144stwa pogl\u0105d na t\u0119 spraw\u0119 jest identyczny z moim \u2013 wszyscy chcemy, aby Sadowne nadal mog\u0142o pochwali\u0107 si\u0119 sezonowym basenem k\u0105pielowym, kt\u00f3ry jest jedyny w powiecie w\u0119growskim. Wi\u0119kszo\u015b\u0107 z nas, a w szczeg\u00f3lno\u015bci nasi najm\u0142odsi, marzy o korzystaniu z bezpiecznych k\u0105pieli wodnych podczas upalnych dni. Tak wi\u0119c, postaramy si\u0119 przyst\u0105pi\u0107 do renowacji odkrytej p\u0142ywalni. Koszt takich dzia\u0142a\u0144, oczywi\u015bcie na miar\u0119 naszych mo\u017cliwo\u015bci i w celu doprowadzenia obiektu do stanu u\u017cywalno\u015bci, b\u0119dzie znaczny i konieczne b\u0119dzie wydzielenie stosownej kwoty z naszego, niezbyt bogatego bud\u017cetu. My\u015bl\u0119, \u017ce inwestycja ta, wymagaj\u0105ca te\u017c czasu, b\u0119dzie cieszy\u0142a si\u0119 Pa\u0144stwa poparciem. Takie s\u0105 plany na dzie\u0144 dzisiejszy.<\/p>\n<p><strong>Jeszcze raz przepraszam za wynik\u0142e w sezonie letnim niedogodno\u015bci. \u017bycz\u0119 udanych i spokojnych wakacji. Pozdrawiam!<\/strong><\/p>\n<p><strong>Waldemar Cyran \u2013 W\u00f3jt Gminy Sadowne \u00a0<\/strong><\/p>\n","protected":false},"excerpt":{"rendered":"<p>\u2026basenie k\u0105pielowym w Sadownem.<\/p>\n","protected":false},"author":1,"featured_media":0,"comment_status":"closed","ping_status":"closed","sticky":false,"template":"","format":"standard","meta":{"footnotes":""},"categories":[1204,5,41],"tags":[2496,1033,614],"class_list":["post-16270","post","type-post","status-publish","format-standard","hentry","category-5-minut-o","category-newsy","category-wiesci-gminne","tag-5-minut-o-baseni-w-sadownem","tag-waldemar-cyran","tag-wojt-gminy-sadowne"],"views":3317,"_links":{"self":[{"href":"https:\/\/info.sadowne.pl\/index.php?rest_route=\/wp\/v2\/posts\/16270","targetHints":{"allow":["GET"]}}],"collection":[{"href":"https:\/\/info.sadowne.pl\/index.php?rest_route=\/wp\/v2\/posts"}],"about":[{"href":"https:\/\/info.sadowne.pl\/index.php?rest_route=\/wp\/v2\/types\/post"}],"author":[{"embeddable":true,"href":"https:\/\/info.sadowne.pl\/index.php?rest_route=\/wp\/v2\/users\/1"}],"replies":[{"embeddable":true,"href":"https:\/\/info.sadowne.pl\/index.php?rest_route=%2Fwp%2Fv2%2Fcomments&post=16270"}],"version-history":[{"count":1,"href":"https:\/\/info.sadowne.pl\/index.php?rest_route=\/wp\/v2\/posts\/16270\/revisions"}],"predecessor-version":[{"id":16271,"href":"https:\/\/info.sadowne.pl\/index.php?rest_route=\/wp\/v2\/posts\/16270\/revisions\/16271"}],"wp:attachment":[{"href":"https:\/\/info.sadowne.pl\/index.php?rest_route=%2Fwp%2Fv2%2Fmedia&parent=16270"}],"wp:term":[{"taxonomy":"category","embeddable":true,"href":"https:\/\/info.sadowne.pl\/index.php?rest_route=%2Fwp%2Fv2%2Fcategories&post=16270"},{"taxonomy":"post_tag","embeddable":true,"href":"https:\/\/info.sadowne.pl\/index.php?rest_route=%2Fwp%2Fv2%2Ftags&post=16270"}],"curies":[{"name":"wp","href":"https:\/\/api.w.org\/{rel}","templated":true}]}}