{"id":16281,"date":"2017-07-16T13:41:33","date_gmt":"2017-07-16T11:41:33","guid":{"rendered":"http:\/\/info.sadowne.pl\/?p=16281"},"modified":"2020-04-24T14:13:00","modified_gmt":"2020-04-24T12:13:00","slug":"festyn-wakacyjny","status":"publish","type":"post","link":"https:\/\/info.sadowne.pl\/?p=16281","title":{"rendered":"Festyn Wakacyjny!"},"content":{"rendered":"<p><strong><img loading=\"lazy\" decoding=\"async\" class=\"alignleft size-thumbnail wp-image-16282\" src=\"http:\/\/info.sadowne.pl\/wp-content\/uploads\/2017\/07\/2017.07.16.1-180x130.jpg\" alt=\"\" width=\"180\" height=\"130\" \/>Muzyka, ta\u0144ce, \u015bpiew, zabawy \u2013 nie tylko dla dzieci. To Festyn Wakacyjny w Sadownem.<\/strong><!--more--><\/p>\n<p><strong>15 lipca mieszka\u0144cy Sadownego i okolic mieli okazj\u0119 spotka\u0107 si\u0119 na Festynie Wakacyjnym, kt\u00f3ry &#8211; jak co roku &#8211; organizuje dla nas Urz\u0105d Gminy w Sadownem i sadowie\u0144ski Gminny O\u015brodek Kultury.<\/strong><\/p>\n<p>W bie\u017c\u0105cym roku w rol\u0119 konferansjera wcieli\u0142 si\u0119 p. Marek Mudant, kt\u00f3ry da\u0142 si\u0119 ju\u017c pozna\u0107 w tej roli mieszka\u0144com Sadownego przy okazji wcze\u015bniejszych lokalnych spotka\u0144, zw\u0142aszcza organizowanych przez Sadowie\u0144ski Klub Seniora.<\/p>\n<p>W sobotnie popo\u0142udnie na skwerze przy Urz\u0119dzie Gminy na biesiadnik\u00f3w czeka\u0142y ju\u017c stoiska gastronomiczne, a w\u015br\u00f3d nich: grill, wata cukrowa, lody, popcorn, pra\u017cynki i oczywi\u015bcie\u2026 co\u015b do popicia tych specja\u0142\u00f3w. Dzieciaki natomiast mog\u0142y korzysta\u0107 ze zje\u017cd\u017calni, dmuchanego placu zabaw, a nawet przeja\u017cd\u017cki na kucyku. Dla wszystkich przygotowano te\u017c stoiska promocyjne Organizator\u00f3w, a tak\u017ce warsztaty ceramiczne, kt\u00f3re prowadzi\u0142a Pracownia Ceramiki GOK.<\/p>\n<p><strong>Ale na Festynie g\u0142\u00f3wne miejsce zajmowa\u0142a scena, wok\u00f3\u0142 kt\u00f3rej od godz. 17.00 gromadzi\u0142y si\u0119 dzieciaki. <\/strong>To one, jako pierwsze, sta\u0142y si\u0119 uczestnikami festynowych zabaw. W ramach specjalnego programu \u201eBaw si\u0119 z nami\u201d animatorzy zaanga\u017cowali je do konkurs\u00f3w i zabaw, wsp\u00f3lnego grania i \u015bpiewania, popis\u00f3w cyrkowych i weso\u0142ej zabawy w czary. By\u0142a te\u017c super niespodzianka \u2013 piesek, kt\u00f3ry da\u0142 te\u017c pokaz swoich umiej\u0119tno\u015bci.<\/p>\n<p><strong>Jeszcze przed godz. 19.00 na scen\u0119 wkroczy\u0142a ze swoim programem Zumba Fitness Magdalena Kalniuk<\/strong> &#8211; instruktor Zumby od 3 lat. Od tego roku tak\u017ce instruktor Strong by Zumba. Prowadzi zaj\u0119cia w Stoczku, Miedznej, \u0141ochowie i T\u0142uszczu. Magda to wulkan energii, kt\u00f3ry sprawia, \u017ce na zaj\u0119ciach jest energetycznie, \u015bmiesznie, weso\u0142o i&#8230;mokro.\u00a0 Uwielbia kontakt z lud\u017ami, to w\u0142a\u015bnie oni s\u0105 jej si\u0142\u0105 nap\u0119dow\u0105.\u00a0 Jak sama m\u00f3wi \u201enie ma nic bardziej zadowalaj\u0105cego ni\u017c widok mokrych koszulek uczestnik\u00f3w i u\u015bmiech od ucha do ucha\u201d. Zapowied\u017a dynamicznego ta\u0144ca i w jego wyniku mokrych koszulek sprawdzi\u0142a si\u0119. Zabawa przednia, ale wymagaj\u0105ca kondycji.<\/p>\n<p><strong>Po wyst\u0119pie odby\u0142o si\u0119 oficjalne otwarcie imprezy \u2013 Festynu Wakacyjnego 2017 w Sadownem. W imieniu Organizator\u00f3w mieszka\u0144c\u00f3w Gminy i go\u015bci powita\u0142 W\u00f3jt Gminy Sadowne p. Waldemar Cyran i Dyrektor Gminnego O\u015brodka Kultury w Sadownem p. Ewa Pi\u00f3rkowska. <\/strong><\/p>\n<p>A bezpo\u015brednio po nich rozpocz\u0119\u0142a si\u0119 zabawa dla troszk\u0119 starszych uczestnik\u00f3w Festynu. Swoje umiej\u0119tno\u015bci muzyczne i wokalne prezentowali na scenie:<\/p>\n<p><strong>&#8211; coverowy zesp\u00f3\u0142 muzyczny \u201eBananas Band\u201d<\/strong> &#8211; znany m. in. z autoryzowanej wersji przeboju <em>SHALALA LALA <\/em>grupy Vengaboys. Tym razem prezentowa\u0142 program pt. \u201eZ\u0142ote Przeboje\u201d,<\/p>\n<p><strong>&#8211; Zesp\u00f3\u0142 \u201eBayera\u201d, kt\u00f3ry na scenie disco polowej istniej od 2014 roku.<\/strong> Posiada jednak ogromn\u0105 popularno\u015b\u0107, szczeg\u00f3lnie w\u015br\u00f3d p\u0142ci pi\u0119knej. Sta\u0142o si\u0119 to g\u0142\u00f3wnie za spraw\u0105 lidera formacji: Rados\u0142awa Kudelskiego. To w\u0142a\u015bnie on jest generatorem pozytywnej energii na koncertach i g\u0142\u00f3wnym bohaterem klip\u00f3w zespo\u0142u. Poza nim w sk\u0142ad ekipy wchodzi r\u00f3wnie\u017c Micha\u0142 Winiecki, pe\u0142ni\u0105cy funkcje managera i producenta muzycznego.<br \/>\n&#8222;Buzi buzi daj&#8221;, &#8222;Mog\u0119 mie\u0107 wszystko&#8221;, czy &#8222;Ca\u0142uje mnie&#8221; to piosenki, przy kt\u00f3rych nie da si\u0119 spokojnie usiedzie\u0107 w miejscu. Tak by\u0142o i tym razem, kiedy lider grupy porywa\u0142 ca\u0142\u0105 publiczno\u015b\u0107 dzi\u0119ki swojej ekspresji, pewno\u015bci siebie i po prostu \u015bwietnej zabawie!<\/p>\n<p><strong>&#8211; <\/strong><strong>oko\u0142o 21.00 scen\u0105 zaw\u0142adn\u0105\u0142 Zesp\u00f3\u0142 Freaky Boys w sk\u0142adzie Mariusz Majewski i Krystian Nowak.<\/strong><\/p>\n<p>Pierwszy z nich posiada pseudonim artystyczny MaYOman. Ju\u017c na pocz\u0105tku swojej kariery wsp\u00f3\u0142pracowa\u0142 z wielkimi polskimi zespo\u0142ami. W roku 1990 z zespo\u0142em Reds, w latach od 1990 do 1992 z zespo\u0142em Kult i z zespo\u0142em De Mono w roku 1992 i 1993. Wsp\u00f3\u0142praca ta nie wype\u0142nia\u0142a jednak w ca\u0142o\u015bci zami\u0142owania do muzyki Pana Mariusza. W 1993 roku podj\u0105\u0142 on decyzj\u0119 o wyemigrowaniu z kraju w kierunku Stan\u00f3w Zjednoczonych. Wyjazd ten by\u0142 kluczowy dla MaYOman\u2019a poniewa\u017c to w\u0142a\u015bnie dzi\u0119ki niemu artysta pozna\u0142 i zainteresowa\u0142 si\u0119 muzyk\u0105 klubow\u0105. By\u0142 to punkt zwrotny w jego karierze i to w\u0142a\u015bnie od tego momentu porzuci\u0142 zaw\u00f3d muzyka i zmieni\u0142 si\u0119 w DJ\u2019a. Obecnie opr\u00f3cz bycia cz\u0119\u015bci\u0105 Freaky Boys jest cz\u0142onkiem Power 5 gdzie gra razem z DJ\u2019em Bogdanem Fabia\u0144skim i DJ\u2019em Paw\u0142em Bobrowskim.<\/p>\n<p>Drugim cz\u0142onkiem zespo\u0142u Freaky Boys jest wokalista Krystian Nowak. Mieszka on w Warszawie, jednak pewne jest, \u017ce zamieszkiwa\u0142 r\u00f3wnie\u017c pi\u0119kne tereny Ibizy. Jest to bardzo \u017cywio\u0142owa i pozytywna posta\u0107 na polskiej scenie muzyki tanecznej i bez w\u0105tpienia robi niebanalne wra\u017cenie przede wszystkim na \u017ce\u0144skiej cz\u0119\u015bci publiczno\u015bci. Przykuwa uwag\u0119 nie tylko swoim g\u0142osem, ale r\u00f3wnie\u017c \u015bwietnym wygl\u0105dem i doskona\u0142ymi ruchami scenicznymi, kt\u00f3re z pewno\u015bci\u0105 porw\u0105 r\u00f3wnie\u017c i was do ta\u0144ca.<br \/>\nCo by nie m\u00f3wi\u0107, ich muzyka, jak sami okre\u015blaj\u0105 &#8211; dance, house i club, porywa do wsp\u00f3lnej zabawy. To prawda, \u017ce ci\u0119\u017cko jest siedzie\u0107 czy sta\u0107 w miejscu, kiedy Freaky Boys wchodzi na scen\u0119!<\/p>\n<p><strong>A na koniec i do rana\u2026 dyskoteka pod gwiazdami z Zespo\u0142em Makler z Wysokiego Mazowieckiego w sk\u0142adzie: <\/strong><strong>Sylwester W\u0142ostowski, Kamil Wojtkowski i Krzysztof Grabowski.<\/strong> Wszechstronna muzyka, kt\u00f3r\u0105 g\u0142\u00f3wnie prezentuj\u0105 podczas wesel, studni\u00f3wek, sylwestr\u00f3w, bal\u00f3w, 18-stek i innych imprez, sprawdza si\u0119 w pe\u0142ni podczas takich imprez plenerowych, jakim by\u0142 Festyn Wakacyjny w Sadownem.<\/p>\n<p>Co tu du\u017co m\u00f3wi\u0107, by\u0142o moc zabawy i wra\u017ce\u0144. Festyn uda\u0142 i oby cz\u0119\u015bciej takie imprezy odbywa\u0142y si\u0119 w Sadownem.<\/p>\n<p><strong>Ale, ale\u2026 Organizatorzy Festynu pragn\u0105 te\u017c podzi\u0119kowa\u0107 przy tej okazji firmom wspieraj\u0105cym wydarzenia kulturalne, rozrywkowe oraz sportowe na terenie Gminy Sadowne. Dzi\u0119ki nim mo\u017cemy uczestniczy\u0107 w wielu, wielu udanych imprezach. S\u0105 to:<\/strong><\/p>\n<p>&#8211; \u201eEF Trading\u201d &#8211; Emil Filipiak<\/p>\n<p>&#8211; \u201eMr\u00f3wka\u201d Sadowne &#8211; Tomasz Gajewski<\/p>\n<p>&#8211; Piekarnia \u2013 Grzegorz Opieka<\/p>\n<p>&#8211; Zak\u0142ad Produkcji Maszyn Rolniczych \u201ePromar\u201d \u2013 Dariusz Nowak<\/p>\n<p>&#8211; Sklep \u201eRobert\u201d \u2013 Robert Zawadzki<\/p>\n<p>&#8211; Kwiaciarnia \u2013 Barbara Filipiak<\/p>\n<p>&#8211; Sklep Ogrodniczy \u201eAgawa\u201d &#8211; Sylwia Filipiak<\/p>\n<p>&#8211; Kawiarnia \u201eMarica\u201d &#8211; Ryszard Zawadzki<\/p>\n<p>&#8211; Salon kosmetyczny i stylizacja paznokci &#8211; Martyna Wronek<\/p>\n<p>&#8211; Salon fryzjerski &#8211; Ewa Nied\u017awied\u017a \u2013 Wronek<\/p>\n<p><em>&#8211; Salon fryzjerski<\/em> \u201eARTISTIC TREND\u201d &#8211; Ma\u0142gorzata Ardzi\u0144ska<\/p>\n<p>&#8211; Mechanika pojazdowa \u2013 Wojciech Kukwa<\/p>\n<p>&#8211; Agencja Ubezpieczeniowa PZU &#8211; Piotr Olkowski<\/p>\n<p>&#8211; Salon fryzjerski i kosmetyczny &#8211; Monika Filipiak<\/p>\n<p>&#8211; Mobilny Salon Kosmetyczny \u2013 Anna Gaca<\/p>\n<p>&#8211; Studio fotograficzne &#8211; Mateusz Gaca<\/p>\n<p>&#8211; Biuro Rachunkowe \u201eProsperus\u201d &#8211; Agnieszka Szyma\u0144czyk<\/p>\n<p>&#8211; Restauracja \u201eZa\u015bcianek Nowy Styl\u201d \u2013 Henryk Klimek<\/p>\n<p>&#8211; Gospodarstwo Szk\u00f3\u0142karskie \u2013 Marek Pu\u015bcion<\/p>\n<p>&#8211; \u201eAuto Cz\u0119\u015bci Kowalczyk\u201d \u2013 Piotr Kowalczyk<\/p>\n<p>&#8211; \u201eDrewpol\u201d &#8211;\u00a0 Marek Pu\u015bcion<\/p>\n<p>&#8211; \u201eSadpol\u201d Sadowne &#8211; Bogdan Skwarczy\u0144ski<\/p>\n<p>&#8211; \u201eAuto-Moto\u201d &#8211; \u0141ukasz Puchta<\/p>\n<p>&#8211; \u201eDrewsad\u201d &#8211; S\u0142awomir Postek i Andrzej Postek<\/p>\n<p>&#8211; \u201eOn-trak\u201d Stacja Paliw \u2013 Kazimierz Klimek<\/p>\n<p>&#8211; \u201eDrewax\u201d Grabiny \u2013 Pawe\u0142 Rogala i Janusz Rogala<\/p>\n<p>&#8211; Zak\u0142ad Produkcyjny Drewna Eksportowego \u201eDiana\u201d \u2013 Jacek Rostek<\/p>\n<p>I oczywi\u015bcie, jak przy wielu imprezach w Sadownem, patronat medialny \u2013 Portal INFO Sadowne.<\/p>\n<p><a href=\"https:\/\/photos.app.goo.gl\/1FWxziYhzgCNnXPS9\" target=\"_blank\" rel=\"noopener noreferrer\"><span style=\"color: #0000ff;\"><strong>Zdj\u0119cia w galerii Google&gt;&gt;&gt;<\/strong><\/span><\/a><\/p>\n<p><strong>Tekst\/foto: <\/strong>S\u0142awek Chyli\u0144ski<\/p>\n","protected":false},"excerpt":{"rendered":"<p>Muzyka, ta\u0144ce, \u015bpiew, zabawy \u2013 nie tylko dla dzieci. To Festyn Wakacyjny w Sadownem.<\/p>\n","protected":false},"author":1,"featured_media":0,"comment_status":"closed","ping_status":"closed","sticky":false,"template":"","format":"standard","meta":{"footnotes":""},"categories":[5,91,6],"tags":[2491,169,142],"class_list":["post-16281","post","type-post","status-publish","format-standard","hentry","category-newsy","category-gminny-osrodek-kultury","category-kultura-rozrywka-edukacja","tag-festyn-wakacyjny-2017-w-sadownem","tag-gminny-osrodek-kultury-w-sadownem","tag-urzad-gminy-sadowne"],"views":4996,"_links":{"self":[{"href":"https:\/\/info.sadowne.pl\/index.php?rest_route=\/wp\/v2\/posts\/16281","targetHints":{"allow":["GET"]}}],"collection":[{"href":"https:\/\/info.sadowne.pl\/index.php?rest_route=\/wp\/v2\/posts"}],"about":[{"href":"https:\/\/info.sadowne.pl\/index.php?rest_route=\/wp\/v2\/types\/post"}],"author":[{"embeddable":true,"href":"https:\/\/info.sadowne.pl\/index.php?rest_route=\/wp\/v2\/users\/1"}],"replies":[{"embeddable":true,"href":"https:\/\/info.sadowne.pl\/index.php?rest_route=%2Fwp%2Fv2%2Fcomments&post=16281"}],"version-history":[{"count":3,"href":"https:\/\/info.sadowne.pl\/index.php?rest_route=\/wp\/v2\/posts\/16281\/revisions"}],"predecessor-version":[{"id":23116,"href":"https:\/\/info.sadowne.pl\/index.php?rest_route=\/wp\/v2\/posts\/16281\/revisions\/23116"}],"wp:attachment":[{"href":"https:\/\/info.sadowne.pl\/index.php?rest_route=%2Fwp%2Fv2%2Fmedia&parent=16281"}],"wp:term":[{"taxonomy":"category","embeddable":true,"href":"https:\/\/info.sadowne.pl\/index.php?rest_route=%2Fwp%2Fv2%2Fcategories&post=16281"},{"taxonomy":"post_tag","embeddable":true,"href":"https:\/\/info.sadowne.pl\/index.php?rest_route=%2Fwp%2Fv2%2Ftags&post=16281"}],"curies":[{"name":"wp","href":"https:\/\/api.w.org\/{rel}","templated":true}]}}