{"id":16347,"date":"2017-07-28T07:45:56","date_gmt":"2017-07-28T05:45:56","guid":{"rendered":"http:\/\/info.sadowne.pl\/?p=16347"},"modified":"2017-07-28T07:45:56","modified_gmt":"2017-07-28T05:45:56","slug":"pomnik-bedzie-odnowiony","status":"publish","type":"post","link":"https:\/\/info.sadowne.pl\/?p=16347","title":{"rendered":"Pomnik b\u0119dzie odnowiony!"},"content":{"rendered":"<p><strong><a href=\"http:\/\/info.sadowne.pl\/wp-content\/uploads\/2017\/07\/2017.07.28.1.jpg\" target=\"_blank\" rel=\"noopener noreferrer\"><img loading=\"lazy\" decoding=\"async\" class=\"alignleft wp-image-16348 size-thumbnail\" src=\"http:\/\/info.sadowne.pl\/wp-content\/uploads\/2017\/07\/2017.07.28.1-180x130.jpg\" alt=\"\" width=\"180\" height=\"130\" \/><\/a>S\u0105 pieni\u0105dze na odnowienie pomnika \u017co\u0142nierzy poleg\u0142ych w kampanii wrze\u015bniowej 1939 roku na naszym cmentarzu!<\/strong><!--more--><\/p>\n<p>Ministerstwo Kultury i Dziedzictwa Narodowego pozytywnie rozpatrzy\u0142o wniosek i przyzna\u0142o 60 tysi\u0119cy na remont pomnika \u017co\u0142nierzy 33 Dywizji Piechoty poleg\u0142ych w kampanii wrze\u015bniowej na cmentarzu w Sadownem.\u00a0 Program opieki nad miejscami pami\u0119ci jest realizowany przy udziale Wojewody Mazowieckiego.<\/p>\n<p><strong>Marek Renik<\/strong><\/p>\n","protected":false},"excerpt":{"rendered":"<p>S\u0105 pieni\u0105dze na odnowienie pomnika \u017co\u0142nierzy poleg\u0142ych w kampanii wrze\u015bniowej 1939 roku na naszym cmentarzu!<\/p>\n","protected":false},"author":1,"featured_media":0,"comment_status":"closed","ping_status":"closed","sticky":false,"template":"","format":"standard","meta":{"footnotes":""},"categories":[5,41],"tags":[471,395,2509],"class_list":["post-16347","post","type-post","status-publish","format-standard","hentry","category-newsy","category-wiesci-gminne","tag-cmentarz-w-sadownem","tag-marek-renik","tag-pomnik-poleglych-zolnierzy"],"views":3103,"_links":{"self":[{"href":"https:\/\/info.sadowne.pl\/index.php?rest_route=\/wp\/v2\/posts\/16347","targetHints":{"allow":["GET"]}}],"collection":[{"href":"https:\/\/info.sadowne.pl\/index.php?rest_route=\/wp\/v2\/posts"}],"about":[{"href":"https:\/\/info.sadowne.pl\/index.php?rest_route=\/wp\/v2\/types\/post"}],"author":[{"embeddable":true,"href":"https:\/\/info.sadowne.pl\/index.php?rest_route=\/wp\/v2\/users\/1"}],"replies":[{"embeddable":true,"href":"https:\/\/info.sadowne.pl\/index.php?rest_route=%2Fwp%2Fv2%2Fcomments&post=16347"}],"version-history":[{"count":1,"href":"https:\/\/info.sadowne.pl\/index.php?rest_route=\/wp\/v2\/posts\/16347\/revisions"}],"predecessor-version":[{"id":16349,"href":"https:\/\/info.sadowne.pl\/index.php?rest_route=\/wp\/v2\/posts\/16347\/revisions\/16349"}],"wp:attachment":[{"href":"https:\/\/info.sadowne.pl\/index.php?rest_route=%2Fwp%2Fv2%2Fmedia&parent=16347"}],"wp:term":[{"taxonomy":"category","embeddable":true,"href":"https:\/\/info.sadowne.pl\/index.php?rest_route=%2Fwp%2Fv2%2Fcategories&post=16347"},{"taxonomy":"post_tag","embeddable":true,"href":"https:\/\/info.sadowne.pl\/index.php?rest_route=%2Fwp%2Fv2%2Ftags&post=16347"}],"curies":[{"name":"wp","href":"https:\/\/api.w.org\/{rel}","templated":true}]}}